{"id":1247717,"date":"2026-08-19T20:52:20","date_gmt":"2026-08-19T20:52:20","guid":{"rendered":"https:\/\/www.europesays.com\/de\/1247717\/"},"modified":"2026-08-19T20:52:20","modified_gmt":"2026-08-19T20:52:20","slug":"waldbrandsaison-2026-feuerwehren-weiter-gefordert","status":"publish","type":"post","link":"https:\/\/www.europesays.com\/de\/1247717\/","title":{"rendered":"Waldbrandsaison 2026 &#8211; Feuerwehren weiter gefordert"},"content":{"rendered":"<p>\t\t\t\t<a href=\"https:\/\/www.hallelife.de\/wp-content\/uploads\/2026\/08\/Feuerwehr-im-Waldbrand-Einsatz-ChatGPT-Image-19.-Aug.-2026-21_33_58.jpg\" rel=\"nofollow noopener\" target=\"_blank\"><br \/>\n\t\t\t<img alt=\"Waldbrandsaison 2026 \u2013 Feuerwehren weiter gefordert\" src=\"https:\/\/www.europesays.com\/de\/wp-content\/uploads\/2026\/08\/Feuerwehr-im-Waldbrand-Einsatz-ChatGPT-Image-19.-Aug.-2026-21_33_58-1440x564_c.jpg\" decoding=\"async\" class=\"lazyload\" data-eio-rwidth=\"1440\" data-eio-rheight=\"564\"\/>\t\t<\/a><\/p>\n<p>\n\t\t\tFeuerwehr im Waldbrand-Einsatz &#8211; Ki generiertes Beispielbild\t\t<\/p>\n<p>\t\t\t\t&#13;<br \/>\n\t\t\t\t\t\t\t&#13;<br \/>\n\t\t\t\t\tvon <a href=\"https:\/\/www.hallelife.de\/author\/hallelifeme-com\/\" title=\"Beitr\u00e4ge von hallelife.de - Redaktion\" rel=\"author nofollow noopener\" target=\"_blank\">hallelife.de &#8211; Redaktion<\/a>\t\t\t\t&#13;<br \/>\n\t\t\t\t\t\t\t\t\t\t<a href=\"https:\/\/www.hallelife.de\/2026\/08\/\" rel=\"nofollow noopener\" target=\"_blank\">19. August 2026<\/a>&#13;<\/p>\n<p>\t\t58 Wald- und Vegetationsbr\u00e4nde seit Beginn der Saison<\/p>\n<p class=\"caps\">\u00a0<\/p>\n<p data-start=\"766\" data-end=\"1099\">Die langen Trockenphasen und hohen Temperaturen haben Sachsen-Anhalt in diesem Sommer bereits mehrfach vor gro\u00dfe Herausforderungen gestellt. Seit Beginn der Waldbrandsaison wurden bis Ende Juli landesweit <strong data-start=\"971\" data-end=\"1005\">58 Wald- und Vegetationsbr\u00e4nde<\/strong> registriert. Insgesamt waren rund <strong data-start=\"1040\" data-end=\"1053\">29 Hektar<\/strong> betroffen, darunter <strong data-start=\"1074\" data-end=\"1098\">18 Hektar Waldfl\u00e4che<\/strong>.<\/p>\n<p data-start=\"1101\" data-end=\"1281\">Dank des schnellen und professionellen Eingreifens der Feuerwehren und weiterer Einsatzkr\u00e4fte konnten zahlreiche Br\u00e4nde fr\u00fchzeitig einged\u00e4mmt und gr\u00f6\u00dfere Sch\u00e4den verhindert werden.<\/p>\n<p data-start=\"1283\" data-end=\"1546\">Innenministerin Dr. Tamara Zieschang w\u00fcrdigte den Einsatz der Feuerwehrleute. Sie betonte, die Kameradinnen und Kameraden arbeiteten bei Wald- und Vegetationsbr\u00e4nden h\u00e4ufig \u00fcber viele Stunden unter gro\u00dfer k\u00f6rperlicher Belastung und teilweise erheblichen Gefahren.<\/p>\n<p>L\u00f6schflugzeug \u201eHexe 1\u201c unterst\u00fctzt Einsatzkr\u00e4fte<\/p>\n<p data-start=\"1602\" data-end=\"1797\">Bei den Br\u00e4nden in diesem Sommer waren zahlreiche haupt- und ehrenamtliche Einsatzkr\u00e4fte gefordert. Unterst\u00fctzung aus der Luft kam unter anderem durch das L\u00f6schflugzeug <strong data-start=\"1771\" data-end=\"1796\">\u201eHexe 1\u201c aus dem Harz<\/strong>.<\/p>\n<p data-start=\"1799\" data-end=\"2176\">Wie anspruchsvoll die Eins\u00e4tze sein k\u00f6nnen, zeigte zuletzt der Brand bei <strong data-start=\"1872\" data-end=\"1905\">Gernrode im Harz am 9. August<\/strong>. Dort standen etwa zwei Hektar Fl\u00e4che in Flammen. Die schwierige Hanglage erschwerte die L\u00f6scharbeiten erheblich. Mit Unterst\u00fctzung der \u201eHexe 1\u201c gelang es den Einsatzkr\u00e4ften jedoch, das Feuer schnell unter Kontrolle zu bringen und eine weitere Ausbreitung zu verhindern.<\/p>\n<p data-section-id=\"w7q133\" data-start=\"2178\" data-end=\"2233\"><img loading=\"lazy\" decoding=\"async\" class=\"aligncenter wp-image-2485  lazyload\" alt=\"\" width=\"504\" height=\"379\" src=\"https:\/\/www.europesays.com\/de\/wp-content\/uploads\/2026\/08\/Waldbrandgefahr.png\" data-eio-rwidth=\"270\" data-eio-rheight=\"203\"\/><\/p>\n<p>Waldbrandgefahr inzwischen regional unterschiedlich<\/p>\n<p data-start=\"2235\" data-end=\"2518\">Die Waldbrandgefahr ist in Sachsen-Anhalt nicht \u00fcberall gleich hoch. Das Land teilt die Waldfl\u00e4chen in regionale Waldbrandvorhersagegebiete ein. Die aktuelle Waldbrandgefahrenstufe reicht von <strong data-start=\"2427\" data-end=\"2479\">1 \u201esehr geringe Gefahr\u201c bis 5 \u201esehr hohe Gefahr\u201c<\/strong>.<\/p>\n<p data-start=\"2520\" data-end=\"2953\">Nach den aktuellen Entwicklungen hat sich die Situation inzwischen in einigen Regionen entspannt. <strong data-start=\"2618\" data-end=\"2692\">Im Harz ist die Waldbrandgefahr beispielsweise deutlich zur\u00fcckgegangen<\/strong>, sodass die Harzer Schmalspurbahnen seit Mittwoch wieder Dampflokomotiven auf der Brockenstrecke einsetzen. Ende Juli war dort wegen der Waldbrandgefahrenstufe 4 vor\u00fcbergehend ausschlie\u00dflich mit Dieselloks gefahren worden.<\/p>\n<p data-start=\"2955\" data-end=\"3200\"><strong>F\u00fcr Halle und den Saalekreis gilt: <\/strong><\/p>\n<p data-start=\"2955\" data-end=\"3200\">Die regionale Waldbrandgefahr sollte vor einem Aufenthalt im Wald immer aktuell gepr\u00fcft werden. Die Gefahrenstufen k\u00f6nnen sich abh\u00e4ngig von Wetter, Niederschlag und Vegetationszustand kurzfristig ver\u00e4ndern.<\/p>\n<p data-start=\"3202\" data-end=\"3239\"><a class=\"decorated-link\" href=\"https:\/\/landeszentrumwald.sachsen-anhalt.de\/waldschutz\/waldbrandschutz?utm_source=chatgpt.com\" target=\"_blank\" rel=\"noopener nofollow\">Aktuelle Waldbrandgefahrenstufen und Waldbrand-Dashboard des Landeszentrums Wald<\/a><\/p>\n<p>Was Waldbesucher beachten sollten<\/p>\n<p data-start=\"3280\" data-end=\"3637\">Das Land appelliert weiterhin an die Bev\u00f6lkerung, im Wald besonders vorsichtig zu sein. <strong data-start=\"3368\" data-end=\"3421\">Offenes Feuer ist im Wald grunds\u00e4tzlich verboten.<\/strong> Bereits ab Waldbrandgefahrenstufe 2 gilt zudem ein Rauchverbot im Wald und in dessen unmittelbarer N\u00e4he. Bei Stufe 5 darf der Wald au\u00dferhalb der Wege nicht mehr betreten werden.<\/p>\n<p data-start=\"3639\" data-end=\"3776\">Wer Rauch oder einen Waldbrand entdeckt, sollte <strong data-start=\"3687\" data-end=\"3712\">sofort den Notruf 112<\/strong> w\u00e4hlen und m\u00f6glichst genau angeben, wo sich der Brand befindet.<\/p>\n<p>58 Br\u00e4nde sind auch eine Warnung<\/p>\n<p data-start=\"3816\" data-end=\"4070\">Auch wenn sich die Situation regional inzwischen entspannt hat, zeigt die bisherige Bilanz, wie schnell sich die Lage in einem trockenen Sommer ver\u00e4ndern kann. F\u00fcr Feuerwehren bedeutet jeder Waldbrand einen oft schwierigen und personalintensiven Einsatz.<\/p>\n<p data-start=\"4072\" data-end=\"4254\">Die Innenministerin dankte deshalb ausdr\u00fccklich allen haupt- und ehrenamtlichen Einsatzkr\u00e4ften f\u00fcr ihren Einsatz und ihre Bereitschaft, Menschen, Natur und Infrastruktur zu sch\u00fctzen.<\/p>\n","protected":false},"excerpt":{"rendered":"Feuerwehr im Waldbrand-Einsatz &#8211; Ki generiertes Beispielbild &#13; &#13; von hallelife.de &#8211; Redaktion &#13; 19. August 2026&#13; 58&hellip;\n","protected":false},"author":2,"featured_media":1247718,"comment_status":"","ping_status":"","sticky":false,"template":"","format":"standard","meta":{"footnotes":"","_share_on_mastodon":"0"},"categories":[1860],"tags":[3364,29,548,663,3934,30,4062,17332,13,14,15,17331,860,12,5666],"class_list":["post-1247717","post","type-post","status-publish","format-standard","has-post-thumbnail","category-halle-saale","tag-de","tag-deutschland","tag-eu","tag-europa","tag-europe","tag-germany","tag-halle","tag-halle-saale","tag-headlines","tag-nachrichten","tag-news","tag-saale","tag-sachsen-anhalt","tag-schlagzeilen","tag-waldbrand"],"share_on_mastodon":{"url":"https:\/\/pubeurope.com\/@de\/117124160092457069","error":""},"_links":{"self":[{"href":"https:\/\/www.europesays.com\/de\/wp-json\/wp\/v2\/posts\/1247717","targetHints":{"allow":["GET"]}}],"collection":[{"href":"https:\/\/www.europesays.com\/de\/wp-json\/wp\/v2\/posts"}],"about":[{"href":"https:\/\/www.europesays.com\/de\/wp-json\/wp\/v2\/types\/post"}],"author":[{"embeddable":true,"href":"https:\/\/www.europesays.com\/de\/wp-json\/wp\/v2\/users\/2"}],"replies":[{"embeddable":true,"href":"https:\/\/www.europesays.com\/de\/wp-json\/wp\/v2\/comments?post=1247717"}],"version-history":[{"count":0,"href":"https:\/\/www.europesays.com\/de\/wp-json\/wp\/v2\/posts\/1247717\/revisions"}],"wp:featuredmedia":[{"embeddable":true,"href":"https:\/\/www.europesays.com\/de\/wp-json\/wp\/v2\/media\/1247718"}],"wp:attachment":[{"href":"https:\/\/www.europesays.com\/de\/wp-json\/wp\/v2\/media?parent=1247717"}],"wp:term":[{"taxonomy":"category","embeddable":true,"href":"https:\/\/www.europesays.com\/de\/wp-json\/wp\/v2\/categories?post=1247717"},{"taxonomy":"post_tag","embeddable":true,"href":"https:\/\/www.europesays.com\/de\/wp-json\/wp\/v2\/tags?post=1247717"}],"curies":[{"name":"wp","href":"https:\/\/api.w.org\/{rel}","templated":true}]}}