{"id":1247843,"date":"2026-08-19T22:10:29","date_gmt":"2026-08-19T22:10:29","guid":{"rendered":"https:\/\/www.europesays.com\/de\/1247843\/"},"modified":"2026-08-19T22:10:29","modified_gmt":"2026-08-19T22:10:29","slug":"dresdener-jan-josef-liefers-bei-lanz-precht-das-sagt-er-zur-afd","status":"publish","type":"post","link":"https:\/\/www.europesays.com\/de\/1247843\/","title":{"rendered":"Dresdener Jan Josef Liefers bei Lanz &#038; Precht: Das sagt er zur AfD"},"content":{"rendered":"<p>Dresdner Schauspieler <\/p>\n<p>Liefers vergleicht AfD-Erfolg im Osten mit alten DDR-Reflexen<\/p>\n<p>Aktualisiert am 19.08.2026 &#8211; 22:14 UhrLesedauer: 2 Min.<\/p>\n<p><a href=\"#focus-0\" class=\"transition-colors block text-current relative\" data-sctrack=\"FocusGalleryImage.Reference\"><img fetchpriority=\"high\" data-testid=\"Opener.Image\"   loading=\"eager\" src=\"https:\/\/www.europesays.com\/de\/wp-content\/uploads\/2026\/08\/jan-josef-liefers-der-schauspieler-verkoerpert-den-muensteraner-tatort-kommissar-karl-friedrich-boer.jpeg\" alt=\"Jan Josef Liefers: Der Schauspieler verk\u00f6rpert den M\u00fcnsteraner &quot;Tatort&quot;-Kommissar Karl-Friedrich Boerne.\" title=\"Jan Josef Liefers: Der Schauspieler verk\u00f6rpert den M\u00fcnsteraner &quot;Tatort&quot;-Kommissar Karl-Friedrich Boerne.\" width=\"3134\" height=\"1763\" class=\"bg-[url:var(--lqipURL)] bg-cover bg-center flex h-full w-full max-w-full\" style=\"--lqipURL:url('https:\/\/images.t-online.de\/2025\/12\/MogiNndr9XjL\/73x119:3134x1763\/fit-in\/150x0\/filters:blur(25)\/jan-josef-liefers-der-schauspieler-verkoerpert-den-muensteraner-tatort-kommissar-karl-friedrich-boerne.jpg')\" decoding=\"async\"\/><img loading=\"lazy\" src=\"https:\/\/dresden.t-online.de\/s\/paper\/_next\/static\/media\/zoom-in.f7dae02f.svg\" alt=\"Vergr\u00f6\u00dfern des Bildes\" title=\"Vergr\u00f6\u00dfern des Bildes\" class=\"block h-[calc(var(--height)_\/_16_*_1rem)] w-[calc(var(--width)_\/_16_*_1rem)] max-w-none absolute right-8 bottom-8 rounded-4 bg-snow p-8\" style=\"--width:32;--height:32\" decoding=\"async\"\/><\/a><\/p>\n<p>Jan Josef Liefers (Archivbild): Der Schauspieler verk\u00f6rpert den M\u00fcnsteraner &#8222;Tatort&#8220;-Kommissar Karl-Friedrich Boerne. (Quelle: IMAGO \/ Christoph Hardt \/ Panama Pictures)<\/p>\n<p><img loading=\"lazy\" src=\"https:\/\/dresden.t-online.de\/s\/paper\/_next\/static\/media\/audio-volume.6689034c.svg\" alt=\"\" title=\"\" class=\"block h-[calc(var(--height)_\/_16_*_1rem)] w-[calc(var(--width)_\/_16_*_1rem)] max-w-none group-hover:brightness-0 group-hover:invert\" style=\"--width:16;--height:16\" decoding=\"async\"\/>Vorlesen<\/p>\n<p>Aktuelle Zeit:0:00Gesamtdauer:0:00<\/p>\n<p>1x<img loading=\"lazy\" src=\"https:\/\/dresden.t-online.de\/s\/paper\/_next\/static\/media\/font-sizes.32942e33.svg\" alt=\"\" title=\"\" class=\"block h-[calc(var(--height)_\/_16_*_1rem)] w-[calc(var(--width)_\/_16_*_1rem)] max-w-none group-hover:hidden group-aria-expanded:hidden\" style=\"--width:16;--height:16\" decoding=\"async\"\/><img loading=\"lazy\" src=\"https:\/\/dresden.t-online.de\/s\/paper\/_next\/static\/media\/font-sizes-dark-mode.e382645c.svg\" alt=\"\" title=\"\" class=\"block h-[calc(var(--height)_\/_16_*_1rem)] w-[calc(var(--width)_\/_16_*_1rem)] max-w-none hidden group-hover:block group-aria-expanded:block\" style=\"--width:16;--height:16\" decoding=\"async\"\/><img loading=\"lazy\" src=\"https:\/\/dresden.t-online.de\/s\/paper\/_next\/static\/media\/sharing-menu-icon.1eb71368.svg\" alt=\"\" title=\"\" class=\"block h-[calc(var(--height)_\/_16_*_1rem)] w-[calc(var(--width)_\/_16_*_1rem)] max-w-none group-hover:brightness-0 group-hover:invert\" style=\"--width:16;--height:16\" decoding=\"async\"\/>Artikel teilen<\/p>\n<p class=\"font-bold text-18 leading-17 user-text-lg:text-22 user-text-xl:text-24\">Bei Markus Lanz und Richard David Precht spricht Jan Josef Liefers \u00fcber die AfD im Osten. Dabei widerspricht er sich innerhalb weniger Minuten selbst.<\/p>\n<p class=\"text-18 leading-17 user-text-lg:text-22 user-text-xl:text-24\">Jan Josef Liefers hat sich im Podcast &#8222;Lanz &amp; Precht&#8220; zur AfD und zur bevorstehenden Landtagswahl in Sachsen-Anhalt ge\u00e4u\u00dfert \u2013 und sich dabei im Gespr\u00e4chsverlauf mehrfach selbst widersprochen. Drei Wochen vor der Wahl war der in Dresden geborene Schauspieler von Mallorca aus zu Markus Lanz und Richard David Precht zugeschaltet.<\/p>\n<p class=\"text-18 leading-17 user-text-lg:text-22 user-text-xl:text-24\">Er berichtete zun\u00e4chst von seiner DDR-Kindheit, in der man im \u00f6ffentlichen Raum anders gesprochen habe als zu Hause, und zeigte sich verwundert dar\u00fcber, dass die AfD nun ausgerechnet in den neuen Bundesl\u00e4ndern mit einer &#8222;relativ autorit\u00e4ren Agenda&#8220; re\u00fcssiere. Auf Nachfrage Prechts, worin diese Agenda denn bestehe, relativierte er seine Aussage jedoch: Das &#8222;autorit\u00e4re Ding&#8220; sehe er eigentlich nicht so stark, st\u00f6rend seien f\u00fcr ihn eher Debatten um Nationalismus und &#8222;Deutschsein&#8220;.<\/p>\n<p>Liefers berichtet von Dreharbeiten in Sachsen-Anhalt<\/p>\n<p class=\"text-18 leading-17 user-text-lg:text-22 user-text-xl:text-24\">Precht selbst zweifelte an der Bedrohung durch eine m\u00f6gliche AfD-Regierung: Weder ein gro\u00dfer ideologischer Umbau noch ein Bruch der Landesverfassung seien wahrscheinlich, allenfalls Einfluss auf die Besetzung des MDR-Intendantenpostens. Liefers erg\u00e4nzte, eine AfD-Regierung werde ohnehin an handfesten Erfolgen gemessen \u2013 etwa daran, ob Menschen sich sicher in ihrem Job f\u00fchlten oder eine Wohnung f\u00e4nden \u2013 und weniger am Umgang mit dem \u00f6ffentlich-rechtlichen Rundfunk.<\/p>\n<p class=\"text-18 leading-17 user-text-lg:text-22 user-text-xl:text-24\">Von seinen j\u00fcngsten Dreharbeiten in Sachsen-Anhalt zur Verfilmung von Juli Zehs Roman &#8222;\u00dcber Menschen&#8220; berichtete Liefers ebenfalls: Angesichts der AfD-Umfragewerte sei er mit der Erwartung angereist, in einem als extrem geltenden Umfeld zu drehen \u2013 stattdessen sei er auf freundliche, interessierte Menschen getroffen. Lanz best\u00e4tigte \u00c4hnliches von eigenen Dreharbeiten in Mecklenburg-Vorpommern und wandte sich gegen das Klischee vom abgeh\u00e4ngten Landbewohner im Osten.<\/p>\n<p>Manches erinnert Liefers inzwischen wieder an die DDR<\/p>\n<p class=\"text-18 leading-17 user-text-lg:text-22 user-text-xl:text-24\">Im weiteren Gespr\u00e4ch n\u00e4herte sich Liefers&#8216; Sichtweise wieder seiner urspr\u00fcnglichen Position an: Manches erinnere ihn inzwischen an fr\u00fchere Zeiten im Osten, wo Menschen Manipulationsversuche besonders sensibel wahrn\u00e4hmen.<\/p>\n<p class=\"text-18 leading-17 user-text-lg:text-22 user-text-xl:text-24\">Er zitierte dazu den r\u00f6mischen Redner Cicero, wonach zur\u00fcckgewonnene Freiheit &#8222;mit sch\u00e4rferen Z\u00e4hnen&#8220; bei\u00dfe als Freiheit, die nie gef\u00e4hrdet gewesen sei.<\/p>\n","protected":false},"excerpt":{"rendered":"Dresdner Schauspieler Liefers vergleicht AfD-Erfolg im Osten mit alten DDR-Reflexen Aktualisiert am 19.08.2026 &#8211; 22:14 UhrLesedauer: 2 Min.&hellip;\n","protected":false},"author":2,"featured_media":1244347,"comment_status":"","ping_status":"","sticky":false,"template":"","format":"standard","meta":{"footnotes":"","_share_on_mastodon":"0"},"categories":[1776],"tags":[722,3176,186,1801,129,29,2386,214,30,7616,131216,99561,474,2496,1802,106603,860,215],"class_list":["post-1247843","post","type-post","status-publish","format-standard","has-post-thumbnail","category-prominente","tag-722","tag-3176","tag-afd","tag-celebrities","tag-ddr","tag-deutschland","tag-dresden","tag-entertainment","tag-germany","tag-jan-josef-liefers","tag-karl-friedrich-boerne","tag-landtagswahl-sachsen-anhalt","tag-mallorca","tag-markus-lanz","tag-prominente","tag-richard-david-precht","tag-sachsen-anhalt","tag-unterhaltung"],"share_on_mastodon":{"url":"https:\/\/pubeurope.com\/@de\/117124469272786832","error":""},"_links":{"self":[{"href":"https:\/\/www.europesays.com\/de\/wp-json\/wp\/v2\/posts\/1247843","targetHints":{"allow":["GET"]}}],"collection":[{"href":"https:\/\/www.europesays.com\/de\/wp-json\/wp\/v2\/posts"}],"about":[{"href":"https:\/\/www.europesays.com\/de\/wp-json\/wp\/v2\/types\/post"}],"author":[{"embeddable":true,"href":"https:\/\/www.europesays.com\/de\/wp-json\/wp\/v2\/users\/2"}],"replies":[{"embeddable":true,"href":"https:\/\/www.europesays.com\/de\/wp-json\/wp\/v2\/comments?post=1247843"}],"version-history":[{"count":0,"href":"https:\/\/www.europesays.com\/de\/wp-json\/wp\/v2\/posts\/1247843\/revisions"}],"wp:featuredmedia":[{"embeddable":true,"href":"https:\/\/www.europesays.com\/de\/wp-json\/wp\/v2\/media\/1244347"}],"wp:attachment":[{"href":"https:\/\/www.europesays.com\/de\/wp-json\/wp\/v2\/media?parent=1247843"}],"wp:term":[{"taxonomy":"category","embeddable":true,"href":"https:\/\/www.europesays.com\/de\/wp-json\/wp\/v2\/categories?post=1247843"},{"taxonomy":"post_tag","embeddable":true,"href":"https:\/\/www.europesays.com\/de\/wp-json\/wp\/v2\/tags?post=1247843"}],"curies":[{"name":"wp","href":"https:\/\/api.w.org\/{rel}","templated":true}]}}