{"id":1247897,"date":"2026-08-19T22:47:17","date_gmt":"2026-08-19T22:47:17","guid":{"rendered":"https:\/\/www.europesays.com\/de\/1247897\/"},"modified":"2026-08-19T22:47:17","modified_gmt":"2026-08-19T22:47:17","slug":"queer-durchs-tal-startet-queere-kulturwochen-und-csd-wuppertal-2026-blickfeld","status":"publish","type":"post","link":"https:\/\/www.europesays.com\/de\/1247897\/","title":{"rendered":"Queer durchs Tal startet: Queere Kulturwochen und CSD Wuppertal 2026 &#8211; blickfeld"},"content":{"rendered":"<p class=\"wp-block-paragraph\">Getreu dem <strong>diesj\u00e4hrigen CSD-Motto \u201eQueeres Leben braucht Verb\u00fcndete\u201c<\/strong> bieten verschiedene lokale Akteur:innen w\u00e4hrend der <strong>queeren Kulturwochen<\/strong> ein vielf\u00e4ltiges Programm an. In \u00fcber <strong>20 Angeboten<\/strong> k\u00f6nnen Interessierte zum Beispiel <strong>Empowerment durch Tanz<\/strong> erfahren, beim <strong>Konzert von <a href=\"https:\/\/www.franzi-rockzz.de\/\" target=\"_blank\" rel=\"noreferrer noopener nofollow\">Franzi Rockzz<\/a> im <a href=\"https:\/\/www.spunk-wuppertal.de\/\" target=\"_blank\" rel=\"noreferrer noopener nofollow\">Spunk<\/a><\/strong> feiern oder beim <strong>Antidiskriminierungsworkshop <\/strong>von <strong><a href=\"https:\/\/www.aug.nrw\/\" target=\"_blank\" rel=\"noreferrer noopener nofollow\">ANDERS&amp;GLEICH<\/a><\/strong> und <strong><a href=\"https:\/\/wuppertal.schlau.nrw\/\" target=\"_blank\" rel=\"noreferrer noopener nofollow\">SCHLAU Wuppertal<\/a><\/strong> Einblicke in<strong> queere Lebensweisen<\/strong> gewinnen. Das vollst\u00e4ndige <strong>Programm <\/strong>ist unter <a href=\"https:\/\/csd-wuppertal.de\/\" target=\"_blank\" rel=\"noreferrer noopener nofollow\">www.csd-wuppertal.de<\/a> einzusehen.<\/p>\n<p>CSD-Motto: \u201eQueeres Leben braucht Verb\u00fcndete\u201c<\/p>\n<p class=\"wp-block-paragraph\">Die <strong>Kulturwochen <\/strong>finden ihren H\u00f6hepunkt in der <strong>CSD-Demonstration<\/strong>, bei der f\u00fcr <strong>Gleichberechtigung, demokratische Werte und Sicherheit f\u00fcr queeres Leben<\/strong> auf die Stra\u00dfe gegangen wird. \u201eDer <strong>Anschlag<\/strong> auf den <strong>CSD in Berlin<\/strong> vor wenigen Wochen zeigt auf traurige und erschreckende Weise, dass queere Sichtbarkeit noch immer bedroht wird und die <strong>Akzeptanz von vielf\u00e4ltigen Lebensweisen<\/strong> keine Selbstverst\u00e4ndlichkeit ist\u201c, so die Wuppertaler Organisator:innen. Das diesj\u00e4hrige Motto betont deutlich, worauf es jetzt ankommt: \u201eEs braucht ein <strong>starkes B\u00fcndnis<\/strong> aus Vereinen, Unternehmen, Einzelpersonen und der ganzen Stadtgesellschaft, das sichtbar <strong>Haltung f\u00fcr Vielfalt und Akzeptanz<\/strong> zeigt und gemeinsam mit der queeren Community am 12. September auf die Stra\u00dfe geht.\u201c<\/p>\n<p>Unterst\u00fctze die CampusZeitung blickfeld<\/p>\n<p><strong>Schon ein kleiner Beitrag hilft uns, unseren Job noch besser zu machen!<\/strong> So kannst du uns unterst\u00fctzen:<\/p>\n<p>Abo per <a class=\"gofollow\" data-track=\"MTIsMCwxMA==\" href=\"https:\/\/steadyhq.com\/de\/blickfeld-wuppertal\" rel=\"noopener noreferrer nofollow\" target=\"_blank\">Steady<\/a>, <a class=\"gofollow\" data-track=\"MTIsMCwxMA==\" href=\"https:\/\/www.paypal.me\/blickfeldwtal\" rel=\"noopener noreferrer nofollow\" target=\"_blank\">Einmalzahlung<\/a> oder <a class=\"gofollow\" data-track=\"MTIsMCwxMA==\" href=\"https:\/\/www.blickfeld-wuppertal.de\/anzeigen-abo\/werbeanzeige-schalten\" rel=\"noopener noreferrer nofollow\" target=\"_blank\">Anzeige<\/a><\/p>\n<p>Damit wir unser Engagement ausbauen k\u00f6nnen, ist eure Unterst\u00fctzung gefragt &#8211; f\u00fcr mehr Recherchen und Berichte.<\/p>\n<p><strong>Ihr k\u00f6nnt uns mit einem monatlichen oder einmaligen Beitrag unterst\u00fctzen oder eine Anzeige schalten.<\/strong><\/p>\n<p><a class=\"gofollow\" data-track=\"MTIsMCwxMA==\" href=\"https:\/\/steadyhq.com\/de\/blickfeld-wuppertal\" rel=\"noopener noreferrer nofollow\" target=\"_blank\">Abo per Steady<\/a> | <a class=\"gofollow\" data-track=\"MTIsMCwxMA==\" href=\"https:\/\/www.paypal.me\/blickfeldwtal\" rel=\"noopener noreferrer nofollow\" target=\"_blank\">Einmalzahlung mit PayPal<\/a> | <a class=\"gofollow\" data-track=\"MTIsMCwxMA==\" href=\"https:\/\/www.blickfeld-wuppertal.de\/anzeigen-abo\/werbeanzeige-schalten\" rel=\"noopener noreferrer nofollow\" target=\"_blank\">Anzeige schalten<\/a><\/p>\n<p>Zur CampusZeitung blickfeld:<\/p>\n<p>Seit 2011 versorgen wir als <a class=\"gofollow\" data-track=\"MTIsMCwxMA==\" href=\"https:\/\/www.blickfeld-wuppertal.de\/ueber-uns\" rel=\"noopener noreferrer nofollow\" target=\"_blank\">unabh\u00e4ngiges Medium an der Bergischen Universit\u00e4t Wuppertal<\/a> die Studierenden, Mitarbeiter\/-innen und alle Interessierten aus dem Bergischen St\u00e4dtedreieck und dar\u00fcber hinaus mit Nachrichten vom Campus und aus dem Tal. Unsere <strong>Unabh\u00e4ngigkeit<\/strong> ist unsere st\u00e4rkste Eigenschaft. Wir sind weder eine Zeitung des Allgemeinen Studierendenausschusses (AStA) noch eine Publikation unter der Schirmherrschaft der Universit\u00e4t. Damit sind wir keinen fremden Interessen verpflichtet, k\u00f6nnen frei Themen w\u00e4hlen und dabei auch unbequem werden. <a class=\"gofollow\" data-track=\"MTIsMCwxMA==\" href=\"https:\/\/www.blickfeld-wuppertal.de\/ueber-uns\" rel=\"noopener noreferrer nofollow\" target=\"_blank\">Mehr \u00fcber uns &#8230;<\/a><\/p>\n<p>CSD in Wuppertal mit Demonstration und Party in der b\u00f6rse<\/p>\n<p class=\"wp-block-paragraph\">Die <strong>Demoaufstellung <\/strong>beginnt am <strong>12. September 2026 ab 13 Uhr<\/strong> auf dem <strong>Johannes-Rau-Platz<\/strong>. Die Demo startet um <strong>14 Uhr<\/strong> und zieht \u00fcber die B7, wo sie gegen <strong>17 Uhr in Elberfeld am D\u00f6ppersberg<\/strong> endet. Begleitet wird der diesj\u00e4hrige Demozug von <strong>zwei DJs<\/strong>.<\/p>\n<p class=\"wp-block-paragraph\">Im <strong>Anschluss an die Demonstration<\/strong> steigt ab 19 Uhr die offizielle <strong>CSD-Party in der <a href=\"https:\/\/dieboerse-wtal.de\/\" target=\"_blank\" rel=\"noreferrer noopener nofollow\">b\u00f6rse<\/a><\/strong>. W\u00e4hrend des <strong>Slow Openings<\/strong> soll es die M\u00f6glichkeit geben, verschiedene Organisationen, die sich f\u00fcr <strong>queere Rechte<\/strong> engagieren, an kleinen <strong>Informationsst\u00e4nden <\/strong>kennenzulernen. \u201eUm in <strong>Feierlaune <\/strong>zu kommen, startet um 20 Uhr eine <strong>Dragshow<\/strong> und danach bieten <strong>Sets von queeren DJs aus ganz NRW<\/strong> eine Mischung aus Pop \u00fcber House bis hin zu Techno f\u00fcr eine unvergessliche Partynacht\u201c, versprechen die Organisator:innen.<\/p>\n<p class=\"wp-block-paragraph\">Vorverkaufstickets k\u00f6nnen \u00fcber <a href=\"https:\/\/www.wuppertal-live.de\/\" target=\"_blank\" rel=\"noreferrer noopener nofollow\">wuppertal-live.de<\/a> erworben werden. \u00bb<a href=\"https:\/\/www.blickfeld-wuppertal.de\/ueber-uns\/blickfeld-redaktion\" rel=\"nofollow noopener\" target=\"_blank\">red<\/a>\u00ab<\/p>\n","protected":false},"excerpt":{"rendered":"Getreu dem diesj\u00e4hrigen CSD-Motto \u201eQueeres Leben braucht Verb\u00fcndete\u201c bieten verschiedene lokale Akteur:innen w\u00e4hrend der queeren Kulturwochen ein vielf\u00e4ltiges&hellip;\n","protected":false},"author":2,"featured_media":1247898,"comment_status":"","ping_status":"","sticky":false,"template":"","format":"standard","meta":{"footnotes":"","_share_on_mastodon":"0"},"categories":[1840],"tags":[30546,665,3364,29,30,1209,21469,16375,4418],"class_list":["post-1247897","post","type-post","status-publish","format-standard","has-post-thumbnail","category-wuppertal","tag-csd","tag-boerse","tag-de","tag-deutschland","tag-germany","tag-nordrhein-westfalen","tag-queer","tag-red","tag-wuppertal"],"share_on_mastodon":{"url":"https:\/\/pubeurope.com\/@de\/117124611823118644","error":""},"_links":{"self":[{"href":"https:\/\/www.europesays.com\/de\/wp-json\/wp\/v2\/posts\/1247897","targetHints":{"allow":["GET"]}}],"collection":[{"href":"https:\/\/www.europesays.com\/de\/wp-json\/wp\/v2\/posts"}],"about":[{"href":"https:\/\/www.europesays.com\/de\/wp-json\/wp\/v2\/types\/post"}],"author":[{"embeddable":true,"href":"https:\/\/www.europesays.com\/de\/wp-json\/wp\/v2\/users\/2"}],"replies":[{"embeddable":true,"href":"https:\/\/www.europesays.com\/de\/wp-json\/wp\/v2\/comments?post=1247897"}],"version-history":[{"count":0,"href":"https:\/\/www.europesays.com\/de\/wp-json\/wp\/v2\/posts\/1247897\/revisions"}],"wp:featuredmedia":[{"embeddable":true,"href":"https:\/\/www.europesays.com\/de\/wp-json\/wp\/v2\/media\/1247898"}],"wp:attachment":[{"href":"https:\/\/www.europesays.com\/de\/wp-json\/wp\/v2\/media?parent=1247897"}],"wp:term":[{"taxonomy":"category","embeddable":true,"href":"https:\/\/www.europesays.com\/de\/wp-json\/wp\/v2\/categories?post=1247897"},{"taxonomy":"post_tag","embeddable":true,"href":"https:\/\/www.europesays.com\/de\/wp-json\/wp\/v2\/tags?post=1247897"}],"curies":[{"name":"wp","href":"https:\/\/api.w.org\/{rel}","templated":true}]}}