{"id":1247920,"date":"2026-08-19T23:00:21","date_gmt":"2026-08-19T23:00:21","guid":{"rendered":"https:\/\/www.europesays.com\/de\/1247920\/"},"modified":"2026-08-19T23:00:21","modified_gmt":"2026-08-19T23:00:21","slug":"milliardenklage-gegen-zuckerbergs-meta-vergebt-ihnen-nicht-denn-sie-wissen-was-sie-tun","status":"publish","type":"post","link":"https:\/\/www.europesays.com\/de\/1247920\/","title":{"rendered":"Milliardenklage gegen Zuckerbergs Meta: Vergebt ihnen nicht, denn sie wissen, was sie tun!"},"content":{"rendered":"<p class=\"tspCKpk tspCKpl\">Was f\u00fcr eine Summe: 200 Milliarden Dollar. So viel hat Meta, der Konzern hinter Facebook, Instagram und WhatsApp, im Jahr 2025 eingenommen. Und genau so viel Strafe fordern in einem <a href=\"https:\/\/www.tagesspiegel.de\/internationales\/rob-bonta-will-gerechtigkeit-dieser-mann-fordert-eine-milliardenstrafe-von-zuckerbergs-meta-konzern-15959392.html?icid=in-text-link_15959855\" class=\"link link--internal\" data-gtm-class=\"article-text-link\" data-gtm-val=\"internal\" rel=\"nofollow noopener\" target=\"_blank\">noch nie dagewesenen Prozess jetzt 29 US-Bundesstaaten<\/a>.<\/p>\n<p class=\"tspCKpk\">Vor dem Gericht in kalifornischen Oakland geht es zum einen darum, dass Meta besonders Kinder und Jugendliche durch Funktionen wie das sogenannte Endlos-Scrollen, dauernde Benachrichtigungen und \u201eGef\u00e4llt mir\u201c-Z\u00e4hlungen regelrecht s\u00fcchtig nach seinen Plattformen gemacht hat. Und au\u00dferdem darum, ob Meta gelogen hat: s\u00fcchtig machende Funktionen entwickelt, aber \u00f6ffentlich behauptet, <a href=\"https:\/\/www.tagesspiegel.de\/gesundheit\/digitale-medien-und-depressive-jugend-es-konnte-auch-an-der-art-der-inhalte-liegen-15793501.html?icid=in-text-link_15959855\" class=\"link link--internal\" data-gtm-class=\"article-text-link\" data-gtm-val=\"internal\" rel=\"nofollow noopener\" target=\"_blank\">sie seien unbedenklich<\/a>.<\/p>\n<p><img decoding=\"async\" src=\"https:\/\/www.europesays.com\/de\/wp-content\/uploads\/2026\/08\/farangies-2025-tagesspiegel-02.jpeg\"   alt=\"Farangies Ghafoor, Autorenbild, 2025\" width=\"80\" height=\"80\" loading=\"lazy\" class=\"tspAYi1\"\/><\/p>\n<p class=\"tspC1qw\"><strong>Farangies Ghafoor<\/strong> ist Redakteurin im Wissensressort. Sie beobachtet ein typisches Muster bei Tech-Plattformen: Erst locken diese mit einem guten Angebot f\u00fcr User, dann verschlechtern sie es zugunsten von Werbekunden bis am Ende alle User den K\u00fcrzeren ziehen, nur der Konzern nicht.<\/p>\n<p class=\"tspCKpk\">Die Anklage kann sich dabei auf die sogenannten \u201eFacebook Files\u201c von 2021 berufen. Damals machte die Ex-Facebook-Mitarbeiterin <a href=\"https:\/\/www.tagesspiegel.de\/gesellschaft\/whistleblowerin-frances-haugen-niemand-mag-mark-zuckerberg-10004230.html?icid=in-text-link_15959855\" class=\"link link--internal\" data-gtm-class=\"article-text-link\" data-gtm-val=\"internal\" rel=\"nofollow noopener\" target=\"_blank\">Frances Haugen<\/a> als Whistleblowerin \u00f6ffentlich, dass man bei Meta intern sehr wohl wusste, wie sch\u00e4dlich einzelne Funktionen der Plattformen sind.<\/p>\n<p> Wissen und Leugnen <\/p>\n<p class=\"tspCKpk\">Wissen und Leugnen und das mit gesundheitsrelevanten Folgen \u2013 damit kennen die Amerikaner sich aus. Daher muss man, wenn es um das potenziell sch\u00e4dliche Design von Facebook und Instagram geht, auf die \u201eBig Tobacco\u201c-Prozesse der 1990er Jahre verweisen.<\/p>\n<p class=\"tspCKpk\">Damals wurde auch nicht verhandelt, ob die Zigarette ein gef\u00e4hrliches Produkt ist, sondern, dass die f\u00fchrenden Tabakkonzerne, darunter Philip Morris, British American Tobacco und R. J. Reynolds, \u00fcber Jahrzehnte wussten, was ihre Produkte gesundheitlich anrichten \u2013 aber \u00f6ffentlich das Gegenteil behaupteten.<\/p>\n<p class=\"tspCKpk\">Die US-Tabakindustrie wurde in den fr\u00fchen 2000er Jahren zu Rekordzahlungen von mehr als 200 Milliarden US-Dollar an 46 US-Bundesstaaten verurteilt und musste jahrzehntelange L\u00fcgen \u00f6ffentlich widerrufen.<\/p>\n<p class=\"tspCKpk\">So verlockend die Parallele ist, so angreifbar ist sie aber in zumindest einem Punkt: Es fehlt bislang eine wissenschaftlich anerkannte Diagnose <a href=\"https:\/\/www.tagesspiegel.de\/wissen\/endlos-informiert-endlos-erschopft-warum-wir-standig-zum-handy-greifen--und-was-das-mit-uns-macht-12873160.html?icid=in-text-link_15959855\" class=\"link link--internal\" data-gtm-class=\"article-text-link\" data-gtm-val=\"internal\" rel=\"nofollow noopener\" target=\"_blank\">\u201eSocial-Media-Sucht\u201c<\/a>, und Metas Argument, psychische Gesundheit lasse sich nicht auf einen einzelnen Dienst zur\u00fcckf\u00fchren, stimmt auch so weit. Was vergleichbar ist, ist die Irref\u00fchrung und Verschleierung der Suchtgefahren, die damals der Tabak, heute die Social-Media-Plattformen haben.<\/p>\n<p class=\"tspCKpk\">Alle gro\u00dfen sozialen Medien sind heute darauf ausgelegt, ihre Nutzerinnen und Nutzer so lange wie m\u00f6glich am Bildschirm zu halten. Denn jede zus\u00e4tzliche Minute im Feed sp\u00fclt mehr Werbung ein und liefert mehr Daten dar\u00fcber, wie genau man die User ansprechen kann. Und das ist Geld wert, Millionen und Abermillionen in jeder W\u00e4hrung der Welt.<\/p>\n<p class=\"tspCKpk\">Es w\u00e4re nur konsequent, genau dieses Geld auch wieder herzugeben, sollte sich herausstellen, dass die Konzerne \u00fcber die Mittel, mit denen sie diese Ziele erreicht haben, gelogen haben.<\/p>\n<p class=\"tspCKpk\">Der Prozess in den USA setzt bei einer Pr\u00e4misse an, die der deutschen Debatte gut stehen w\u00fcrde: dass nicht der Zugang zu einer Plattform das Problem ist, sondern wie sie gebaut ist.<\/p>\n<p class=\"tspCKpk\">Der Diskurs hierzulande fixierte sich zuletzt fast ausschlie\u00dflich auf die Frage: Ab welchem Alter darf man soziale Medien nutzen? Das ist zu bequem gedacht. Denn das eigentliche Problem sind Plattformen, die darauf ausgelegt sind, Menschen nie wieder loszulassen, sobald sie sie einmal haben. Altersgrenzen, die dazu noch wissenschaftlich kaum fundiert sind, verschieben das Problem nur.<\/p>\n<p class=\"tspCKpk\">Wie es anders geht, zeigt New Mexico. Der US-Bundesstaat hat Meta bereits zweimal verurteilt. Das Gericht ordnete neben millionenschwerem Bu\u00dfgeld auch an, die Like-Z\u00e4hler bei Minderj\u00e4hrigen zu verstecken und die Nutzung auf drei Stunden t\u00e4glich zu begrenzen. Regulierung, die am Design ansetzt.<\/p>\n<p class=\"tspCKpk\">Auch der Prozess in Oakland ist nur eine weitere Schlacht. Zeitgleich l\u00e4uft in Tennessee ein weiterer Prozess. Dazu kommen Tausende Einzelklagen von Familien und Schuldistrikten. <a href=\"https:\/\/www.tagesspiegel.de\/wissen\/social-media-verbot-fur-die-jugend-das-ist-keine-fursorge-sondern-kapitulation-15254403.html?icid=in-text-link_15959855\" class=\"link link--internal\" data-gtm-class=\"article-text-link\" data-gtm-val=\"internal\" rel=\"nofollow noopener\" target=\"_blank\">Im Februar verlor Meta<\/a> dort bereits den ersten Fall: 4,2 Millionen Dollar Schadenersatz erhielt eine junge Frau, die meinte, als Kind schon einer Abh\u00e4ngigkeit verfallen gewesen zu sein.<\/p>\n<p class=\"tspCKpk\">Eine einzelne Klage mag Meta kaum schaden, doch die Zahl an Verfahren, verlorenen Prozessen und Vergleichen erzeugt Druck. Kann der Konzern sich dem auf Dauer entziehen? In Oakland stehen mehr als die H\u00e4lfte der US-Bundesstaaten \u2013 29 an der Zahl \u2013 auf der Kl\u00e4gerseite. Das kann Hoffnung machen.<\/p>\n<p>Lesen Sie mehr zum Thema<a href=\"https:\/\/www.tagesspiegel.de\/wissen\/tiktok-macht-suchtig-sagt-die-eu-kann-man-social-media-plattformen-jetzt-verklagen-15235128.html?icid=topic-list_15959855___\" data-gtm-class=\"article-mzt-link\" data-hydrate-fingerprint=\"09740a54944caac75fd2c0c63fd5c5df\" data-hydrate-props=\"{&amp;escapedquot;element&amp;escapedquot;:{&amp;escapedquot;type&amp;escapedquot;:&amp;escapedquot;relatedContent&amp;escapedquot;,&amp;escapedquot;fieldMap&amp;escapedquot;:{},&amp;escapedquot;relation&amp;escapedquot;:{&amp;escapedquot;fields&amp;escapedquot;:{&amp;escapedquot;isPaid&amp;escapedquot;:true},&amp;escapedquot;href&amp;escapedquot;:&amp;escapedquot;\/wissen\/tiktok-macht-suchtig-sagt-die-eu-kann-man-social-media-plattformen-jetzt-verklagen-15235128.html&amp;escapedquot;,&amp;escapedquot;teaserTitle&amp;escapedquot;:{&amp;escapedquot;headline&amp;escapedquot;:&amp;escapedquot;Wissen Social-Media-Firmen, was sie anrichten k\u00f6nnen?&amp;escapedquot;,&amp;escapedquot;kicker&amp;escapedquot;:&amp;escapedquot;Die EU erkl\u00e4rt TikTok offiziell zum Problem&amp;escapedquot;},&amp;escapedquot;id&amp;escapedquot;:&amp;escapedquot;15235128&amp;escapedquot;,&amp;escapedquot;type&amp;escapedquot;:&amp;escapedquot;story&amp;escapedquot;},&amp;escapedquot;isPartOfList&amp;escapedquot;:true,&amp;escapedquot;topicListType&amp;escapedquot;:&amp;escapedquot;topic-list&amp;escapedquot;},&amp;escapedquot;showArrow&amp;escapedquot;:true}\" data-hydrate-slots=\"{&#039;default&#039;:[]}\" class=\"tspDDr7 tspDCr5\" rel=\"nofollow noopener\" target=\"_blank\">Die EU erkl\u00e4rt TikTok offiziell zum Problem Wissen Social-Media-Firmen, was sie anrichten k\u00f6nnen? <\/a><a href=\"https:\/\/www.tagesspiegel.de\/wissen\/das-suchtige-gehirn-wie-tiktok-fast-meine-zukunft-zerstorte-11656958.html?icid=topic-list_15959855___\" data-gtm-class=\"article-mzt-link\" data-hydrate-fingerprint=\"09740a54944caac75fd2c0c63fd5c5df\" data-hydrate-props=\"{&amp;escapedquot;element&amp;escapedquot;:{&amp;escapedquot;type&amp;escapedquot;:&amp;escapedquot;relatedContent&amp;escapedquot;,&amp;escapedquot;fieldMap&amp;escapedquot;:{},&amp;escapedquot;relation&amp;escapedquot;:{&amp;escapedquot;fields&amp;escapedquot;:{&amp;escapedquot;isPaid&amp;escapedquot;:true},&amp;escapedquot;href&amp;escapedquot;:&amp;escapedquot;\/wissen\/das-suchtige-gehirn-wie-tiktok-fast-meine-zukunft-zerstorte-11656958.html&amp;escapedquot;,&amp;escapedquot;teaserTitle&amp;escapedquot;:{&amp;escapedquot;kicker&amp;escapedquot;:&amp;escapedquot;Das s\u00fcchtige Gehirn&amp;escapedquot;,&amp;escapedquot;headline&amp;escapedquot;:&amp;escapedquot;Wie TikTok fast meine Zukunft zerst\u00f6rte&amp;escapedquot;},&amp;escapedquot;id&amp;escapedquot;:&amp;escapedquot;11656958&amp;escapedquot;,&amp;escapedquot;type&amp;escapedquot;:&amp;escapedquot;story&amp;escapedquot;},&amp;escapedquot;isPartOfList&amp;escapedquot;:true,&amp;escapedquot;topicListType&amp;escapedquot;:&amp;escapedquot;topic-list&amp;escapedquot;},&amp;escapedquot;showArrow&amp;escapedquot;:true}\" data-hydrate-slots=\"{&#039;default&#039;:[]}\" class=\"tspDDr7 tspDCr5\" rel=\"nofollow noopener\" target=\"_blank\">Das s\u00fcchtige Gehirn Wie TikTok fast meine Zukunft zerst\u00f6rte <\/a><a href=\"https:\/\/www.tagesspiegel.de\/wissen\/gegen-das-stille-verschwinden-dieser-text-hilft-ihnen-sich-durch-einen-text-zu-denken-13737715.html?icid=topic-list_15959855___\" data-gtm-class=\"article-mzt-link\" data-hydrate-fingerprint=\"09740a54944caac75fd2c0c63fd5c5df\" data-hydrate-props=\"{&amp;escapedquot;element&amp;escapedquot;:{&amp;escapedquot;type&amp;escapedquot;:&amp;escapedquot;relatedContent&amp;escapedquot;,&amp;escapedquot;fieldMap&amp;escapedquot;:{},&amp;escapedquot;relation&amp;escapedquot;:{&amp;escapedquot;fields&amp;escapedquot;:{&amp;escapedquot;isPaid&amp;escapedquot;:true},&amp;escapedquot;href&amp;escapedquot;:&amp;escapedquot;\/wissen\/gegen-das-stille-verschwinden-dieser-text-hilft-ihnen-sich-durch-einen-text-zu-denken-13737715.html&amp;escapedquot;,&amp;escapedquot;teaserTitle&amp;escapedquot;:{&amp;escapedquot;kicker&amp;escapedquot;:&amp;escapedquot;Krise im Kopf&amp;escapedquot;,&amp;escapedquot;headline&amp;escapedquot;:&amp;escapedquot;K\u00f6nnen Sie diesen Text zu Ende lesen?&amp;escapedquot;},&amp;escapedquot;id&amp;escapedquot;:&amp;escapedquot;13737715&amp;escapedquot;,&amp;escapedquot;type&amp;escapedquot;:&amp;escapedquot;story&amp;escapedquot;},&amp;escapedquot;isPartOfList&amp;escapedquot;:true,&amp;escapedquot;topicListType&amp;escapedquot;:&amp;escapedquot;topic-list&amp;escapedquot;},&amp;escapedquot;showArrow&amp;escapedquot;:true}\" data-hydrate-slots=\"{&#039;default&#039;:[]}\" class=\"tspDDr7 tspDCr5\" rel=\"nofollow noopener\" target=\"_blank\">Krise im Kopf K\u00f6nnen Sie diesen Text zu Ende lesen? <\/a><\/p>\n<p class=\"tspCKpk\">Nur was, wenn Pr\u00e4sident Donald Trump seinem Freund, Meta-Chef Mark Zuckerberg, zur Seite springt? Wie viel ist der Druck von 29 Bundesstaaten wert, wenn das Wei\u00dfe Haus auf der anderen Seite steht? Dass Social Media, wie wir es kennen, mit diesem Prozess endet, ist unwahrscheinlich. Aber vielleicht endet ja das endlose Scrollen. Und das endlose L\u00fcgen.<\/p>\n","protected":false},"excerpt":{"rendered":"Was f\u00fcr eine Summe: 200 Milliarden Dollar. So viel hat Meta, der Konzern hinter Facebook, Instagram und WhatsApp,&hellip;\n","protected":false},"author":2,"featured_media":1247921,"comment_status":"","ping_status":"","sticky":false,"template":"","format":"standard","meta":{"footnotes":"","_share_on_mastodon":"0"},"categories":[5],"tags":[331,332,3364,29,291,30,13,152,1635,64367,670,14,15,12,672],"class_list":["post-1247920","post","type-post","status-publish","format-standard","has-post-thumbnail","category-nachrichten","tag-aktuelle-nachrichten","tag-aktuelle-news","tag-de","tag-deutschland","tag-facebook","tag-germany","tag-headlines","tag-instagram","tag-jugend","tag-mental-health-psychische-gesundheit","tag-meta","tag-nachrichten","tag-news","tag-schlagzeilen","tag-whatsapp"],"share_on_mastodon":{"url":"https:\/\/pubeurope.com\/@de\/117124663095249740","error":""},"_links":{"self":[{"href":"https:\/\/www.europesays.com\/de\/wp-json\/wp\/v2\/posts\/1247920","targetHints":{"allow":["GET"]}}],"collection":[{"href":"https:\/\/www.europesays.com\/de\/wp-json\/wp\/v2\/posts"}],"about":[{"href":"https:\/\/www.europesays.com\/de\/wp-json\/wp\/v2\/types\/post"}],"author":[{"embeddable":true,"href":"https:\/\/www.europesays.com\/de\/wp-json\/wp\/v2\/users\/2"}],"replies":[{"embeddable":true,"href":"https:\/\/www.europesays.com\/de\/wp-json\/wp\/v2\/comments?post=1247920"}],"version-history":[{"count":0,"href":"https:\/\/www.europesays.com\/de\/wp-json\/wp\/v2\/posts\/1247920\/revisions"}],"wp:featuredmedia":[{"embeddable":true,"href":"https:\/\/www.europesays.com\/de\/wp-json\/wp\/v2\/media\/1247921"}],"wp:attachment":[{"href":"https:\/\/www.europesays.com\/de\/wp-json\/wp\/v2\/media?parent=1247920"}],"wp:term":[{"taxonomy":"category","embeddable":true,"href":"https:\/\/www.europesays.com\/de\/wp-json\/wp\/v2\/categories?post=1247920"},{"taxonomy":"post_tag","embeddable":true,"href":"https:\/\/www.europesays.com\/de\/wp-json\/wp\/v2\/tags?post=1247920"}],"curies":[{"name":"wp","href":"https:\/\/api.w.org\/{rel}","templated":true}]}}