{"id":1248166,"date":"2026-08-20T01:40:30","date_gmt":"2026-08-20T01:40:30","guid":{"rendered":"https:\/\/www.europesays.com\/de\/1248166\/"},"modified":"2026-08-20T01:40:30","modified_gmt":"2026-08-20T01:40:30","slug":"neues-einsatzboot-fuer-sek-in-schleswig-holstein-in-dienst-gestellt","status":"publish","type":"post","link":"https:\/\/www.europesays.com\/de\/1248166\/","title":{"rendered":"Neues Einsatzboot f\u00fcr SEK in Schleswig-Holstein in Dienst gestellt"},"content":{"rendered":"<p>\n                Stand: 19.08.2026 17:44 Uhr<\/p>\n<p class=\"\">Die Spezialeinsatzkr\u00e4fte des Landeskriminalamtes (LKA) in Schleswig-Holstein haben am Mittwoch (19.8.) ein neues Einsatzboot erhalten. Wie das LKA mitteilt, taufte Innenministerin Magdalena Finke (CDU) das Boot in <a href=\"https:\/\/www.ndr.de\/nachrichten\/schleswig-holstein\/Kiel-Aktuelle-Nachrichten-News-und-Videos,kiel7262.html\" title=\"Kiel - Aktuelle Nachrichten und Videos\" rel=\"nofollow noopener\" target=\"_blank\">Kiel<\/a> mit dem Namen &#8222;Odin 97&#8220;. Es soll demnach bei Gefahrenlagen unter anderem auf der Kieler F\u00f6rde, der Ostsee und in den H\u00e4fen eingesetzt werden.<\/p>\n<p>                    <a href=\"https:\/\/www.europesays.com\/de\/wp-content\/uploads\/2026\/08\/sekschiff-100.webp\" class=\"zoomimage\" title=\"Bild vergr\u00f6\u00dfern\"><\/p>\n<p>        <img decoding=\"async\" src=\"https:\/\/www.europesays.com\/de\/wp-content\/uploads\/2026\/08\/sekschiff-100.webp\" alt=\"Das neue Boot &quot;Odin 97&quot; der Spezialeinheiten mit der Besatzung\" title=\"Die &quot;Odin 97&quot; erreicht Geschwindigkeiten von bis zu 40 Knoten, also 74 Kilometer pro Stunde. | LKA Schleswig-Holstein\" class=\"responsive\" loading=\"lazy\"\/><\/p>\n<p>                    <\/a><\/p>\n<p>                    Die &#8222;Odin 97&#8220; erreicht Geschwindigkeiten von bis zu 40 Knoten, also 74 Kilometer pro Stunde.<\/p>\n<p class=\"\">Schleswig-Holstein sei &#8222;aufgrund seiner geografischen Lage ein Drehkreuz im Ostseeraum und damit besonders im Fokus hybrider Bedrohungen&#8220;, so die Ministerin.<\/p>\n<p>    Vorg\u00e4nger erhielt keine Zulassung<\/p>\n<p class=\"\">Das SEK erh\u00e4lt damit ein dringend ben\u00f6tigtes Boot, nachdem der 17 Jahre alte Vorg\u00e4nger &#8222;Modi&#8220; altersbedingt keine Zulassung mehr erhalten hatte. Als Vorbild diente ein Einsatzboot der GSG 9 der Bundespolizei.<\/p>\n<p>        Schlagw\u00f6rter zu diesem Artikel<\/p>\n<p>            <a href=\"https:\/\/www.ndr.de\/nachrichten\/schleswig-holstein\/Kiel-Aktuelle-Nachrichten-News-und-Videos,kiel7262.html\" rel=\"nofollow noopener\" target=\"_blank\">Kiel<\/a><\/p>\n","protected":false},"excerpt":{"rendered":"Stand: 19.08.2026 17:44 Uhr Die Spezialeinsatzkr\u00e4fte des Landeskriminalamtes (LKA) in Schleswig-Holstein haben am Mittwoch (19.8.) ein neues Einsatzboot&hellip;\n","protected":false},"author":2,"featured_media":1248167,"comment_status":"","ping_status":"","sticky":false,"template":"","format":"standard","meta":{"footnotes":"","_share_on_mastodon":"0"},"categories":[1852],"tags":[3364,29,101387,548,663,3934,30,13,4949,3825,3824,14,15,121,12,1971,15103,139198],"class_list":["post-1248166","post","type-post","status-publish","format-standard","has-post-thumbnail","category-kiel","tag-de","tag-deutschland","tag-einsatzboot","tag-eu","tag-europa","tag-europe","tag-germany","tag-headlines","tag-kiel","tag-landeskriminalamt","tag-lka","tag-nachrichten","tag-news","tag-polizei","tag-schlagzeilen","tag-schleswig-holstein","tag-sek","tag-spezialeinsatzkraefte"],"share_on_mastodon":{"url":"https:\/\/pubeurope.com\/@de\/117125293767467574","error":""},"_links":{"self":[{"href":"https:\/\/www.europesays.com\/de\/wp-json\/wp\/v2\/posts\/1248166","targetHints":{"allow":["GET"]}}],"collection":[{"href":"https:\/\/www.europesays.com\/de\/wp-json\/wp\/v2\/posts"}],"about":[{"href":"https:\/\/www.europesays.com\/de\/wp-json\/wp\/v2\/types\/post"}],"author":[{"embeddable":true,"href":"https:\/\/www.europesays.com\/de\/wp-json\/wp\/v2\/users\/2"}],"replies":[{"embeddable":true,"href":"https:\/\/www.europesays.com\/de\/wp-json\/wp\/v2\/comments?post=1248166"}],"version-history":[{"count":0,"href":"https:\/\/www.europesays.com\/de\/wp-json\/wp\/v2\/posts\/1248166\/revisions"}],"wp:featuredmedia":[{"embeddable":true,"href":"https:\/\/www.europesays.com\/de\/wp-json\/wp\/v2\/media\/1248167"}],"wp:attachment":[{"href":"https:\/\/www.europesays.com\/de\/wp-json\/wp\/v2\/media?parent=1248166"}],"wp:term":[{"taxonomy":"category","embeddable":true,"href":"https:\/\/www.europesays.com\/de\/wp-json\/wp\/v2\/categories?post=1248166"},{"taxonomy":"post_tag","embeddable":true,"href":"https:\/\/www.europesays.com\/de\/wp-json\/wp\/v2\/tags?post=1248166"}],"curies":[{"name":"wp","href":"https:\/\/api.w.org\/{rel}","templated":true}]}}