{"id":1248273,"date":"2026-08-20T02:57:27","date_gmt":"2026-08-20T02:57:27","guid":{"rendered":"https:\/\/www.europesays.com\/de\/1248273\/"},"modified":"2026-08-20T02:57:27","modified_gmt":"2026-08-20T02:57:27","slug":"handball-fuechse-berlin-leise-toene-beim-vizemeister","status":"publish","type":"post","link":"https:\/\/www.europesays.com\/de\/1248273\/","title":{"rendered":"Handball \u2013 F\u00fcchse Berlin: Leise T\u00f6ne beim Vize\u00admeister"},"content":{"rendered":"<p>\t\t\t\t\t\t<img decoding=\"async\" id=\"img324458\" src=\"https:\/\/www.europesays.com\/de\/wp-content\/uploads\/2026\/08\/324458.jpeg\" alt=\"Niederlage als Motivation: Welthandballer Mathias Gidsel (r.) und die F\u00fcchse unterlagen im Cham\u00adpions-League-Finale gegen Barcelona.\"\/><\/p>\n<p>Niederlage als Motivation: Welthandballer Mathias Gidsel (r.) und die F\u00fcchse unterlagen im Cham\u00adpions-League-Finale gegen Barcelona.<\/p>\n<p>Foto: imago\/wolf-sportfoto<\/p>\n<p class=\"wp-block-paragraph\">Bob Hanning hatte gute Nachrichten im Gep\u00e4ck. Der Gesch\u00e4ftsf\u00fchrer der <a href=\"https:\/\/www.nd-aktuell.de\/artikel\/1199114.handball-die-fuechse-berlin-holen-sich-den-dhb-pokal.html\" rel=\"nofollow noopener\" target=\"_blank\">F\u00fcchse Berlin<\/a> strahlte bis \u00fcber beide Ohren, als er bei der Pressekonferenz zur Saisoner\u00f6ffnung einen neuen Sponsor pr\u00e4sentieren durfte und das Ganze mit einem kleinen R\u00fcckblick einl\u00e4utete. In seinen ersten Jahren in Berlin habe er auf der Suche nach Geldgebern unz\u00e4hlige Klinken geputzt, berichtete Hanning. \u00bbWir waren die Neulinge in der Stadt und mussten uns das Vertrauen unserer Partner Schritt f\u00fcr Schritt erarbeiten.\u00ab Nun habe sich ein Dax-Unternehmen mit Hauptsitz in Berlin daf\u00fcr entschieden, auf dem F\u00fcchse-Trikot zu werben. \u00bbF\u00fcr mich ist das ein Zeichen, dass wir als Verein in dieser Stadt angekommen sind\u00ab, befand Hanning, der den Deal sogleich auf eine Stufe mit den spektakul\u00e4ren Spieler-Verpflichtungen von Simon Pytlick und Dika Mem stellte.<\/p>\n<p class=\"wp-block-paragraph\">Wirtschaftlich gehen die erfolgsverw\u00f6hnten Berliner nach zuletzt zwei gro\u00dfen Titeln \u2013 der <a href=\"https:\/\/www.nd-aktuell.de\/artikel\/1191746.handball-fuechse-berlin-ohne-zweifel-zum-ersten-meistertitel.html\" rel=\"nofollow noopener\" target=\"_blank\">Meisterschaft 2025<\/a> und dem Pokalsieg 2026 \u2013 also gut aufgestellt in die neue Spielzeit, die an diesem Sonnabend mit dem Supercup gegen den alten Lieblingsrivalen <a href=\"https:\/\/www.nd-aktuell.de\/artikel\/1201780.handball-scm-trainer-bennet-wiegert-mehr-magdeburger-blut-tut-gut.html\" rel=\"nofollow noopener\" target=\"_blank\">SC\u2005Magdeburg<\/a> in M\u00fcnchen beginnt.<\/p>\n<p class=\"wp-block-paragraph\">Unter sportlichen Aspekten d\u00fcrften die n\u00e4chsten Wochen und Monate dagegen zumindest anspruchsvoll f\u00fcr Trainer Nikolaj Krickau und seine Mannschaft werden, die zuletzt <a href=\"https:\/\/www.nd-aktuell.de\/artikel\/1190812.handball-die-fuechse-berlin-spielen-sich-in-die-weltspitze.html\" rel=\"nofollow noopener\" target=\"_blank\">zweimal in Folge das Finale der Champions League erreicht<\/a> hat. Denn im Sommer haben zwei Spieler den Verein verlassen, die \u00fcber lange Zeit pr\u00e4gend waren: Torh\u00fcter Dejan Milosavljev, den es nach sieben Jahren jetzt ins polnische Kielce zog, und R\u00fcckraum-Shooter Lasse Andersson, der wieder in seiner d\u00e4nischen Heimat spielt.<\/p>\n<p>Eigengew\u00e4chs vor gro\u00dfer Aufgabe<\/p>\n<p class=\"wp-block-paragraph\">F\u00fcr Milosavljev haben die Berliner Torh\u00fcter-Veteran Andreas Palicka verpflichtet. Der erfahrene Schwede wird ein Gespann mit Lasse Ludwig bilden, der perspektivisch zum ersten Keeper der F\u00fcchse heranwachsen soll und sein Potenzial f\u00fcr diese Aufgabe mehr als nur angedeutet hat. Gr\u00f6\u00dfer d\u00fcrfte die Baustelle auf der Andersson-Position sein: Im linken R\u00fcckraum war der D\u00e4ne stets ein verl\u00e4sslicher Torj\u00e4ger und Anf\u00fchrer, f\u00fcr den es zumindest vorerst keinen ad\u00e4quaten Ersatz gibt. Es ist allerdings kein Geheihmnis, dass die Entscheidungstr\u00e4ger in Berlin Eigengew\u00e4chs Lasse Ludwig sehr wohl zutrauen, den n\u00e4chsten Entwicklungsschritt zu machen und die entstandene L\u00fccke perspektivisch zu schlie\u00dfen.<\/p>\n<p class=\"wp-block-paragraph\">Mit Frederik Simak bekommen die F\u00fcchse zudem einen exzellenten Verteidiger zur\u00fcck, der sich beim TBV Lemgo seine Sporen verdient hat und nun wieder zu seinem Heimatverein wechselt. In Ostwestfalen ist der 28-J\u00e4hrige zu einem vielseitigen Spieler herangewachsen, der auf verschiedenen Positionen einsetzbar ist und auch offensiv seine Einsatzminuten sammeln wird.<\/p>\n<p class=\"wp-block-paragraph\">Weil die gro\u00dfen Namen Pytlick und Mem trotz gro\u00dfer Bem\u00fchungen um eine vorzeitige Vertragsaufl\u00f6sung erst im Sommer 2027 nach Berlin kommen werden, gehen die F\u00fcchse etwas zur\u00fcckhaltender in die Saison. \u00bbVielleicht werden wir unsere Ziele auch mal anders definieren m\u00fcssen\u00ab, sagte Hanning. \u00bbAber wir vertrauen unseren jungen Spielern, weil wir wissen, dass sie besser werden.\u00ab<\/p>\n<p>Niederlage Barcelona<\/p>\n<p class=\"wp-block-paragraph\">Die Partie um den Supercup gegen den <a href=\"https:\/\/www.nd-aktuell.de\/artikel\/1199901.handball-scm-ist-meister-der-engen-spiele.html\" rel=\"nofollow noopener\" target=\"_blank\">Meister SC\u2005Magdeburg<\/a> k\u00f6nnte erste Aufschl\u00fcsse dar\u00fcber geben, wohin die Reise der Berliner gehen k\u00f6nnte. Spannend ist das Duell schon allein deshalb, weil der SCM ebenfalls mit einem auf zahlreichen Positionen erneuerten Kader startet. Die Magdeburger haben unter anderem ihren langj\u00e4hrigen Kapit\u00e4n Christian O\u2019Sullivan sowie Ausnahmekeeper Sergey Hernandez abgegeben.<\/p>\n<p class=\"wp-block-paragraph\">Den Test vor dem Duell gegen den SCM verloren die Berliner am Sonntag mit 35:39 \u2013 allerdings gegen den FC\u2005Barcelona, der auch im Finale der Champions League nicht zu schlagen war. Bester Berliner Werfer war wieder mal Welthandballer Mathias Gidsel mit 14\u2005Toren. Trainer Krickau zeigte sich trotz der Niederlage zufrieden und wollte dem Resultat keine allzu zu gro\u00dfe Bedeutung beimessen: \u00bbEs war ein Test wie erwartet. Wir wollten einiges ausprobieren \u2013 und das haben wir gemacht\u00ab, sagte der d\u00e4nische Coach.<\/p>\n<p class=\"wp-block-paragraph\">F\u00fcr Gidsel gab es in dieser Woche zudem ein kleines Dienstjubil\u00e4um: Vor f\u00fcnf Jahren unterschrieb der D\u00e4ne seinen Vertrag bei den F\u00fcchsen. Seither hat sich der R\u00fcckraumspieler in Berlin zum Weltstar entwickelt und ist aus dem Team nicht mehr wegzudenken \u2013 jetzt umso mehr, da die Mannschaft wichtige St\u00fctzen verloren hat.<\/p>\n","protected":false},"excerpt":{"rendered":"Niederlage als Motivation: Welthandballer Mathias Gidsel (r.) und die F\u00fcchse unterlagen im Cham\u00adpions-League-Finale gegen Barcelona. Foto: imago\/wolf-sportfoto Bob&hellip;\n","protected":false},"author":2,"featured_media":1248274,"comment_status":"","ping_status":"","sticky":false,"template":"","format":"standard","meta":{"footnotes":"","_share_on_mastodon":"0"},"categories":[1825],"tags":[1941,1939,296,1937,1160,29,30,4063,1940,1938,860],"class_list":["post-1248273","post","type-post","status-publish","format-standard","has-post-thumbnail","category-berlin","tag-aktuelle-nachrichten-aus-berlin","tag-aktuelle-news-aus-berlin","tag-berlin","tag-berlin-news","tag-daenemark","tag-deutschland","tag-germany","tag-magdeburg","tag-nachrichten-aus-berlin","tag-news-aus-berlin","tag-sachsen-anhalt"],"share_on_mastodon":{"url":"","error":""},"_links":{"self":[{"href":"https:\/\/www.europesays.com\/de\/wp-json\/wp\/v2\/posts\/1248273","targetHints":{"allow":["GET"]}}],"collection":[{"href":"https:\/\/www.europesays.com\/de\/wp-json\/wp\/v2\/posts"}],"about":[{"href":"https:\/\/www.europesays.com\/de\/wp-json\/wp\/v2\/types\/post"}],"author":[{"embeddable":true,"href":"https:\/\/www.europesays.com\/de\/wp-json\/wp\/v2\/users\/2"}],"replies":[{"embeddable":true,"href":"https:\/\/www.europesays.com\/de\/wp-json\/wp\/v2\/comments?post=1248273"}],"version-history":[{"count":0,"href":"https:\/\/www.europesays.com\/de\/wp-json\/wp\/v2\/posts\/1248273\/revisions"}],"wp:featuredmedia":[{"embeddable":true,"href":"https:\/\/www.europesays.com\/de\/wp-json\/wp\/v2\/media\/1248274"}],"wp:attachment":[{"href":"https:\/\/www.europesays.com\/de\/wp-json\/wp\/v2\/media?parent=1248273"}],"wp:term":[{"taxonomy":"category","embeddable":true,"href":"https:\/\/www.europesays.com\/de\/wp-json\/wp\/v2\/categories?post=1248273"},{"taxonomy":"post_tag","embeddable":true,"href":"https:\/\/www.europesays.com\/de\/wp-json\/wp\/v2\/tags?post=1248273"}],"curies":[{"name":"wp","href":"https:\/\/api.w.org\/{rel}","templated":true}]}}