{"id":1248346,"date":"2026-08-20T03:44:21","date_gmt":"2026-08-20T03:44:21","guid":{"rendered":"https:\/\/www.europesays.com\/de\/1248346\/"},"modified":"2026-08-20T03:44:21","modified_gmt":"2026-08-20T03:44:21","slug":"harry-und-meghan-ziehen-nach-grossbritannien-zurueck-panorama","status":"publish","type":"post","link":"https:\/\/www.europesays.com\/de\/1248346\/","title":{"rendered":"Harry und Meghan ziehen nach Gro\u00dfbritannien zur\u00fcck &#8211; Panorama"},"content":{"rendered":"<p data-manual=\"paragraph\" data-schema-org-speakable=\"true\" class=\"css-1eosz7k\"><a href=\"https:\/\/www.sueddeutsche.de\/thema\/Prinz_Harry\" rel=\"nofollow noopener\" target=\"_blank\">Prinz Harry<\/a> und seine Frau Meghan planen nach Informationen der BBC, noch in diesem Monat nach <a href=\"https:\/\/www.sueddeutsche.de\/thema\/Gro%C3%9Fbritannien\" rel=\"nofollow noopener\" target=\"_blank\">Gro\u00dfbritannien<\/a> zur\u00fcckzukehren. Auch der Daily Telegraph\u00a0und die Sun\u00a0berichteten von den Umzugspl\u00e4nen. Das Paar lebt mit seinen zwei Kindern, der siebenj\u00e4hrige Prinz Archie und die f\u00fcnfj\u00e4hrige Prinzessin Lilibet, seit 2020 in Kalifornien.<\/p>\n<p data-manual=\"paragraph\" data-schema-org-speakable=\"true\" class=\"css-1eosz7k\">Das neue Zuhause soll unweit von London liegen, aber eine private, nicht-k\u00f6nigliche Residenz sein. Die Kinder seien f\u00fcr den Schulbeginn im September an einer britischen Schule angemeldet, wie der Daily Telegraph\u00a0berichtet. Demnach sei K\u00f6nig Charles am Sonntag dar\u00fcber informiert worden, dass sein Sohn und seine Schwiegertochter nach Gro\u00dfbritannien zur\u00fcckkehren.<\/p>\n<p data-manual=\"paragraph\" data-schema-org-speakable=\"true\" class=\"css-1eosz7k\">Auch Prinz William und Prinzessin Catherine wurden \u00fcber die Pl\u00e4ne informiert. Derzeit soll es keine Pl\u00e4ne geben, dass Prinz Harry und Meghan ihre Aufgaben als aktive Mitglieder des K\u00f6nigshauses wieder aufnehmen.<\/p>\n<p data-manual=\"paragraph\" data-schema-org-speakable=\"true\" class=\"css-1eosz7k\">Harry und Meghan waren zuletzt im Juli in Highgrove in Gloucestershire, um K\u00f6nig Charles zu besuchen. Der Umzug soll dabei nicht zur Sprache gekommen sein. Als das Paar 2020 in die Vereinigten Staaten zog, war das Verh\u00e4ltnis zum K\u00f6nigshaus angespannt\u00a0\u2013 der Besuch im Juli galt deshalb als wichtiger Meilenstein in der Beziehung. Der Palast bezeichnete das Treffen in der Privatresidenz des K\u00f6nigs in Gloucestershire als \u201eprivaten Familienanlass\u201c. Es war das erste Mal seit mehr als vier Jahren, dass der K\u00f6nig seine Enkelkinder sah. Prinz Harry und Meghan waren seit der Beisetzung von K\u00f6nigin Elizabeth II. im Jahr 2022 nicht mehr gemeinsam in Gro\u00dfbritannien gewesen.<\/p>\n","protected":false},"excerpt":{"rendered":"Prinz Harry und seine Frau Meghan planen nach Informationen der BBC, noch in diesem Monat nach Gro\u00dfbritannien zur\u00fcckzukehren.&hellip;\n","protected":false},"author":2,"featured_media":1248347,"comment_status":"","ping_status":"","sticky":false,"template":"","format":"standard","meta":{"footnotes":"","_share_on_mastodon":"0"},"categories":[3976],"tags":[331,332,147,2478,551,13,11657,14,15,1974,567,8206,12,149,3992,3993,3994,3995,3996,3997],"class_list":["post-1248346","post","type-post","status-publish","format-standard","has-post-thumbnail","category-vereinigtes-koenigreich","tag-aktuelle-nachrichten","tag-aktuelle-news","tag-ausland","tag-britisches-koenigshaus","tag-grossbritannien","tag-headlines","tag-meghan-markle","tag-nachrichten","tag-news","tag-panorama","tag-prinz-harry","tag-royals","tag-schlagzeilen","tag-sueddeutsche-zeitung","tag-uk","tag-united-kingdom","tag-united-kingdom-of-great-britain-and-northern-ireland","tag-vereinigtes-koenigreich","tag-vereinigtes-koenigreich-grossbritannien-und-nordirland","tag-vereinigtes-koenigreich-von-grossbritannien-und-nordirland"],"share_on_mastodon":{"url":"https:\/\/pubeurope.com\/@de\/117125779865674954","error":""},"_links":{"self":[{"href":"https:\/\/www.europesays.com\/de\/wp-json\/wp\/v2\/posts\/1248346","targetHints":{"allow":["GET"]}}],"collection":[{"href":"https:\/\/www.europesays.com\/de\/wp-json\/wp\/v2\/posts"}],"about":[{"href":"https:\/\/www.europesays.com\/de\/wp-json\/wp\/v2\/types\/post"}],"author":[{"embeddable":true,"href":"https:\/\/www.europesays.com\/de\/wp-json\/wp\/v2\/users\/2"}],"replies":[{"embeddable":true,"href":"https:\/\/www.europesays.com\/de\/wp-json\/wp\/v2\/comments?post=1248346"}],"version-history":[{"count":0,"href":"https:\/\/www.europesays.com\/de\/wp-json\/wp\/v2\/posts\/1248346\/revisions"}],"wp:featuredmedia":[{"embeddable":true,"href":"https:\/\/www.europesays.com\/de\/wp-json\/wp\/v2\/media\/1248347"}],"wp:attachment":[{"href":"https:\/\/www.europesays.com\/de\/wp-json\/wp\/v2\/media?parent=1248346"}],"wp:term":[{"taxonomy":"category","embeddable":true,"href":"https:\/\/www.europesays.com\/de\/wp-json\/wp\/v2\/categories?post=1248346"},{"taxonomy":"post_tag","embeddable":true,"href":"https:\/\/www.europesays.com\/de\/wp-json\/wp\/v2\/tags?post=1248346"}],"curies":[{"name":"wp","href":"https:\/\/api.w.org\/{rel}","templated":true}]}}