{"id":1248380,"date":"2026-08-20T04:11:20","date_gmt":"2026-08-20T04:11:20","guid":{"rendered":"https:\/\/www.europesays.com\/de\/1248380\/"},"modified":"2026-08-20T04:11:20","modified_gmt":"2026-08-20T04:11:20","slug":"schalke-04-u19-erstes-saisontor-beim-11-gegen-rw-essen","status":"publish","type":"post","link":"https:\/\/www.europesays.com\/de\/1248380\/","title":{"rendered":"Schalke 04 U19: Erstes Saisontor beim 1:1 gegen RW Essen"},"content":{"rendered":"<p>\t\tErstes Schalker Saisontor gelingt gegen Essen<br \/>\n\t\t\t\t\tMika Brocks sticht kurz vor Schluss<\/p>\n<p>\t\t\t\t<a class=\"article-author__name\" href=\"https:\/\/www.ruhrnachrichten.de\/author\/norbert-neubaum\/\" rel=\"author nofollow noopener\" target=\"_blank\">Norbert Neubaum<\/a><br \/>\n\t\tfreier Mitarbeiter<\/p>\n<p>    <a href=\"https:\/\/www.ruhrnachrichten.de\/wp-content\/uploads\/2026\/08\/19\/20\/630_0900_6709791_-1648x824.jpg\" rel=\"nofollow noopener\" target=\"_blank\"><\/p>\n<p>            <img loading=\"lazy\" decoding=\"async\" src=\"https:\/\/www.europesays.com\/de\/wp-content\/uploads\/2026\/08\/630_0900_6709790_-640x426.jpg\" width=\"640\" height=\"426\"  alt=\"Cheftrainer Norbert Elgert kann mit seiner Mannschaft das erste Tor in der neuen Saison feiern.\"\/><\/p>\n<p>    <\/a><br \/>\n    Cheftrainer Norbert Elgert kann mit seiner Mannschaft das erste Tor in der neuen Saison feiern. \u00a9 Mitja M\u00fcller\/RHR-FOTO<\/p>\n<p class=\"article__teaser-text\">Im Regen endete im Parkstadion das Wiedersehen von Lehrer Norbert Elgert und Sch\u00fcler Michael Delura remis.<\/p>\n<p>2 Min Lesezeit<\/p>\n<p>Um ein Haar h\u00e4tten die Schalker U19-Junioren mit dem Spruch leben m\u00fcssen, dass bei ihnen die Null steht \u2013 allerdings auf der falschen Seite. Dann brach im Spiel gegen Rot-Weiss Essen die 90. Minute an, und Mika Brocks war zur Stelle: Er erzielte den 1:1-Ausgleich, der auch der Endstand der Partie war. Nach dem 0:1 gegen den BVB und dem 0:0 gegen den MSV Duisburg hatte die Mannschaft von <a href=\"https:\/\/www.recklinghaeuser-zeitung.de\/schalke-04\/norbert-elgert-talentfoerderung-schalke-04-knappenschmiede-menschen-coachen-w1232547-6001365157\/\" rel=\"nofollow noopener\" target=\"_blank\">S04-Trainer Norbert Elgert<\/a> in der DFB-Nachwuchsliga ihr erstes Saisontor erzielt.<\/p>\n<p>Klassischer Kontertreffer<\/p>\n<p>Und das war so verdient, wie es verdienter nicht h\u00e4tte sein k\u00f6nnen. Die G\u00e4ste aus Essen gingen in der 58. Minute, als Schalke gerade mehr Offensivpower entwickelt hatte, in F\u00fchrung. Der Ex-Schalker Fahdi Vasic wurde mit einem langen Pass auf die Reise geschickt und f\u00fcr einen direkten Torschuss eigentlich schon etwas zu weit auf die Seite gedr\u00e4ngt, aber dann gelang ihm doch der perfekte Abschluss mit einem Schuss in den Winkel \u2013 ein klassischer Fall von ausgekontert.<\/p>\n<p>\t\t<a href=\"https:\/\/www.ruhrnachrichten.de\/schalke-04\/schalke-04-tumult-nach-real-testspiel-sicherheitsprobleme-aufklaerung-w1236502-2002192023\/\" rel=\"nofollow noopener\" aria-hidden=\"true\" tabindex=\"-1\" title=\"Vorfall im Schalker Wohnzimmer Tumult nach Real-Spiel besch\u00e4ftigt die Security\" aria-label=\"Vorfall im Schalker Wohnzimmer Tumult nach Real-Spiel besch\u00e4ftigt die Security\" target=\"_blank\"><\/p>\n<p>                <img decoding=\"async\" src=\"https:\/\/www.europesays.com\/de\/wp-content\/uploads\/2026\/08\/630_0900_6709205_-160x160.jpg\"  width=\"160\" height=\"160\" alt=\"Arda G\u00fcler wird von Bodyguards aus der Arena begleitet.\u00a0\" loading=\"lazy\"\/><\/p>\n<p>\t\t<\/a><\/p>\n<p>Schalke reagierte prompt und dr\u00e4ngte Essen mit einem vehementen Sturmlauf immer weiter in den R\u00fcckw\u00e4rtsgang, bis Rot-Weiss nur noch hinten drin stand. Es gab eine Schalker Chance nach der n\u00e4chsten, vor allem der eingewechselte Marlon Kohler tauchte oft gef\u00e4hrlich vor dem Essener Tor auf. Das schien aber wie vernagelt zu sein, entweder war ein Abwehrbein oder der Torh\u00fcter im Weg oder Schalke traf beim letzten Pass die falsche Entscheidung.<\/p>\n<p>Bis Mika Brocks die Blau-Wei\u00dfen mit seinem Treffer schlie\u00dflich erl\u00f6ste, dem Cem Tasdelen in der vierten Minute der Nachspielzeit mit einem Kopfball fast noch das Siegtor f\u00fcr Schalke h\u00e4tte folgen lassen. So aber endete das Trainer-Duell Lehrer gegen Sch\u00fcler bei zum Teil str\u00f6mendem Regen im Parkstadion remis: Die Essener werden trainiert vom Schalker Ex-Profi Michael Delura, der in der Schalker U19 einst von Norbert Elgert gecoacht wurde.<\/p>\n","protected":false},"excerpt":{"rendered":"Erstes Schalker Saisontor gelingt gegen Essen Mika Brocks sticht kurz vor Schluss Norbert Neubaum freier Mitarbeiter Cheftrainer Norbert&hellip;\n","protected":false},"author":2,"featured_media":1248381,"comment_status":"","ping_status":"","sticky":false,"template":"","format":"standard","meta":{"footnotes":"","_share_on_mastodon":"0"},"categories":[1834],"tags":[3364,29,3688,30,1209,23396,16870],"class_list":["post-1248380","post","type-post","status-publish","format-standard","has-post-thumbnail","category-essen","tag-de","tag-deutschland","tag-essen","tag-germany","tag-nordrhein-westfalen","tag-schalke","tag-schalke-04"],"share_on_mastodon":{"url":"","error":""},"_links":{"self":[{"href":"https:\/\/www.europesays.com\/de\/wp-json\/wp\/v2\/posts\/1248380","targetHints":{"allow":["GET"]}}],"collection":[{"href":"https:\/\/www.europesays.com\/de\/wp-json\/wp\/v2\/posts"}],"about":[{"href":"https:\/\/www.europesays.com\/de\/wp-json\/wp\/v2\/types\/post"}],"author":[{"embeddable":true,"href":"https:\/\/www.europesays.com\/de\/wp-json\/wp\/v2\/users\/2"}],"replies":[{"embeddable":true,"href":"https:\/\/www.europesays.com\/de\/wp-json\/wp\/v2\/comments?post=1248380"}],"version-history":[{"count":0,"href":"https:\/\/www.europesays.com\/de\/wp-json\/wp\/v2\/posts\/1248380\/revisions"}],"wp:featuredmedia":[{"embeddable":true,"href":"https:\/\/www.europesays.com\/de\/wp-json\/wp\/v2\/media\/1248381"}],"wp:attachment":[{"href":"https:\/\/www.europesays.com\/de\/wp-json\/wp\/v2\/media?parent=1248380"}],"wp:term":[{"taxonomy":"category","embeddable":true,"href":"https:\/\/www.europesays.com\/de\/wp-json\/wp\/v2\/categories?post=1248380"},{"taxonomy":"post_tag","embeddable":true,"href":"https:\/\/www.europesays.com\/de\/wp-json\/wp\/v2\/tags?post=1248380"}],"curies":[{"name":"wp","href":"https:\/\/api.w.org\/{rel}","templated":true}]}}