{"id":1248427,"date":"2026-08-20T04:39:14","date_gmt":"2026-08-20T04:39:14","guid":{"rendered":"https:\/\/www.europesays.com\/de\/1248427\/"},"modified":"2026-08-20T04:39:14","modified_gmt":"2026-08-20T04:39:14","slug":"markus-lanz-gestern-gaeste-und-thema-am-19-8-26","status":"publish","type":"post","link":"https:\/\/www.europesays.com\/de\/1248427\/","title":{"rendered":"Markus Lanz gestern: G\u00e4ste und Thema am 19.8.26"},"content":{"rendered":"<p class=\"mb-6 text-xs-varying md:text-m lg:text-l font-serif group-[.font-sans]:font-sans \">\n    In seiner ZDF-Talkshow bringt <a href=\"https:\/\/www.augsburger-allgemeine.de\/personen\/aa-markus-lanz\" target=\"_self\" class=\"underline \" rel=\"nofollow noopener\">Markus Lanz<\/a> regelm\u00e4\u00dfig unterschiedliche Stimmen an einen Tisch. Mehrmals pro Woche spricht der Moderator mit Pers\u00f6nlichkeiten aus Politik, Wirtschaft, Wissenschaft, Kultur, Gesellschaft und Sport \u00fcber aktuelle Ereignisse und umstrittene Fragen. Dabei geht es um politische Entwicklungen ebenso wie um gesellschaftliche Debatten und Themen, die gerade die \u00f6ffentliche Diskussion bestimmen. Die G\u00e4ste vertreten h\u00e4ufig unterschiedliche Standpunkte, die in ausf\u00fchrlichen Gespr\u00e4chen hinterfragt, eingeordnet und miteinander konfrontiert werden.\n  <\/p>\n<p class=\"mb-6 text-xs-varying md:text-m lg:text-l font-serif group-[.font-sans]:font-sans \">\n    \u201eMarkus Lanz\u201c geh\u00f6rt seit Jahren zu den bekannten Talkformaten im deutschen <a href=\"https:\/\/www.augsburger-allgemeine.de\/panorama\/tv\" target=\"_self\" class=\"underline \" rel=\"nofollow noopener\">Fernsehen<\/a>. Neben aktuellen politischen und gesellschaftlichen Themen stehen auch pers\u00f6nliche Einsch\u00e4tzungen und Hintergr\u00fcnde der G\u00e4ste im Mittelpunkt. Das Format setzt auf ausf\u00fchrliche Gespr\u00e4che und den direkten Dialog, um unterschiedliche Sichtweisen zu beleuchten und aktuelle Entwicklungen einzuordnen.\n  <\/p>\n<p class=\"mb-6 text-xs-varying md:text-m lg:text-l font-serif group-[.font-sans]:font-sans \">\n    Im Mittelpunkt dieses Beitrags steht die Ausgabe von \u201eMarkus Lanz\u201c vom 19. August 2026. Wir geben einen \u00dcberblick \u00fcber die eingeladenen G\u00e4ste, die diskutierten Themen und die wichtigsten Informationen zur Sendung.\n  <\/p>\n<p>            Wo lief \u201eMarkus Lanz\u201c am gestrigen Mittwoch?<\/p>\n<p class=\"mb-6 text-xs-varying md:text-m lg:text-l font-serif group-[.font-sans]:font-sans \">\n    \u201eMarkus Lanz\u201c ist in der Regel an drei Abenden pro Woche im ZDF zu sehen, meist von Dienstag bis Donnerstag. Der regul\u00e4re Sendeplatz kann jedoch aufgrund von Sport\u00fcbertragungen oder besonderen Programmschwerpunkten entfallen oder verschoben werden. Zuschauer k\u00f6nnen die Talkshow sowohl im Fernsehen als auch parallel im Livestream des ZDF verfolgen.\n  <\/p>\n<p class=\"mb-6 text-xs-varying md:text-m lg:text-l font-serif group-[.font-sans]:font-sans \">\n    Das sind die wichtigsten Eckdaten zur gestrigen Ausgabe:\n  <\/p>\n<ul rel=\"\" class=\"[&amp;&gt;li]:relative list-none  [&amp;&gt;li]:pl-[1.2em] [&amp;&gt;li]:marker:text-[0] [&amp;&gt;li]:relative [&amp;&gt;li]:before:absolute [&amp;&gt;li]:before:w-3 [&amp;&gt;li]:before:h-3 [&amp;&gt;li]:before:bg-brand [&amp;&gt;li]:before:left-0 [&amp;&gt;li]:before:rounded-full [&amp;&gt;li]:before:top-[8px] md:[&amp;&gt;li]:before:top-[9px] lg:[&amp;&gt;li]:before:top-[11px]  my-5\">\n<li class=\" mb-3 text-xs-varying md:text-m lg:text-l\">Was? \u201eMarkus Lanz\u201c (Folge 2252)<\/li>\n<li class=\" mb-3 text-xs-varying md:text-m lg:text-l\">Wann? Mittwoch, 19. August 2026, 23.15 Uhr<\/li>\n<li class=\" mb-3 text-xs-varying md:text-m lg:text-l\">Wo? ZDF (TV), Mediathek ZDF (online)<\/li>\n<\/ul>\n<p>            Thema bei \u201eMarkus Lanz\u201c gestern am 19. August 2026<\/p>\n<p class=\"mb-6 text-xs-varying md:text-m lg:text-l font-serif group-[.font-sans]:font-sans \">\n    Die vier G\u00e4ste diskutierten \u00fcber die bevorstehenden Landtagswahlen in Ostdeutschland sowie den Islamismus.\n  <\/p>\n<p>            \u201eMarkus Lanz\u201c gestern: G\u00e4ste am 19.8.26<\/p>\n<p class=\"mb-6 text-xs-varying md:text-m lg:text-l font-serif group-[.font-sans]:font-sans \">\n    F\u00fcr die gestrige Ausgabe hatte das ZDF diese G\u00e4ste angek\u00fcndigt:\n  <\/p>\n<ul rel=\"\" class=\"[&amp;&gt;li]:relative list-none  [&amp;&gt;li]:pl-[1.2em] [&amp;&gt;li]:marker:text-[0] [&amp;&gt;li]:relative [&amp;&gt;li]:before:absolute [&amp;&gt;li]:before:w-3 [&amp;&gt;li]:before:h-3 [&amp;&gt;li]:before:bg-brand [&amp;&gt;li]:before:left-0 [&amp;&gt;li]:before:rounded-full [&amp;&gt;li]:before:top-[8px] md:[&amp;&gt;li]:before:top-[9px] lg:[&amp;&gt;li]:before:top-[11px]  my-5\">\n<li class=\" mb-3 text-xs-varying md:text-m lg:text-l\">Dietmar Bartsch, Politiker der Linken<br \/>Im Hinblick auf die anstehenden Landtagswahlen in Ostdeutschland \u00e4u\u00dfert er sich zur Frage m\u00f6glicher Koalitionen seiner Partei. Au\u00dferdem erkl\u00e4rt er, wie die Linkspartei mit dem Thema Islamismus umgeht.<\/li>\n<li class=\" mb-3 text-xs-varying md:text-m lg:text-l\">Eva Quadbeck, Journalistin<br \/>Die Chefredakteurin des \u201eRedaktionsnetzwerks Deutschland\u201c ordnet die aktuelle Situation der Linkspartei ein und geht der Frage nach, welche Strategien die Partei f\u00fcr eine m\u00f6gliche Regierungsbeteiligung verfolgt.<\/li>\n<li class=\" mb-3 text-xs-varying md:text-m lg:text-l\">Florian Flade, Journalist<br \/>Der Investigativreporter, der unter anderem f\u00fcr den WDR arbeitet, beleuchtet die Aufarbeitung des Anschlags auf den Berliner CSD. Zudem thematisiert er erhebliche Defizite im Umgang mit islamistischen Gef\u00e4hrdern.<\/li>\n<li class=\" mb-3 text-xs-varying md:text-m lg:text-l\">Eren G\u00fcvercin, Islam-Experte<br \/>Er kritisiert, dass die islamistische Bedrohung \u00fcber Jahre hinweg untersch\u00e4tzt worden sei. Au\u00dferdem spricht er \u00fcber Radikalisierung in sozialen Medien und dar\u00fcber, wie sich ideologische Inhalte mit Lifestyle-Elementen verbinden.<\/li>\n<\/ul>\n<p>            Folge verpasst? \u201eMarkus Lanz\u201c in der Wiederholung sehen<\/p>\n<p class=\"mb-6 text-xs-varying md:text-m lg:text-l font-serif group-[.font-sans]:font-sans \">\n    \u201eMarkus Lanz\u201c wird im ZDF normalerweise nur zum regul\u00e4ren Sendetermin ausgestrahlt. Eine Wiederholung im linearen Fernsehen ist in der Regel nicht geplant. Wer eine Folge verpasst, kann sie jedoch nach der Erstausstrahlung \u00fcber die ZDF-<a href=\"https:\/\/www.zdf.de\/live-tv\" rel=\"nofollow noopener\" target=\"_blank\" class=\"underline \">Mediathek<\/a> abrufen. Dort stehen die Sendungen zeitnah zum Streamen bereit und k\u00f6nnen unabh\u00e4ngig von der urspr\u00fcnglichen Sendezeit angesehen werden.\n  <\/p>\n<p>            Sendetermine: Wann geht es diese Woche weiter mit \u201eMarkus Lanz\u201c?<\/p>\n<p class=\"mb-6 text-xs-varying md:text-m lg:text-l font-serif group-[.font-sans]:font-sans \">\n    Diese Woche gibt es im ZDF noch eine weitere Folge von \u201eMarkus Lanz\u201c:\n  <\/p>\n<ul rel=\"\" class=\"[&amp;&gt;li]:relative list-none  [&amp;&gt;li]:pl-[1.2em] [&amp;&gt;li]:marker:text-[0] [&amp;&gt;li]:relative [&amp;&gt;li]:before:absolute [&amp;&gt;li]:before:w-3 [&amp;&gt;li]:before:h-3 [&amp;&gt;li]:before:bg-brand [&amp;&gt;li]:before:left-0 [&amp;&gt;li]:before:rounded-full [&amp;&gt;li]:before:top-[8px] md:[&amp;&gt;li]:before:top-[9px] lg:[&amp;&gt;li]:before:top-[11px]  my-5\">\n<li class=\" mb-3 text-xs-varying md:text-m lg:text-l\">Donnerstag, 20. August 2026, 23.15 bis 0.30 Uhr<\/li>\n<\/ul>\n","protected":false},"excerpt":{"rendered":"In seiner ZDF-Talkshow bringt Markus Lanz regelm\u00e4\u00dfig unterschiedliche Stimmen an einen Tisch. Mehrmals pro Woche spricht der Moderator&hellip;\n","protected":false},"author":2,"featured_media":1248428,"comment_status":"","ping_status":"","sticky":false,"template":"","format":"standard","meta":{"footnotes":"","_share_on_mastodon":"0"},"categories":[1773],"tags":[29,214,30,80,19399,2496,4200,16,471,1780,265,684,215,55,1448],"class_list":["post-1248427","post","type-post","status-publish","format-standard","has-post-thumbnail","category-serien","tag-deutschland","tag-entertainment","tag-germany","tag-kultur","tag-landtagswahl","tag-markus-lanz","tag-ostdeutschland","tag-politik","tag-serien","tag-series","tag-sport","tag-tv","tag-unterhaltung","tag-wirtschaft","tag-zdf"],"share_on_mastodon":{"url":"","error":""},"_links":{"self":[{"href":"https:\/\/www.europesays.com\/de\/wp-json\/wp\/v2\/posts\/1248427","targetHints":{"allow":["GET"]}}],"collection":[{"href":"https:\/\/www.europesays.com\/de\/wp-json\/wp\/v2\/posts"}],"about":[{"href":"https:\/\/www.europesays.com\/de\/wp-json\/wp\/v2\/types\/post"}],"author":[{"embeddable":true,"href":"https:\/\/www.europesays.com\/de\/wp-json\/wp\/v2\/users\/2"}],"replies":[{"embeddable":true,"href":"https:\/\/www.europesays.com\/de\/wp-json\/wp\/v2\/comments?post=1248427"}],"version-history":[{"count":0,"href":"https:\/\/www.europesays.com\/de\/wp-json\/wp\/v2\/posts\/1248427\/revisions"}],"wp:featuredmedia":[{"embeddable":true,"href":"https:\/\/www.europesays.com\/de\/wp-json\/wp\/v2\/media\/1248428"}],"wp:attachment":[{"href":"https:\/\/www.europesays.com\/de\/wp-json\/wp\/v2\/media?parent=1248427"}],"wp:term":[{"taxonomy":"category","embeddable":true,"href":"https:\/\/www.europesays.com\/de\/wp-json\/wp\/v2\/categories?post=1248427"},{"taxonomy":"post_tag","embeddable":true,"href":"https:\/\/www.europesays.com\/de\/wp-json\/wp\/v2\/tags?post=1248427"}],"curies":[{"name":"wp","href":"https:\/\/api.w.org\/{rel}","templated":true}]}}