{"id":1248452,"date":"2026-08-20T04:52:25","date_gmt":"2026-08-20T04:52:25","guid":{"rendered":"https:\/\/www.europesays.com\/de\/1248452\/"},"modified":"2026-08-20T04:52:25","modified_gmt":"2026-08-20T04:52:25","slug":"drk-in-schleswig-holstein-feiert-80-jaehriges-bestehen","status":"publish","type":"post","link":"https:\/\/www.europesays.com\/de\/1248452\/","title":{"rendered":"DRK in Schleswig-Holstein feiert 80-j\u00e4hriges Bestehen"},"content":{"rendered":"<p>        <img decoding=\"async\" src=\"https:\/\/www.europesays.com\/de\/wp-content\/uploads\/2026\/08\/drk-206.webp\" alt=\"...\" title=\"... | NDR, Moritz Kodlin\" class=\"responsive\"\/><\/p>\n<p>AUDIO: DRK in SH feiert 80-j\u00e4hriges Jubil\u00e4um (1 Min)<\/p>\n<p>\n                Stand: 20.08.2026 05:00 Uhr<\/p>\n<p class=\"preface\">Seit 80 Jahren ist das Deutsche Rote Kreuz in Schleswig-Holstein im Einsatz &#8211; vom Katastrophenschutz \u00fcber die Pflege bis zur Fl\u00fcchtlingshilfe. Heute Abend feiert die Hilfsorganisation ihr Jubil\u00e4um.<\/p>\n<p class=\"textauthor\">von Moritz Kodlin<\/p>\n<p class=\"\">Katastrophenschutz, Pflege oder Blutspenden &#8211; daf\u00fcr ist das Deutsche Rote Kreuz (DRK) in Schleswig-Holstein bekannt. Heute Abend feiert die Hilfsorganisation mit einem Festakt in <a href=\"https:\/\/www.ndr.de\/nachrichten\/schleswig-holstein\/Kiel-Aktuelle-Nachrichten-News-und-Videos,kiel7262.html\" title=\"Kiel - Aktuelle Nachrichten und Videos\" rel=\"nofollow noopener\" target=\"_blank\">Kiel<\/a> ihr 80-j\u00e4hriges Bestehen. Nach eigenen Angaben erwartet das DRK mehr als 100 G\u00e4ste.<\/p>\n<p>    Hilfe nach dem Zweiten Weltkrieg: So entstand das DRK in SH<\/p>\n<p>                    <a href=\"https:\/\/www.europesays.com\/de\/wp-content\/uploads\/2026\/08\/drk-204.webp\" class=\"zoomimage\" title=\"Bild vergr\u00f6\u00dfern\"><\/p>\n<p>        <img decoding=\"async\" src=\"https:\/\/www.europesays.com\/de\/wp-content\/uploads\/2026\/08\/drk-204.webp\" alt=\"...\" title=\"Die Anfangszeit stand f\u00fcr das DRK im Zeichen des Wiederaufbaus. Viele Menschen mussten versorgt werden, es herrschte ein Mangel an Betten, Decken, Kleidung, Seife und Kochgeschirr. | NDR, Moritz Kodlin\" class=\"responsive\" loading=\"lazy\"\/><\/p>\n<p>                    <\/a><\/p>\n<p>                    Die Anfangszeit stand f\u00fcr das DRK im Zeichen des Wiederaufbaus. Viele Menschen mussten versorgt werden, es herrschte ein Mangel an Betten, Decken, Kleidung, Seife und Kochgeschirr.<\/p>\n<p class=\"\">Angefangen hat die Arbeit des DRK in Schleswig-Holstein unter ganz anderen Bedingungen. Dem DRK zufolge mussten kurz nach dem <a href=\"https:\/\/www.ndr.de\/geschichte\/chronologie\/zweiter_weltkrieg\" title=\"Zweiter Weltkrieg\" rel=\"nofollow noopener\" target=\"_blank\">Zweiten Weltkrieg<\/a> Gefl\u00fcchtete und Vertriebene untergebracht, Angeh\u00f6rige gesucht und Verletzte versorgt werden. So gr\u00fcndete Professor Dr. Franz Klose den Landesverband Schleswig-Holstein.<\/p>\n<p class=\"\">Und das &#8222;aus der Not heraus&#8220;, wie Vorstandssprecherin Nadine Lenschau erz\u00e4hlt. &#8222;Die Menschen hatten kein Obdach mehr, keine Nahrung, keine Hygieneartikel und keine Kleidung&#8220;, so Lenschau. Im September 1947 wurde der DRK-Landesverband in Schleswig-Holstein von den britischen Besatzern auch offiziell im Vereinsrecht zugelassen.<\/p>\n<p>    Nach Sturmfluten: DRK baut Katastrophenschutz aus<\/p>\n<p>                    <a href=\"https:\/\/www.europesays.com\/de\/wp-content\/uploads\/2026\/08\/drk-200.webp\" class=\"zoomimage\" title=\"Bild vergr\u00f6\u00dfern\"><\/p>\n<p>        <img decoding=\"async\" src=\"https:\/\/www.europesays.com\/de\/wp-content\/uploads\/2026\/08\/drk-200.webp\" alt=\"...\" title=\"Neben mehrern Sturmfluten unterst\u00fctzte das DRK auch bei der Schneekatastrophe 1978\/79. Dabei wurden extra Schneefr\u00e4sen aus Bayern herangeschafft. | NDR, Moritz Kodlin\" class=\"responsive\" loading=\"lazy\"\/><\/p>\n<p>                    <\/a><\/p>\n<p>                    Neben mehrern Sturmfluten unterst\u00fctzte das DRK auch bei der Schneekatastrophe 1978\/79. Dabei wurden extra Schneefr\u00e4sen aus Bayern herangeschafft.<\/p>\n<p class=\"\">Zwischen 1950 und 1980 hat sich das Deutsche Rote Kreuz in Schleswig-Holstein stark im Zivil- und Katastrophenschutz aufgestellt. &#8222;Wir haben den Bereich weiterentwickelt und mussten es ja auch, weil es verschiedene Katastrophen gab, wie zum Beispiel die Sturmflut an der Nordseek\u00fcste 1962. Da waren wir als DRK stark gefordert und konnten helfen&#8220;, erkl\u00e4rt Vorstandssprecherin Lenschau.<\/p>\n<p>    Pflege und Gesundheitsangebote erweitern das DRK<\/p>\n<p class=\"\">Auch andere Angebote sind in dieser Zeit entstanden: Laut DRK sind Mutter-Kind-Kurkliniken, Altenpflegeschulen oder Angebote zur Gesundheitsf\u00f6rderung entwickelt worden.<\/p>\n<p>    Finanzielle Herausforderungen f\u00fcr das DRK<\/p>\n<p>                    <a href=\"https:\/\/www.europesays.com\/de\/wp-content\/uploads\/2026\/08\/drk-196.webp\" class=\"zoomimage\" title=\"Bild vergr\u00f6\u00dfern\"><\/p>\n<p>        <img decoding=\"async\" src=\"https:\/\/www.europesays.com\/de\/wp-content\/uploads\/2026\/08\/drk-196.webp\" alt=\"...\" title=\"DRK-Vorstandssprecherin Nadine Lenschau arbeitet bereits seit 16 Jahren beim Deutschen Roten Kreuz in Schleswig-Holstein. Sie hat im Januar das Amt \u00fcbernommen. | NDR, Moritz Kodlin\" class=\"responsive\" loading=\"lazy\"\/><\/p>\n<p>                    <\/a><\/p>\n<p>                    DRK-Vorstandssprecherin Nadine Lenschau arbeitet bereits seit 16 Jahren beim Deutschen Roten Kreuz in Schleswig-Holstein. Sie hat im Januar das Amt \u00fcbernommen.<\/p>\n<p class=\"\">Derzeit sind rund 70.000 Ehrenamtliche in Schleswig-Holstein f\u00fcr das Deutsche Rote Kreuz aktiv. F\u00fcr die Zukunft sieht Lenschau unter anderem die Finanzknappheit der \u00f6ffentlichen Hand als gro\u00dfe Herausforderung: &#8222;Durch die derzeit laufende Sozialstaatsreform wird es sehr schwer, die Angebote aufrecht zu erhalten.&#8220; Lenschau fordert daher vor allem eine verbindliche Finanzierung.<\/p>\n<p>    Resilienz: DRK will Kinder auf Krisen vorbereiten<\/p>\n<p class=\"\">Einen weiteren Fokus setzt die Vorstandssprecherin beim Thema psychische Widerstandskraft, also Resilienz, unter anderem bei Kindern. &#8222;Wir m\u00f6chten einfach jetzt schon die Resilienz st\u00e4rken, damit wir Kinder auf Krisen unterschiedlichster Art vorbereiten k\u00f6nnen.&#8220; Je besser man aufgestellt sei, desto besser k\u00f6nne man sich auch in der Gesellschaft einbringen, so Lenschau. So gibt es etwa das Projekt &#8222;Krisenschutz aus der Kiste&#8220;, bei dem Kinder spielerisch Katastrophen durchleben und den Umgang damit erlernen.<\/p>\n<p>        <img decoding=\"async\" src=\"https:\/\/www.europesays.com\/de\/wp-content\/uploads\/2026\/06\/arztpraxis-146.webp\" alt=\"Ein Arzt und ein Patient beim Handesch\u00fctteln.\" title=\"Ein Arzt und ein Patient beim Handesch\u00fctteln. | IMAGO \/ imagebroker\" class=\"responsive\" loading=\"lazy\"\/><\/p>\n<p>In ganz Schleswig-Holstein gibt es bisher sieben weitere Praxen dieser Art. Sie helfen Menschen ohne Krankenversicherung.<\/p>\n<p>        <img decoding=\"async\" src=\"https:\/\/www.europesays.com\/de\/wp-content\/uploads\/2026\/08\/gesundheitskarte-120.webp\" alt=\"Mehrere Gesundheitskarten verschiedener Krankenkassen liegen nebeneinander\" title=\"Mehrere Gesundheitskarten verschiedener Krankenkassen liegen nebeneinander | IMAGO \/ Wolfilser\" class=\"responsive\" loading=\"lazy\"\/><\/p>\n<p>Das DRK im Land warnt vor den Folgen der Reform zur Finanzierung der gesetzlichen Krankenversicherung und fordert Nachbesserung.<\/p>\n<p>        <img decoding=\"async\" src=\"https:\/\/www.europesays.com\/de\/wp-content\/uploads\/2026\/08\/verdienstorden-110.webp\" alt=\"Verdienstorden des Landes SH.\" title=\"Verdienstorden des Landes SH. | NDR, Tobias Gellert\" class=\"responsive\" loading=\"lazy\"\/><\/p>\n<p>Insgesamt f\u00fcnf Personen wurden mit dem Orden ausgezeichnet. Sie sind Vorbilder f\u00fcr viele Menschen, sagt Daniel G\u00fcnther.<\/p>\n","protected":false},"excerpt":{"rendered":"AUDIO: DRK in SH feiert 80-j\u00e4hriges Jubil\u00e4um (1 Min) Stand: 20.08.2026 05:00 Uhr Seit 80 Jahren ist das&hellip;\n","protected":false},"author":2,"featured_media":1248453,"comment_status":"","ping_status":"","sticky":false,"template":"","format":"standard","meta":{"footnotes":"","_share_on_mastodon":"0"},"categories":[1852],"tags":[12718,258527,12189,3364,10091,29,548,663,3934,30,13,2917,5668,4949,14,15,9221,12,1971,37514,6620,4845],"class_list":["post-1248452","post","type-post","status-publish","format-standard","has-post-thumbnail","category-kiel","tag-drk","tag-80-jahre-drk","tag-blutspende","tag-de","tag-deutsches-rotes-kreuz","tag-deutschland","tag-eu","tag-europa","tag-europe","tag-germany","tag-headlines","tag-hilfe","tag-katastrophenschutz","tag-kiel","tag-nachrichten","tag-news","tag-pflege","tag-schlagzeilen","tag-schleswig-holstein","tag-soziales-engagement","tag-sozialpolitik","tag-zeitgeschichte"],"share_on_mastodon":{"url":"https:\/\/pubeurope.com\/@de\/117126049766606765","error":""},"_links":{"self":[{"href":"https:\/\/www.europesays.com\/de\/wp-json\/wp\/v2\/posts\/1248452","targetHints":{"allow":["GET"]}}],"collection":[{"href":"https:\/\/www.europesays.com\/de\/wp-json\/wp\/v2\/posts"}],"about":[{"href":"https:\/\/www.europesays.com\/de\/wp-json\/wp\/v2\/types\/post"}],"author":[{"embeddable":true,"href":"https:\/\/www.europesays.com\/de\/wp-json\/wp\/v2\/users\/2"}],"replies":[{"embeddable":true,"href":"https:\/\/www.europesays.com\/de\/wp-json\/wp\/v2\/comments?post=1248452"}],"version-history":[{"count":0,"href":"https:\/\/www.europesays.com\/de\/wp-json\/wp\/v2\/posts\/1248452\/revisions"}],"wp:featuredmedia":[{"embeddable":true,"href":"https:\/\/www.europesays.com\/de\/wp-json\/wp\/v2\/media\/1248453"}],"wp:attachment":[{"href":"https:\/\/www.europesays.com\/de\/wp-json\/wp\/v2\/media?parent=1248452"}],"wp:term":[{"taxonomy":"category","embeddable":true,"href":"https:\/\/www.europesays.com\/de\/wp-json\/wp\/v2\/categories?post=1248452"},{"taxonomy":"post_tag","embeddable":true,"href":"https:\/\/www.europesays.com\/de\/wp-json\/wp\/v2\/tags?post=1248452"}],"curies":[{"name":"wp","href":"https:\/\/api.w.org\/{rel}","templated":true}]}}