{"id":1248456,"date":"2026-08-20T04:54:19","date_gmt":"2026-08-20T04:54:19","guid":{"rendered":"https:\/\/www.europesays.com\/de\/1248456\/"},"modified":"2026-08-20T04:54:19","modified_gmt":"2026-08-20T04:54:19","slug":"wie-koennen-bauernhoefe-kuenftig-das-stromnetz-stabilisieren","status":"publish","type":"post","link":"https:\/\/www.europesays.com\/de\/1248456\/","title":{"rendered":"Wie k\u00f6nnen Bauernh\u00f6fe k\u00fcnftig das Stromnetz stabilisieren?"},"content":{"rendered":"<p>\n                Stand: 20.08.2026 06:00 Uhr<\/p>\n<p>                    <a href=\"https:\/\/www.europesays.com\/de\/wp-content\/uploads\/2026\/08\/bauernhof-162.webp\" class=\"zoomimage\" title=\"Bild vergr\u00f6\u00dfern\"><\/p>\n<p>        <img decoding=\"async\" src=\"https:\/\/www.europesays.com\/de\/wp-content\/uploads\/2026\/08\/bauernhof-162.webp\" alt=\"Die Hochschule Osnabr\u00fcck forscht zum Einfluss von Bauernh\u00f6fen auf das Stromnetz.\" title=\"Die Hochschule Osnabr\u00fcck und die TU Braunschweig wollen den Einfluss von Bauernh\u00f6fen auf das Stromnetz erforschen. (Themenbild) | picture alliance \/ Countrypixel | FRP\" class=\"responsive\" loading=\"lazy\"\/><\/p>\n<p>                    <\/a><\/p>\n<p>                    Die Hochschule Osnabr\u00fcck und die TU Braunschweig wollen den Einfluss von Bauernh\u00f6fen auf das Stromnetz erforschen. (Themenbild)<\/p>\n<p class=\"\">Die Hochschule Osnabr\u00fcck erforscht zusammen mit der TU Braunschweig, wie Bauernh\u00f6fe k\u00fcnftig helfen k\u00f6nnen, das Stromnetz zu stabilisieren. Die Forschenden untersuchen nach Angaben der Hochschule Osnabr\u00fcck am Beispiel eines Milchviehbetriebs, wann dort Strom erzeugt wird &#8211; beispielsweise durch Photovoltaikanlagen. Dem wird der Verbrauch gegen\u00fcbergestellt, etwa durch Melkroboter oder die Milchk\u00fchlung. Die Wissenschaftlerinnen und Wissenschaftler wollen so herausfinden, wie Betriebe \u00fcbersch\u00fcssigen Strom speichern und ihren Verbrauch besser an die verf\u00fcgbare Energie anpassen k\u00f6nnen, wie es von der Hochschule Osnabr\u00fcck hei\u00dft. Au\u00dferdem pr\u00fcfen sie, wie Bauernh\u00f6fe bei einem Stromausfall weiterarbeiten und m\u00f6glicherweise sogar Einsatzkr\u00e4fte oder wichtige Einrichtungen mit Energie unterst\u00fctzen k\u00f6nnten. Die Deutsche Bundesstiftung Umwelt f\u00f6rdert das Projekt mit rund 174.000 Euro.<\/p>\n<p>        <img decoding=\"async\" src=\"https:\/\/www.europesays.com\/de\/wp-content\/uploads\/2026\/08\/reikeehlers-100.webp\" alt=\"Landwirtin Rieke Ehlers auf ihrem Feld bei Bremen\" title=\"Landwirtin Rieke Ehlers auf ihrem Feld bei Bremen | Claudia Pla\u00df, NDR\" class=\"responsive\" loading=\"lazy\"\/><\/p>\n<p>Klima- und Umweltschutz mit Wirtschaftlichkeit unter einen Hut zu bringen, ist auch f\u00fcr landwirtschaftliche Betriebe im Norden herausfordernd.<\/p>\n<p>        <img decoding=\"async\" src=\"https:\/\/www.europesays.com\/de\/wp-content\/uploads\/2026\/08\/trecker914.webp\" alt=\"Ein Trecker auf einem Landwirtschaftlich genutzten Feld durchpfl\u00fcgt einen Acker.\" title=\"Ein Trecker auf einem Landwirtschaftlich genutzten Feld durchpfl\u00fcgt einen Acker. | NDR, Julius Matuschik\" class=\"responsive\" loading=\"lazy\"\/><\/p>\n<p>Landwirte k\u00f6nnten das Klima durch eine effizientere Produktion schonen. Dabei setzt der Verband auch auf Technologien.<\/p>\n<p>Dieses Thema im Programm:<\/p>\n<p>                NDR.de | Wie k\u00f6nnen Bauernh\u00f6fe k\u00fcnftig das Stromnetz stabilisieren? | 20.08.2026 | 06.00 Uhr<\/p>\n","protected":false},"excerpt":{"rendered":"Stand: 20.08.2026 06:00 Uhr Die Hochschule Osnabr\u00fcck und die TU Braunschweig wollen den Einfluss von Bauernh\u00f6fen auf das&hellip;\n","protected":false},"author":2,"featured_media":1248457,"comment_status":"","ping_status":"","sticky":false,"template":"","format":"standard","meta":{"footnotes":"","_share_on_mastodon":"0"},"categories":[1850],"tags":[590,6429,3364,29,1520,548,663,3934,30,13,14,15,1411,741,12,2185,193],"class_list":["post-1248456","post","type-post","status-publish","format-standard","has-post-thumbnail","category-braunschweig","tag-aktuell","tag-braunschweig","tag-de","tag-deutschland","tag-energiewende","tag-eu","tag-europa","tag-europe","tag-germany","tag-headlines","tag-nachrichten","tag-news","tag-niedersachsen","tag-osnabrueck","tag-schlagzeilen","tag-strom","tag-wissenschaft"],"share_on_mastodon":{"url":"https:\/\/pubeurope.com\/@de\/117126056686145682","error":""},"_links":{"self":[{"href":"https:\/\/www.europesays.com\/de\/wp-json\/wp\/v2\/posts\/1248456","targetHints":{"allow":["GET"]}}],"collection":[{"href":"https:\/\/www.europesays.com\/de\/wp-json\/wp\/v2\/posts"}],"about":[{"href":"https:\/\/www.europesays.com\/de\/wp-json\/wp\/v2\/types\/post"}],"author":[{"embeddable":true,"href":"https:\/\/www.europesays.com\/de\/wp-json\/wp\/v2\/users\/2"}],"replies":[{"embeddable":true,"href":"https:\/\/www.europesays.com\/de\/wp-json\/wp\/v2\/comments?post=1248456"}],"version-history":[{"count":0,"href":"https:\/\/www.europesays.com\/de\/wp-json\/wp\/v2\/posts\/1248456\/revisions"}],"wp:featuredmedia":[{"embeddable":true,"href":"https:\/\/www.europesays.com\/de\/wp-json\/wp\/v2\/media\/1248457"}],"wp:attachment":[{"href":"https:\/\/www.europesays.com\/de\/wp-json\/wp\/v2\/media?parent=1248456"}],"wp:term":[{"taxonomy":"category","embeddable":true,"href":"https:\/\/www.europesays.com\/de\/wp-json\/wp\/v2\/categories?post=1248456"},{"taxonomy":"post_tag","embeddable":true,"href":"https:\/\/www.europesays.com\/de\/wp-json\/wp\/v2\/tags?post=1248456"}],"curies":[{"name":"wp","href":"https:\/\/api.w.org\/{rel}","templated":true}]}}