{"id":1248529,"date":"2026-08-20T05:46:22","date_gmt":"2026-08-20T05:46:22","guid":{"rendered":"https:\/\/www.europesays.com\/de\/1248529\/"},"modified":"2026-08-20T05:46:22","modified_gmt":"2026-08-20T05:46:22","slug":"wetter-dortmund-gewitter-und-viel-regen-fast-50-liter-moeglich","status":"publish","type":"post","link":"https:\/\/www.europesays.com\/de\/1248529\/","title":{"rendered":"Wetter Dortmund: Gewitter und viel Regen \u2013 fast 50 Liter m\u00f6glich"},"content":{"rendered":"<p>Fast 50 Liter Regen m\u00f6glich <\/p>\n<p>Nach der Hitze wird es in Dortmund richtig nass<\/p>\n<p>20.08.2026 &#8211; 07:42 UhrLesedauer: 2 Min.<\/p>\n<p><a href=\"#focus-0\" class=\"transition-colors block text-current relative\" data-sctrack=\"FocusGalleryImage.Reference\"><img fetchpriority=\"high\" data-testid=\"Opener.Image\"   loading=\"eager\" src=\"https:\/\/www.europesays.com\/de\/wp-content\/uploads\/2026\/08\/ein-gewitter-in-bayern-mitte-juli-deutschland-trocknet-unter-anhaltendem-hitze-wetter-aus.jpg\" alt=\"Dunkle Gewitterwolken und ein ausgepr\u00e4gter Starkregenschauer ziehen bei H\u00f6lsbrunn im Landkreis Rottal-Inn \u00fcber die Landschaft. Ein Gewitter in Bayern Mitte Juli: Deutschland trocknet unter anhaltendem Hitze-Wetter aus.\" title=\"Dunkle Gewitterwolken und ein ausgepr\u00e4gter Starkregenschauer ziehen bei H\u00f6lsbrunn im Landkreis Rottal-Inn \u00fcber die Landschaft. Ein Gewitter in Bayern Mitte Juli: Deutschland trocknet unter anhaltendem Hitze-Wetter aus.\" width=\"4252\" height=\"2392\" class=\"bg-[url:var(--lqipURL)] bg-cover bg-center flex h-full w-full max-w-full\" style=\"--lqipURL:url('https:\/\/images.t-online.de\/2026\/08\/vnQn286FSCw5\/0x222:4252x2392\/fit-in\/150x0\/filters:blur(25)\/ein-gewitter-in-bayern-mitte-juli-deutschland-trocknet-unter-anhaltendem-hitze-wetter-aus.jpg')\" decoding=\"async\"\/><img loading=\"lazy\" src=\"https:\/\/dortmund.t-online.de\/s\/paper\/_next\/static\/media\/zoom-in.f7dae02f.svg\" alt=\"Vergr\u00f6\u00dfern des Bildes\" title=\"Vergr\u00f6\u00dfern des Bildes\" class=\"block h-[calc(var(--height)_\/_16_*_1rem)] w-[calc(var(--width)_\/_16_*_1rem)] max-w-none absolute right-8 bottom-8 rounded-4 bg-snow p-8\" style=\"--width:32;--height:32\" decoding=\"async\"\/><\/a><\/p>\n<p>Ein Gewitter mit Starkregen: Das Regenrisiko steigt deutlich. (Quelle: IMAGO\/Fotostand \/ Breu\/imago)<\/p>\n<p><img loading=\"lazy\" src=\"https:\/\/dortmund.t-online.de\/s\/paper\/_next\/static\/media\/audio-volume.6689034c.svg\" alt=\"\" title=\"\" class=\"block h-[calc(var(--height)_\/_16_*_1rem)] w-[calc(var(--width)_\/_16_*_1rem)] max-w-none group-hover:brightness-0 group-hover:invert\" style=\"--width:16;--height:16\" decoding=\"async\"\/>Vorlesen<\/p>\n<p>Aktuelle Zeit:0:00Gesamtdauer:0:00<\/p>\n<p>1x<img loading=\"lazy\" src=\"https:\/\/dortmund.t-online.de\/s\/paper\/_next\/static\/media\/font-sizes.32942e33.svg\" alt=\"\" title=\"\" class=\"block h-[calc(var(--height)_\/_16_*_1rem)] w-[calc(var(--width)_\/_16_*_1rem)] max-w-none group-hover:hidden group-aria-expanded:hidden\" style=\"--width:16;--height:16\" decoding=\"async\"\/><img loading=\"lazy\" src=\"https:\/\/dortmund.t-online.de\/s\/paper\/_next\/static\/media\/font-sizes-dark-mode.e382645c.svg\" alt=\"\" title=\"\" class=\"block h-[calc(var(--height)_\/_16_*_1rem)] w-[calc(var(--width)_\/_16_*_1rem)] max-w-none hidden group-hover:block group-aria-expanded:block\" style=\"--width:16;--height:16\" decoding=\"async\"\/><img loading=\"lazy\" src=\"https:\/\/dortmund.t-online.de\/s\/paper\/_next\/static\/media\/sharing-menu-icon.1eb71368.svg\" alt=\"\" title=\"\" class=\"block h-[calc(var(--height)_\/_16_*_1rem)] w-[calc(var(--width)_\/_16_*_1rem)] max-w-none group-hover:brightness-0 group-hover:invert\" style=\"--width:16;--height:16\" decoding=\"async\"\/>Artikel teilen<\/p>\n<p class=\"font-bold text-18 leading-17 user-text-lg:text-22 user-text-xl:text-24\"><strong class=\"font-bold\">Schauer und Gewitter bestimmen in den kommenden Tagen das Wetter in Dortmund und Nordrhein-Westfalen. Jetzt deuten die Berechnungen auf kr\u00e4ftigere Regenf\u00e4lle hin.<\/strong><\/p>\n<p class=\"text-18 leading-17 user-text-lg:text-22 user-text-xl:text-24\">Nach Hitze und Trockenheit wird es in Dortmund wieder deutlich nasser. Bereits am Wochenende steigt die Regenwahrscheinlichkeit stark an. Am Samstag (22. August) k\u00f6nnen nach dem aktuellen 14-Tage-Trend rund elf Liter Regen pro Quadratmeter fallen.<\/p>\n<p class=\"text-18 leading-17 user-text-lg:text-22 user-text-xl:text-24\">Noch kr\u00e4ftiger k\u00f6nnten die Regenf\u00e4lle in der kommenden Woche ausfallen. F\u00fcr Dienstag (25. August) zeigt die Ensemble-Berechnung des europ\u00e4ischen Wettermodells ECMWF ein Szenario mit 45,8 Litern Regen pro Quadratmeter innerhalb von 24 Stunden.<\/p>\n<p class=\"text-18 leading-17 user-text-lg:text-22 user-text-xl:text-24\">Auch der Deutsche Wetterdienst (DWD) sieht Nordrhein-Westfalen zun\u00e4chst unter wechselhaftem Tiefdruckeinfluss. Nach der NRW-Prognose sind wiederholt Schauer und Gewitter m\u00f6glich, \u00f6rtlich kann auch Starkregen auftreten. Die wechselhafte Wetterlage soll zun\u00e4chst bis zum Wochenende anhalten.<\/p>\n<p>Wetter Dortmund und NRW: Fast 46 Liter Regen m\u00f6glich<\/p>\n<p class=\"text-18 leading-17 user-text-lg:text-22 user-text-xl:text-24\">Auff\u00e4llig ist: Die verschiedenen Berechnungen des ECMWF gehen f\u00fcr Dienstag zwar noch weit auseinander. Der kr\u00e4ftigste Lauf kommt allerdings auf 45,8 Liter Regen innerhalb eines Tages.<\/p>\n<p class=\"text-18 leading-17 user-text-lg:text-22 user-text-xl:text-24\">Der Mittelwert des Modellwerte liegt f\u00fcr Dienstag bei rund 10 Litern. Bereits f\u00fcr Montag zeigt sich eine gro\u00dfe Spannweite: W\u00e4hrend im Mittel rund zwei Liter berechnet werden, mehrere Modelle auf mehr als 30 Liter.<\/p>\n<p>Im Video | So wird das Wetter in Ihrer Region<\/p>\n<p><img loading=\"lazy\" src=\"https:\/\/dortmund.t-online.de\/s\/paper\/_next\/static\/media\/loading-indicator.1490436c.svg\" alt=\"Video l\u00e4dt\" title=\"Video l\u00e4dt\" class=\"block h-[calc(var(--height)_\/_16_*_1rem)] w-[calc(var(--width)_\/_16_*_1rem)] max-w-none undefined\" style=\"--width:66;--height:64\" decoding=\"async\"\/><img   loading=\"lazy\" src=\"https:\/\/www.europesays.com\/de\/wp-content\/uploads\/2026\/08\/nach-einem-noch-vergleichsweise-frischen-tag-kehrt-der-sommer-zurueck-bereits-ab-donnerstag-steigen-.jpeg\" alt=\"Wetter in Sachsen-Anhalt\" title=\"Wetter in Sachsen-Anhalt\" width=\"2048\" height=\"1152\" class=\"w-full [grid-area:stack]\" decoding=\"async\"\/>Quelle: Glomex<\/p>\n<p>89 Prozent Regenwahrscheinlichkeit am Samstag<\/p>\n<p class=\"text-18 leading-17 user-text-lg:text-22 user-text-xl:text-24\">Zun\u00e4chst richtet sich der Blick auf das Wochenende. F\u00fcr Freitag liegt die Regenwahrscheinlichkeit im aktuellen 14-Tage-Trend bei 72 Prozent. Erwartet werden rund drei Liter Regen pro Quadratmeter.<\/p>\n<p class=\"text-18 leading-17 user-text-lg:text-22 user-text-xl:text-24\">Am Samstag steigt die Wahrscheinlichkeit auf 89 Prozent, gleichzeitig werden rund elf Liter pro Quadratmeter berechnet. Die Temperaturen kommen kaum \u00fcber 20 Grad hinaus.<\/p>\n<p class=\"text-18 leading-17 user-text-lg:text-22 user-text-xl:text-24\">Am Sonntag folgt voraussichtlich eine kurze Verschnaufpause. Die Regenwahrscheinlichkeit sinkt auf sechs Prozent, Niederschlag wird praktisch nicht erwartet. Bei nur etwa 19 Grad bleibt es allerdings vergleichsweise k\u00fchl. Auch der Montag k\u00f6nnte \u00fcberwiegend trocken verlaufen und mit bis zu 22 Grad etwas w\u00e4rmer werden.<\/p>\n<p>Nach kurzer Pause steigt das Regenrisiko wieder<\/p>\n<p class=\"text-18 leading-17 user-text-lg:text-22 user-text-xl:text-24\">Danach wird die Entwicklung erneut unbest\u00e4ndiger. F\u00fcr Dienstag liegt die Regenwahrscheinlichkeit im 14-Tage-Trend bei 42 Prozent, am Mittwoch bei 34 Prozent. Deutlich h\u00f6her sind die Werte anschlie\u00dfend: F\u00fcr Donnerstag werden 69 Prozent, f\u00fcr Freitag 76 Prozent berechnet.<\/p>\n<p class=\"text-18 leading-17 user-text-lg:text-22 user-text-xl:text-24\">Auch am darauffolgenden Wochenende bleibt das Regenrisiko mit 75 beziehungsweise 62 Prozent erh\u00f6ht. Gleichzeitig steigen die Temperaturen vor\u00fcbergehend wieder. Am Dienstag sind rund 23 Grad m\u00f6glich, Mittwoch und Donnerstag k\u00f6nnten etwa 25 Grad erreicht werden.<\/p>\n<p class=\"text-18 leading-17 user-text-lg:text-22 user-text-xl:text-24\">Wie viel Regen Dortmund in der kommenden Woche tats\u00e4chlich erreicht, ist derzeit noch nicht klar. Wettermodelle geben mehrere m\u00f6gliche Entwicklungen wieder.<\/p>\n","protected":false},"excerpt":{"rendered":"Fast 50 Liter Regen m\u00f6glich Nach der Hitze wird es in Dortmund richtig nass 20.08.2026 &#8211; 07:42 UhrLesedauer:&hellip;\n","protected":false},"author":2,"featured_media":1248530,"comment_status":"","ping_status":"","sticky":false,"template":"","format":"standard","meta":{"footnotes":"","_share_on_mastodon":"0"},"categories":[1833],"tags":[3364,29,217,4906,30,19634,1209,6405,258539,62534],"class_list":["post-1248529","post","type-post","status-publish","format-standard","has-post-thumbnail","category-dortmund","tag-de","tag-deutschland","tag-dortmund","tag-dwd","tag-germany","tag-gewitter","tag-nordrhein-westfalen","tag-regenfall","tag-regenrisiko","tag-regenwahrscheinlichkeit"],"share_on_mastodon":{"url":"https:\/\/pubeurope.com\/@de\/117126263093556200","error":""},"_links":{"self":[{"href":"https:\/\/www.europesays.com\/de\/wp-json\/wp\/v2\/posts\/1248529","targetHints":{"allow":["GET"]}}],"collection":[{"href":"https:\/\/www.europesays.com\/de\/wp-json\/wp\/v2\/posts"}],"about":[{"href":"https:\/\/www.europesays.com\/de\/wp-json\/wp\/v2\/types\/post"}],"author":[{"embeddable":true,"href":"https:\/\/www.europesays.com\/de\/wp-json\/wp\/v2\/users\/2"}],"replies":[{"embeddable":true,"href":"https:\/\/www.europesays.com\/de\/wp-json\/wp\/v2\/comments?post=1248529"}],"version-history":[{"count":0,"href":"https:\/\/www.europesays.com\/de\/wp-json\/wp\/v2\/posts\/1248529\/revisions"}],"wp:featuredmedia":[{"embeddable":true,"href":"https:\/\/www.europesays.com\/de\/wp-json\/wp\/v2\/media\/1248530"}],"wp:attachment":[{"href":"https:\/\/www.europesays.com\/de\/wp-json\/wp\/v2\/media?parent=1248529"}],"wp:term":[{"taxonomy":"category","embeddable":true,"href":"https:\/\/www.europesays.com\/de\/wp-json\/wp\/v2\/categories?post=1248529"},{"taxonomy":"post_tag","embeddable":true,"href":"https:\/\/www.europesays.com\/de\/wp-json\/wp\/v2\/tags?post=1248529"}],"curies":[{"name":"wp","href":"https:\/\/api.w.org\/{rel}","templated":true}]}}