{"id":1248655,"date":"2026-08-20T07:20:19","date_gmt":"2026-08-20T07:20:19","guid":{"rendered":"https:\/\/www.europesays.com\/de\/1248655\/"},"modified":"2026-08-20T07:20:19","modified_gmt":"2026-08-20T07:20:19","slug":"nu-gucke-ma-da-zu-gast-bei-sommeliermeister-patrick-nitsche","status":"publish","type":"post","link":"https:\/\/www.europesays.com\/de\/1248655\/","title":{"rendered":"NU GUCKE MA DA! Zu Gast bei Sommeliermeister Patrick Nitsche"},"content":{"rendered":"<p class=\"wp-block-paragraph\">Schon gewusst, dass in Dresden Elbland seit Jahrhunderten Wein angebaut wird? In dieser Folge von NU GUCKE MA DA! besucht Podcast-Host Benedict Bartsch den Sommeliermeister Patrick Nitsche in seiner \u201e<a href=\"https:\/\/www.weinkulturbar.de\/\" rel=\"nofollow noopener\" target=\"_blank\"><strong>Weinkulturbar<\/strong><\/a>\u201c im Dresdner Stadtteil Striesen. Zwischen s\u00e4chsischen Weinen und Flaschen aus aller Welt geht es um die Besonderheiten der Weinregion Dresden Elbland, Patricks Weg zum Sommeliermeister und die Frage, welche Orte und Erlebnisse er G\u00e4sten in Dresden Elbland besonders ans Herz legt. Und nat\u00fcrlich verr\u00e4t der Weinexperte auch den einen oder anderen Tipp f\u00fcr den perfekten Weingenuss. Einer davon \u00fcberrascht vielleicht: Rotwein darf gut gek\u00fchlt ins Glas \u2013 und das nicht nur im Sommer.<\/p>\n<p><strong>NU GUCKE MA DA! \u2013 Der Reisepodcast aus Dresden Elbland<\/strong><\/p>\n<p class=\"wp-block-paragraph\">Was macht Dresden Elbland besonders? Es sind vor allem die Menschen, die hier leben, arbeiten und die Region mit ihren Ideen und ihrer Leidenschaft pr\u00e4gen. Im <strong>Reisepodcast NU GUCKE MA DA!<\/strong> trifft Host und geb\u00fcrtiger Dresdner Benedict Bartsch genau diese Menschen.<\/p>\n<p class=\"wp-block-paragraph\">Winzer und K\u00fcnstlerinnen, Gastronomen und Handwerkerinnen, kreative K\u00f6pfe und echte Kenner der Region erz\u00e4hlen davon, was sie antreibt, wof\u00fcr sie brennen und was sie mit Dresden Elbland verbindet. Dabei geben sie pers\u00f6nliche Einblicke in ihre Arbeit und ihr Leben in der Region. Und nat\u00fcrlich m\u00f6chte Benedict wissen: Wo sind ihre Lieblingsorte? Was sollte man unbedingt gesehen, erlebt oder probiert haben?<\/p>\n<p class=\"wp-block-paragraph\">So entstehen pers\u00f6nliche Begegnungen und besondere Empfehlungen f\u00fcr Dresden und das Elbland, die vielleicht noch nicht auf jeder Bucketlist stehen. <\/p>\n<p>Reinh\u00f6ren, Menschen kennenlernen und Dresden Elbland neu entdecken. <\/p>\n<p>Wir w\u00fcnschen viel Freude beim H\u00f6ren!<\/p>\n<p>\u00dcberall da, wo es Podcasts gibt<\/p>\n<p>\tLesen Sie auch \u2026\t<\/p>\n<ul class=\"rp4wp-posts-list\">\n<li class=\"rp4wp-col rp4wp-col-first\">\n\t<a href=\"https:\/\/dresden-magazin.com\/dresden-elbland-podcast\/barkeeperin\/\" rel=\"nofollow noopener\" target=\"_blank\"><img loading=\"lazy\" decoding=\"async\" width=\"800\" height=\"450\" src=\"https:\/\/www.europesays.com\/de\/wp-content\/uploads\/2026\/08\/barkeeperin-800x450.jpg\" class=\"attachment-rp4wp-thumbnail-post size-rp4wp-thumbnail-post wp-post-image\" alt=\"Barkeeperin des Jahres Luisa Fritsche.\"  \/><\/a><\/p>\n<p>In dieser Podcast-Folge treffen wir Luisa Fritsche, die 2024 als &#8222;Beste Barkeeperin Deutschlands&#8220; ausgezeichnet wurde.<\/p>\n<\/li>\n<li class=\"rp4wp-col\">\n\t<a href=\"https:\/\/dresden-magazin.com\/dresden-elbland-podcast\/modedesignerin\/\" rel=\"nofollow noopener\" target=\"_blank\"><img loading=\"lazy\" decoding=\"async\" width=\"800\" height=\"450\" src=\"https:\/\/www.europesays.com\/de\/wp-content\/uploads\/2026\/08\/aufmacherbild_modedesignerin-800x450.jpg\" class=\"attachment-rp4wp-thumbnail-post size-rp4wp-thumbnail-post wp-post-image\" alt=\"Podcast-Gastgeberin Henriette Fee-Gr\u00fctzner und Modedesignerin Dorothea Michalk im Dresdner Atelier.\"  \/><\/a><\/p>\n<p>Modedesignerin Dorothea Michalk verr\u00e4t im Podcast exklusive Styling-Tipps und ihre Lieblingsorte in Dresden Elbland. Jetzt reinh\u00f6ren!<\/p>\n<\/li>\n<li class=\"rp4wp-col rp4wp-col-last\">\n\t<a href=\"https:\/\/dresden-magazin.com\/dresden-elbland-podcast\/brotsommelier\/\" rel=\"nofollow noopener\" target=\"_blank\"><img loading=\"lazy\" decoding=\"async\" width=\"800\" height=\"450\" src=\"https:\/\/www.europesays.com\/de\/wp-content\/uploads\/2026\/08\/Brotsommelier-Podcast_Header-800x450.jpg\" class=\"attachment-rp4wp-thumbnail-post size-rp4wp-thumbnail-post wp-post-image\" alt=\"Henriette Fee-Gr\u00fctzen steht neben Brotsommelier Chris Jentsch in seiner B\u00e4ckereii hinter einem Brotkorb voller Br\u00f6tchen und Brote.\"  \/><\/a><\/p>\n<p>Transkript anzeigen Transkript der Podcastfolge mit Brotsommelier Chris Jentzsch Henriette Fee Gr\u00fctzner: [Musik] Mhm, so eine leckere Scheibe Brot. Frisches\u2026<\/p>\n<\/li>\n<\/ul>\n","protected":false},"excerpt":{"rendered":"Schon gewusst, dass in Dresden Elbland seit Jahrhunderten Wein angebaut wird? In dieser Folge von NU GUCKE MA&hellip;\n","protected":false},"author":2,"featured_media":1248656,"comment_status":"","ping_status":"","sticky":false,"template":"","format":"standard","meta":{"footnotes":"","_share_on_mastodon":"0"},"categories":[1835],"tags":[3364,29,2386,2314,30,859],"class_list":["post-1248655","post","type-post","status-publish","format-standard","has-post-thumbnail","category-dresden","tag-de","tag-deutschland","tag-dresden","tag-featured","tag-germany","tag-sachsen"],"share_on_mastodon":{"url":"https:\/\/pubeurope.com\/@de\/117126631849362984","error":""},"_links":{"self":[{"href":"https:\/\/www.europesays.com\/de\/wp-json\/wp\/v2\/posts\/1248655","targetHints":{"allow":["GET"]}}],"collection":[{"href":"https:\/\/www.europesays.com\/de\/wp-json\/wp\/v2\/posts"}],"about":[{"href":"https:\/\/www.europesays.com\/de\/wp-json\/wp\/v2\/types\/post"}],"author":[{"embeddable":true,"href":"https:\/\/www.europesays.com\/de\/wp-json\/wp\/v2\/users\/2"}],"replies":[{"embeddable":true,"href":"https:\/\/www.europesays.com\/de\/wp-json\/wp\/v2\/comments?post=1248655"}],"version-history":[{"count":0,"href":"https:\/\/www.europesays.com\/de\/wp-json\/wp\/v2\/posts\/1248655\/revisions"}],"wp:featuredmedia":[{"embeddable":true,"href":"https:\/\/www.europesays.com\/de\/wp-json\/wp\/v2\/media\/1248656"}],"wp:attachment":[{"href":"https:\/\/www.europesays.com\/de\/wp-json\/wp\/v2\/media?parent=1248655"}],"wp:term":[{"taxonomy":"category","embeddable":true,"href":"https:\/\/www.europesays.com\/de\/wp-json\/wp\/v2\/categories?post=1248655"},{"taxonomy":"post_tag","embeddable":true,"href":"https:\/\/www.europesays.com\/de\/wp-json\/wp\/v2\/tags?post=1248655"}],"curies":[{"name":"wp","href":"https:\/\/api.w.org\/{rel}","templated":true}]}}