{"id":1248686,"date":"2026-08-20T07:47:20","date_gmt":"2026-08-20T07:47:20","guid":{"rendered":"https:\/\/www.europesays.com\/de\/1248686\/"},"modified":"2026-08-20T07:47:20","modified_gmt":"2026-08-20T07:47:20","slug":"ermittler-einzeltaeter-legte-brand-in-juedischem-altenheim","status":"publish","type":"post","link":"https:\/\/www.europesays.com\/de\/1248686\/","title":{"rendered":"Ermittler: Einzelt\u00e4ter legte Brand in j\u00fcdischem Altenheim"},"content":{"rendered":"<p>    <a href=\"https:\/\/www.idowa.de\/storage\/image\/4\/9\/0\/8\/1028094_fancybox_1GxGVA_w9Dpx0.webp\" data-fcms-id=\"1028094\" data-fcms-treeid=\"65087\" class=\"openExtThumb-1028094\" data-caption=\"&lt;p&gt;picture alliance \/ Joachim Barfknecht\/dpa&lt;\/p&gt;&lt;p&gt;Bei dem Brandanschlag auf ein j\u00fcdisches Altenheim im Jahr 1970 geht die Generalstaatsanwaltschaft nun von einem rechtsextremen Einzelt\u00e4ter aus. (Archivbild)&lt;\/p&gt;\" rel=\"nofollow noopener\" target=\"_blank\"><br \/>\n      <img decoding=\"async\" fetchpriority=\"high\" src=\"https:\/\/www.europesays.com\/de\/wp-content\/uploads\/2026\/08\/1028094_s100_1GxGVA_eBFQdQ.jpg\" alt=\"Bei dem Brandanschlag auf ein j\u00fcdisches Altenheim im Jahr 1970 geht die Generalstaatsanwaltschaft nun von einem rechtsextremen Einzelt\u00e4ter aus. (Archivbild)\" title=\"Bei dem Brandanschlag auf ein j\u00fcdisches Altenheim im Jahr 1970 geht die Generalstaatsanwaltschaft nun von einem rechtsextremen Einzelt\u00e4ter aus. (Archivbild)\" width=\"956\" height=\"538\"\/><br \/>\n    <\/a><\/p>\n<p class=\"copyright mb-0\">picture alliance \/ Joachim Barfknecht\/dpa<\/p>\n<p class=\"subline mb-0\">\n        Bei dem Brandanschlag auf ein j\u00fcdisches Altenheim im Jahr 1970 geht die Generalstaatsanwaltschaft nun von einem rechtsextremen Einzelt\u00e4ter aus. (Archivbild)\n       <\/p>\n<p>Von dpa<\/p>\n<p>\n        20. August 2026<\/p>\n<p>          Stand: 9:32 Uhr<\/p>\n<p>Mehr als 56 Jahre nach einem Brandanschlag auf ein j\u00fcdisches Seniorenheim in <a href=\"https:\/\/www.idowa.de\/regional\/muenchen\/\" rel=\"nofollow noopener\" target=\"_blank\">M\u00fcnchen<\/a> mit sieben Toten ist die Generalstaatsanwaltschaft von einem rechtsextremen Einzelt\u00e4ter \u00fcberzeugt. Die Indizien spr\u00e4chen deutlich daf\u00fcr, dass ein mittlerweile verstorbener Mann das Feuer in dem j\u00fcdischen Gemeindehaus in der Reichenbachstra\u00dfe gelegt habe, teilte die Beh\u00f6rde in M\u00fcnchen mit. Es gebe keine Anhaltspunkte f\u00fcr eine Beteiligung weiterer Personen.<\/p>\n<p>Die Generalstaatsanwaltschaft M\u00fcnchen hatte die Ermittlungen gegen Unbekannt im April 2025 wieder aufgenommen. Eine Zeugin habe glaubhafte Angaben zum Tatverd\u00e4chtigen gemacht, so die Beh\u00f6rde. Da der Mann nicht mehr lebt, wurde das Ermittlungsverfahren eingestellt. Es gelte zudem die postmortale Unschuldsvermutung.<\/p>\n<p>Ermittler: Abschlie\u00dfende Bewertung nicht m\u00f6glich<\/p>\n<p>Bei den Ermittlungen ging es laut Generalstaatsanwaltschaft um m\u00f6gliche weitere Beteiligte des Anschlags. Diesen Verdacht konnten die Ermittler aber nicht erh\u00e4rten. Stattdessen verdichteten sich die Hinweise auf den damals 25-j\u00e4hrigen Einzelt\u00e4ter, der als rechtsextrem und antisemitisch bekannt war. Da der Mann aber2020 starb, ist nach Angaben der Beh\u00f6rde eine abschlie\u00dfende rechtliche Bewertung nicht m\u00f6glich.<\/p>\n<p>Im Laufe der Jahrzehnte war immer wieder ermittelt worden. So hatte die Bundesanwaltschaft eine linksextremistische Gruppierung im Blick, doch 2017 stellte die Beh\u00f6rde das Verfahren ein. Trotz vorhandener Indizien reichten die Verdachtsmomente nicht f\u00fcr einen konkreten Tatverdacht aus, hie\u00df es damals.<\/p>\n<p>Sieben Holocaust\u00fcberlebende sterben<\/p>\n<p>Das Feuer im Treppenhaus des j\u00fcdischen Gemeindehauses war am 13. Februar 1970 ausgebrochen, kurz nach Ende eines abendlichen Gottesdienstes in der Synagoge. Die Bewohner eines dort untergebrachten Altenheimes wurden von den Flammen eingeschlossen. Die meisten der rund 30 Menschen konnten gerettet werden, doch sieben von ihnen starben. Nach Angaben der Ermittler handelte es sich um Holocaust\u00fcberlebende. 15 Menschen wurden verletzt, vier von ihnen schwer.<\/p>\n<p>\n      Dieser Artikel ist Teil eines automatisierten Angebots der Deutschen Presse-Agentur (dpa). Er wird von der idowa-Redaktion nicht bearbeitet oder gepr\u00fcft.\n    <\/p>\n","protected":false},"excerpt":{"rendered":"picture alliance \/ Joachim Barfknecht\/dpa Bei dem Brandanschlag auf ein j\u00fcdisches Altenheim im Jahr 1970 geht die Generalstaatsanwaltschaft&hellip;\n","protected":false},"author":2,"featured_media":1248687,"comment_status":"","ping_status":"","sticky":false,"template":"","format":"standard","meta":{"footnotes":"","_share_on_mastodon":"0"},"categories":[1827],"tags":[712,772,4852,29,258561,30,1268,31321],"class_list":["post-1248686","post","type-post","status-publish","format-standard","has-post-thumbnail","category-muenchen","tag-antisemitismus","tag-bayern","tag-brandstiftung","tag-deutschland","tag-generalstaatsanwaltschaft-muenchen","tag-germany","tag-muenchen","tag-rechtsterrorismus"],"share_on_mastodon":{"url":"https:\/\/pubeurope.com\/@de\/117126737609074882","error":""},"_links":{"self":[{"href":"https:\/\/www.europesays.com\/de\/wp-json\/wp\/v2\/posts\/1248686","targetHints":{"allow":["GET"]}}],"collection":[{"href":"https:\/\/www.europesays.com\/de\/wp-json\/wp\/v2\/posts"}],"about":[{"href":"https:\/\/www.europesays.com\/de\/wp-json\/wp\/v2\/types\/post"}],"author":[{"embeddable":true,"href":"https:\/\/www.europesays.com\/de\/wp-json\/wp\/v2\/users\/2"}],"replies":[{"embeddable":true,"href":"https:\/\/www.europesays.com\/de\/wp-json\/wp\/v2\/comments?post=1248686"}],"version-history":[{"count":0,"href":"https:\/\/www.europesays.com\/de\/wp-json\/wp\/v2\/posts\/1248686\/revisions"}],"wp:featuredmedia":[{"embeddable":true,"href":"https:\/\/www.europesays.com\/de\/wp-json\/wp\/v2\/media\/1248687"}],"wp:attachment":[{"href":"https:\/\/www.europesays.com\/de\/wp-json\/wp\/v2\/media?parent=1248686"}],"wp:term":[{"taxonomy":"category","embeddable":true,"href":"https:\/\/www.europesays.com\/de\/wp-json\/wp\/v2\/categories?post=1248686"},{"taxonomy":"post_tag","embeddable":true,"href":"https:\/\/www.europesays.com\/de\/wp-json\/wp\/v2\/tags?post=1248686"}],"curies":[{"name":"wp","href":"https:\/\/api.w.org\/{rel}","templated":true}]}}