{"id":1248770,"date":"2026-08-20T08:52:23","date_gmt":"2026-08-20T08:52:23","guid":{"rendered":"https:\/\/www.europesays.com\/de\/1248770\/"},"modified":"2026-08-20T08:52:23","modified_gmt":"2026-08-20T08:52:23","slug":"prinz-harry-und-meghan-planen-rueckkehr-nach-grossbritannien","status":"publish","type":"post","link":"https:\/\/www.europesays.com\/de\/1248770\/","title":{"rendered":"Prinz Harry und Meghan planen R\u00fcckkehr nach Gro\u00dfbritannien"},"content":{"rendered":"<p> LONDON\/VEREINIGTES K\u00d6NIGREICH. Prinz Harry und Herzogin Meghan wollen Medienberichten zufolge noch im August nach Gro\u00dfbritannien zur\u00fcckkehren. Die Familie soll k\u00fcnftig au\u00dferhalb von London leben, die Kinder Archie und Lilibet sollen ab September Schulen im Land besuchen. <\/p>\n<p>Mehr als sechs Jahre nach ihrem Umzug nach Kalifornien k\u00f6nnte die Familie wieder dauerhaft oder zumindest vor\u00fcbergehend in Gro\u00dfbritannien leben. Wie die Tagesschau am 20. August 2026 berichtet, gibt es bislang weder vom Paar noch vom K\u00f6nigshaus eine offizielle Best\u00e4tigung.<\/p>\n<p>Harry und Meghan hatten 2020 ihre royalen Aufgaben aufgegeben. Das Verh\u00e4ltnis zur K\u00f6nigsfamilie galt lange als belastet, zuletzt kam es jedoch wieder zu Treffen mit K\u00f6nig Charles III.<\/p>\n<p>Sicherheitsfrage noch offen<\/p>\n<p>Unklar ist, welche Schutzma\u00dfnahmen f\u00fcr Harry, Meghan und ihre Kinder bei einer R\u00fcckkehr gelten w\u00fcrden. Mit dem Verzicht auf ihre k\u00f6niglichen Pflichten verlor das Paar den Anspruch auf die h\u00f6chsten staatlichen Sicherheitsvorkehrungen.<\/p>\n<p>Auch das britische Innenministerium hat sich bisher nicht zu m\u00f6glichen Regelungen ge\u00e4u\u00dfert. Berichten zufolge soll K\u00f6nig Charles erst am vergangenen Wochenende \u00fcber die Pl\u00e4ne informiert worden sein.<\/p>\n","protected":false},"excerpt":{"rendered":"LONDON\/VEREINIGTES K\u00d6NIGREICH. Prinz Harry und Herzogin Meghan wollen Medienberichten zufolge noch im August nach Gro\u00dfbritannien zur\u00fcckkehren. Die Familie&hellip;\n","protected":false},"author":2,"featured_media":1248771,"comment_status":"","ping_status":"","sticky":false,"template":"","format":"standard","meta":{"footnotes":"","_share_on_mastodon":"0"},"categories":[3976],"tags":[331,332,13,984,14,15,8206,12,3992,3993,3994,3995,3996,3997],"class_list":["post-1248770","post","type-post","status-publish","format-standard","has-post-thumbnail","category-vereinigtes-koenigreich","tag-aktuelle-nachrichten","tag-aktuelle-news","tag-headlines","tag-international","tag-nachrichten","tag-news","tag-royals","tag-schlagzeilen","tag-uk","tag-united-kingdom","tag-united-kingdom-of-great-britain-and-northern-ireland","tag-vereinigtes-koenigreich","tag-vereinigtes-koenigreich-grossbritannien-und-nordirland","tag-vereinigtes-koenigreich-von-grossbritannien-und-nordirland"],"share_on_mastodon":{"url":"","error":""},"_links":{"self":[{"href":"https:\/\/www.europesays.com\/de\/wp-json\/wp\/v2\/posts\/1248770","targetHints":{"allow":["GET"]}}],"collection":[{"href":"https:\/\/www.europesays.com\/de\/wp-json\/wp\/v2\/posts"}],"about":[{"href":"https:\/\/www.europesays.com\/de\/wp-json\/wp\/v2\/types\/post"}],"author":[{"embeddable":true,"href":"https:\/\/www.europesays.com\/de\/wp-json\/wp\/v2\/users\/2"}],"replies":[{"embeddable":true,"href":"https:\/\/www.europesays.com\/de\/wp-json\/wp\/v2\/comments?post=1248770"}],"version-history":[{"count":0,"href":"https:\/\/www.europesays.com\/de\/wp-json\/wp\/v2\/posts\/1248770\/revisions"}],"wp:featuredmedia":[{"embeddable":true,"href":"https:\/\/www.europesays.com\/de\/wp-json\/wp\/v2\/media\/1248771"}],"wp:attachment":[{"href":"https:\/\/www.europesays.com\/de\/wp-json\/wp\/v2\/media?parent=1248770"}],"wp:term":[{"taxonomy":"category","embeddable":true,"href":"https:\/\/www.europesays.com\/de\/wp-json\/wp\/v2\/categories?post=1248770"},{"taxonomy":"post_tag","embeddable":true,"href":"https:\/\/www.europesays.com\/de\/wp-json\/wp\/v2\/tags?post=1248770"}],"curies":[{"name":"wp","href":"https:\/\/api.w.org\/{rel}","templated":true}]}}