{"id":1248858,"date":"2026-08-20T10:02:24","date_gmt":"2026-08-20T10:02:24","guid":{"rendered":"https:\/\/www.europesays.com\/de\/1248858\/"},"modified":"2026-08-20T10:02:24","modified_gmt":"2026-08-20T10:02:24","slug":"formel-1-offizielle-mitteilung-knaller-um-max-verstappen-und-red-bull-sport","status":"publish","type":"post","link":"https:\/\/www.europesays.com\/de\/1248858\/","title":{"rendered":"Formel 1: Offizielle Mitteilung: Knaller um Max Verstappen und Red Bull | Sport"},"content":{"rendered":"<p><a class=\"skip-content skip-content--link\" href=\"#in-content-skip-link-target-v-0-0\">TTS-Player \u00fcberspringen\u21b5<\/a><a id=\"in-content-skip-link-target-v-0-0\" class=\"skip-content--target-link-hidden skip-content skip-content--target-link\" href=\"#in-content-skip-link-target-v-0-0\">Artikel weiterlesen<\/a><\/p>\n<p data-21134c99=\"0-2877\"><b>Die Zukunft von Vierfach-Weltmeister Max Verstappen (28) in der Formel 1 ist gekl\u00e4rt. Der Holl\u00e4nder hat seinen bis 2028 laufenden Vertrag bei Red Bull bis 2030 verl\u00e4ngert. Das hat der Brause-Rennstall am Donnerstagmorgen offiziell verk\u00fcndet. Ein Knaller kurz vor Ende der Formel-1-Sommerpause. Am Sonntag (15 Uhr) steht Verstappens Heim-Rennen in Zandvoort an.<\/b><\/p>\n<p data-21134c99=\"0-2877\">In der Mitteilung hei\u00dft es: \u201eWir freuen uns, bekannt geben zu k\u00f6nnen, dass Max seinen Vertrag mit dem Team bis Ende 2030 verl\u00e4ngert hat.\u201c Damit enden die seit Monaten anhaltenden Ger\u00fcchte \u00fcber Verstappens Zukunft. <\/p>\n<p data-21134c99=\"0-2877\">Red Bulls Teamchef Laurent Mekies (49) sagt: \u201eDass Max bei uns bleibt und wir den besten Fahrer im Feld halten k\u00f6nnen, sind fantastische Nachrichten f\u00fcr alle bei Red Bull, Oracle Red Bull Racing sowie f\u00fcr die <a href=\"https:\/\/www.bild.de\/sport\/motorsport\/formel1\/home-15769114.bild.html\" class=\"text-link\" rel=\"nofollow noopener\" target=\"_blank\">Formel 1<\/a> und den <a href=\"https:\/\/www.bild.de\/sport\/motorsport\/motorsport\/home-17620118.bild.html\" class=\"text-link\" rel=\"nofollow noopener\" target=\"_blank\">Motorsport<\/a> insgesamt.\u201c<\/p>\n<p><img decoding=\"async\" width=\"992\" height=\"661\" alt=\"Die TInte ist trocken: Vertsappen (l.) bei der Unterschrift unter sein neues Arbeitspapier mit Red Bulls Teamchef Laurent Mekies (49)\" loading=\"lazy\" src=\"https:\/\/www.europesays.com\/de\/wp-content\/uploads\/2026\/08\/76f142ed9bb11ec9aea41db58068a48c,915c7ab1.jpeg\"   class=\"dynamic\"\/><\/p>\n<p class=\"fig__caption__text\">Die Tinte ist trocken: Verstappen (l.) bei der Unterschrift unter sein neues Arbeitspapier mit Red Bulls Teamchef Laurent Mekies (49)<\/p>\n<p data-21134c99=\"0-2877\"><a href=\"https:\/\/www.bild.de\/sport\/leute\/max-verstappen\/max-verstappen-alle-infos-79487242.bild.html\" class=\"text-link\" rel=\"nofollow noopener\" target=\"_blank\">Verstappen<\/a> selbst sagt: \u201eIch freue mich wirklich sehr \u00fcber die Vertragsverl\u00e4ngerung. Wir haben die besten Leute, und ich freue mich darauf, weiterhin mit allen zusammenzuarbeiten, um wieder an die Spitze zur\u00fcckzukehren. Das bleibt das oberste Ziel, auf das wir alle hingearbeitet haben und das wir auch weiterhin verfolgen werden. Ich m\u00f6chte Red Bull, Laurent und allen bei Oracle Red Bull Racing f\u00fcr das Vertrauen danken, das sie in mich setzen.\u201c<\/p>\n<p>Max Verstappen \u00fcber Red Bull: \u201eDas Team ist f\u00fcr mich wie eine zweite Familie\u201c<\/p>\n<p data-21134c99=\"0-2877\">Und weiter: \u201eIch habe es immer gesagt: Das Team ist f\u00fcr mich wie eine zweite Familie, und ich f\u00fchle mich hier sehr zu Hause. Ich bin zum Team gekommen, in der Hoffnung, Rennen gewinnen zu k\u00f6nnen. Was wir anschlie\u00dfend gemeinsam erreicht haben, war einfach gro\u00dfartig. Wir haben viele unglaubliche Momente erlebt und vier Weltmeisterschaften gewonnen. Diese Reise mit demselben Team fortzusetzen, bei dem ich w\u00e4hrend meiner gesamten Karriere war, ist wirklich etwas Besonderes und etwas, das ich mir immer gew\u00fcnscht habe.\u201c<\/p>\n<p data-21134c99=\"0-2877\">BILD wei\u00df: Die Verantwortlichen um Mekies und Oliver Mintzlaff (50), Sport-Boss des Brause-Konzerns planten zuletzt eine Umstrukturierung des Verstappen-Vertrags. Das neue Arbeitspapier soll keine Ausstiegsklausel beinhalten, die es Verstappen erm\u00f6glicht, Red Bull zu verlassen. Gut m\u00f6glich, dass Verstappens Grundgehalt (zuletzt rund 65 Millionen Euro pro Jahr) angehoben wurde, um ihn von dem Deal zu \u00fcberzeugen.<\/p>\n<p data-21134c99=\"0-2877\">Manager Raymond Vermeulen sagte zuletzt zu BILD: \u201eWir waren immer loyal und werden es auch bleiben. Wir m\u00f6chten den Weg mit Red Bull weitergehen und Max seine Karriere hier beenden \u2013 aber nat\u00fcrlich mit der M\u00f6glichkeit zu gewinnen.\u201c<\/p>\n<p data-21134c99=\"0-2877\">Aktuell ist Red Bull neben McLaren nur drittst\u00e4rkste Kraft hinter Mercedes und Ferrari. Siegf\u00e4hig ist das Team aus eigener Kraft nicht. Aber: Seit RB beim Heimrennen in \u00d6sterreich ein gro\u00dfes Paket an Verbesserungen (u. a. neue Seitenk\u00e4sten, Motorverkleidung) ans Auto gebracht hat, konnte Verstappen bei drei von vier Rennen aufs Podium fahren.<\/p>\n","protected":false},"excerpt":{"rendered":"TTS-Player \u00fcberspringen\u21b5Artikel weiterlesen Die Zukunft von Vierfach-Weltmeister Max Verstappen (28) in der Formel 1 ist gekl\u00e4rt. Der Holl\u00e4nder&hellip;\n","protected":false},"author":2,"featured_media":1248859,"comment_status":"","ping_status":"","sticky":false,"template":"","format":"standard","meta":{"footnotes":"","_share_on_mastodon":"0"},"categories":[136],"tags":[1737,29,1572,30,241825,1573,265,138370,1571],"class_list":["post-1248858","post","type-post","status-publish","format-standard","has-post-thumbnail","category-sport","tag-breaking-news","tag-deutschland","tag-formel-1","tag-germany","tag-newsos-import-bild","tag-red-bull-racing","tag-sport","tag-team-first","tag-verstappen-max"],"share_on_mastodon":{"url":"https:\/\/pubeurope.com\/@de\/117127268469220344","error":""},"_links":{"self":[{"href":"https:\/\/www.europesays.com\/de\/wp-json\/wp\/v2\/posts\/1248858","targetHints":{"allow":["GET"]}}],"collection":[{"href":"https:\/\/www.europesays.com\/de\/wp-json\/wp\/v2\/posts"}],"about":[{"href":"https:\/\/www.europesays.com\/de\/wp-json\/wp\/v2\/types\/post"}],"author":[{"embeddable":true,"href":"https:\/\/www.europesays.com\/de\/wp-json\/wp\/v2\/users\/2"}],"replies":[{"embeddable":true,"href":"https:\/\/www.europesays.com\/de\/wp-json\/wp\/v2\/comments?post=1248858"}],"version-history":[{"count":0,"href":"https:\/\/www.europesays.com\/de\/wp-json\/wp\/v2\/posts\/1248858\/revisions"}],"wp:featuredmedia":[{"embeddable":true,"href":"https:\/\/www.europesays.com\/de\/wp-json\/wp\/v2\/media\/1248859"}],"wp:attachment":[{"href":"https:\/\/www.europesays.com\/de\/wp-json\/wp\/v2\/media?parent=1248858"}],"wp:term":[{"taxonomy":"category","embeddable":true,"href":"https:\/\/www.europesays.com\/de\/wp-json\/wp\/v2\/categories?post=1248858"},{"taxonomy":"post_tag","embeddable":true,"href":"https:\/\/www.europesays.com\/de\/wp-json\/wp\/v2\/tags?post=1248858"}],"curies":[{"name":"wp","href":"https:\/\/api.w.org\/{rel}","templated":true}]}}