{"id":1248885,"date":"2026-08-20T10:24:21","date_gmt":"2026-08-20T10:24:21","guid":{"rendered":"https:\/\/www.europesays.com\/de\/1248885\/"},"modified":"2026-08-20T10:24:21","modified_gmt":"2026-08-20T10:24:21","slug":"kunstschaetze-aufgespuert-sommerraetsel-entdeckt-neues-im-landkreis-augsburg","status":"publish","type":"post","link":"https:\/\/www.europesays.com\/de\/1248885\/","title":{"rendered":"Kunstsch\u00e4tze aufgesp\u00fcrt: Sommerr\u00e4tsel entdeckt Neues im Landkreis Augsburg"},"content":{"rendered":"<p>    <img decoding=\"async\" src=\"https:\/\/images.mgpd.de\/img\/100713917\/crop\/c16_9-w100\/2057186201\/1528652522\/schwabmuenchen-schulzentrum.jpg\" alt=\"R\u00e4tsel 34: In welcher Stadt steht diese Installation aus Edelstahl?\" title=\"R\u00e4tsel 34: In welcher Stadt steht diese Installation aus Edelstahl?\" loading=\"lazy\" class=\"h-full w-full object-cover\"\/><\/p>\n<p>      Icon vergr\u00f6\u00dfern<\/p>\n<p>    R\u00e4tsel 34: In welcher Stadt steht diese Installation aus Edelstahl?<br \/>\n    Foto: Andreas Lode<\/p>\n<p>        Schlie\u00dfen <\/p>\n<p>      Icon Schlie\u00dfen<\/p>\n<p>        Icon vergr\u00f6\u00dfern<\/p>\n<p>        Icon verkleinern<\/p>\n<p>      Icon Pfeil bewegen<\/p>\n<p>    R\u00e4tsel 34: In welcher Stadt steht diese Installation aus Edelstahl?<br \/>\n    Foto: Andreas Lode<\/p>\n<p class=\"mb-6 text-xs-varying md:text-m lg:text-l font-serif group-[.font-sans]:font-sans \">\n    Sie begegnen einem beinahe jeden Tag: Auf dem Kreisverkehr, in der Dorfmitte oder an der Kirche stehen kleine und gro\u00dfe Kunstwerke. Die Skulpturen, Installationen oder auch Graffiti sind oft wie versteckte Sch\u00e4tze. Aber wer wei\u00df tats\u00e4chlich mehr \u00fcber sie? Fotograf Marcus Merk und Redakteur Maximilian Czysz haben sich auf\u00a0Spurensuche begeben. Gemeinsam mit allen Lesern und Leserinnen wollen sie unscheinbare Ecken im Landkreis Augsburg erkunden und besondere Kunstwerke im \u00f6ffentlichen Raum entdecken. Zwei dieser Kunstwerke werden pro Ausgabe gezeigt. Gesucht wird dann jeweils der Ort, an dem sich das abgebildete Kunstwerk befindet.\n  <\/p>\n<p>            Mitmachen und gewinnen: So funktioniert\u2018s<\/p>\n<p class=\"mb-6 text-xs-varying md:text-m lg:text-l font-serif group-[.font-sans]:font-sans \">\n    Um am gro\u00dfen Sommerr\u00e4tsel mitzumachen, sind mindestens zehn richtige Antworten n\u00f6tig. Achtung: Bitte die L\u00f6sungen gesammelt am besten per Mail an <strong class=\"font-bold\"><a href=\"https:\/\/www.augsburger-allgemeine.de\/schwabmuenchen\/mailto:redaktion.landbote@augsburger-allgemeine.de\" rel=\"nofollow noopener\" target=\"_blank\" class=\"underline \">redaktion.landbote@augsburger-allgemeine.de<\/a> <\/strong>oder<strong class=\"font-bold\"> <a href=\"https:\/\/www.augsburger-allgemeine.de\/schwabmuenchen\/mailto:redaktion.landbote@augsburger-allgemeine.de\" rel=\"nofollow noopener\" target=\"_blank\" class=\"underline \">redaktion@schwabmuenchner-allgemeine.de<\/a><\/strong> schicken. Eine Teilnahme ist auch per Post (bitte an Schwabm\u00fcnchner Allgemeine, Kaufbeurer Stra\u00dfe 3, 86830 Schwabm\u00fcnchen oder Augsburger Landbote, Bahnhofstra\u00dfe 8, 86368 Gersthofen) m\u00f6glich. Unter allen Teilnehmern mit mindestens zehn richtigen L\u00f6sungen werden nach den Sommerferien Buchpreise verlost.\n  <\/p>\n","protected":false},"excerpt":{"rendered":"Icon vergr\u00f6\u00dfern R\u00e4tsel 34: In welcher Stadt steht diese Installation aus Edelstahl? Foto: Andreas Lode Schlie\u00dfen Icon Schlie\u00dfen&hellip;\n","protected":false},"author":2,"featured_media":1248886,"comment_status":"","ping_status":"","sticky":false,"template":"","format":"standard","meta":{"footnotes":"","_share_on_mastodon":"0"},"categories":[1846],"tags":[680,13299,772,3364,29,548,663,3934,8081,30,60334,12530,13,137026,250447,145577,14,15,12,129217,11838,250446],"class_list":["post-1248885","post","type-post","status-publish","format-standard","has-post-thumbnail","category-augsburg","tag-augsburg","tag-bahnhofstrasse","tag-bayern","tag-de","tag-deutschland","tag-eu","tag-europa","tag-europe","tag-geheimtipp","tag-germany","tag-gersthofen","tag-graffiti","tag-headlines","tag-landkreis-augsburg","tag-marcus-merk","tag-maximilian-czysz","tag-nachrichten","tag-news","tag-schlagzeilen","tag-schwabmuenchen","tag-skulptur","tag-sommerraetsel"],"share_on_mastodon":{"url":"","error":""},"_links":{"self":[{"href":"https:\/\/www.europesays.com\/de\/wp-json\/wp\/v2\/posts\/1248885","targetHints":{"allow":["GET"]}}],"collection":[{"href":"https:\/\/www.europesays.com\/de\/wp-json\/wp\/v2\/posts"}],"about":[{"href":"https:\/\/www.europesays.com\/de\/wp-json\/wp\/v2\/types\/post"}],"author":[{"embeddable":true,"href":"https:\/\/www.europesays.com\/de\/wp-json\/wp\/v2\/users\/2"}],"replies":[{"embeddable":true,"href":"https:\/\/www.europesays.com\/de\/wp-json\/wp\/v2\/comments?post=1248885"}],"version-history":[{"count":0,"href":"https:\/\/www.europesays.com\/de\/wp-json\/wp\/v2\/posts\/1248885\/revisions"}],"wp:featuredmedia":[{"embeddable":true,"href":"https:\/\/www.europesays.com\/de\/wp-json\/wp\/v2\/media\/1248886"}],"wp:attachment":[{"href":"https:\/\/www.europesays.com\/de\/wp-json\/wp\/v2\/media?parent=1248885"}],"wp:term":[{"taxonomy":"category","embeddable":true,"href":"https:\/\/www.europesays.com\/de\/wp-json\/wp\/v2\/categories?post=1248885"},{"taxonomy":"post_tag","embeddable":true,"href":"https:\/\/www.europesays.com\/de\/wp-json\/wp\/v2\/tags?post=1248885"}],"curies":[{"name":"wp","href":"https:\/\/api.w.org\/{rel}","templated":true}]}}