{"id":1248895,"date":"2026-08-20T10:31:39","date_gmt":"2026-08-20T10:31:39","guid":{"rendered":"https:\/\/www.europesays.com\/de\/1248895\/"},"modified":"2026-08-20T10:31:39","modified_gmt":"2026-08-20T10:31:39","slug":"service-de-c-1995-2026-ruhr-concept-kg-das-presseportal-fuer-die-erfolgreiche-pressearbeit-von-staedten-kreisen-verbaenden-verlagen-parteien-unternehmen-medienbueros-hotelketten-etc-72","status":"publish","type":"post","link":"https:\/\/www.europesays.com\/de\/1248895\/","title":{"rendered":"service.de &#8211; (c) 1995-2026 ruhr-concept KG, das Presseportal f\u00fcr die erfolgreiche Pressearbeit von St\u00e4dten, Kreisen, Verb\u00e4nden, Verlagen, Parteien, Unternehmen, Medienb\u00fcros, Hotelketten etc."},"content":{"rendered":"<p>            &#13;<br \/>\n                Alle Meldungen:<\/p>\n<p>  &#13;<br \/>\n20.08.2026 &#8211; <a href=\"https:\/\/www.presse-service.de\/public\/Default.aspx?p=1592\" rel=\"nofollow noopener\" target=\"_blank\">Stadt Sundern<\/a>&#13;<\/p>\n<p>  &#13;<br \/>\nMinisterin Ina Scharrenbach zu Besuch in Sundern&#13;<\/p>\n<p class=\"ins_r\">&#13;<br \/>\n      <img decoding=\"async\" class=\"news_list_single_image\" src=\"https:\/\/www.europesays.com\/de\/wp-content\/uploads\/2026\/08\/325309V.jpg\" alt=\"\u00a9 Lena Eggenhofer\"\/>&#13;<br \/>\nStadt stellt st\u00e4dtebauliche Projekte und Perspektiven f\u00fcr die Innenstadt vor.&#13;\n  <\/p>\n<p> &#13;<br \/>\n      <a href=\"https:\/\/www.presse-service.de\/public\/Single.aspx?iid=1224541\" rel=\"nofollow noopener\" target=\"_blank\">mehr lesen&#8230;<\/a>  <\/p>\n<p>  &#13;<br \/>\n20.08.2026 &#8211; <a href=\"https:\/\/www.presse-service.de\/public\/Default.aspx?p=83\" rel=\"nofollow noopener\" target=\"_blank\">Stadt Herten<\/a>&#13;<\/p>\n<p>  &#13;<br \/>\nSTADTRADELN 2026 und Fahrradverleih metropolradruhr starten in Herten&#13;<\/p>\n<p class=\"ins_r\">&#13;<br \/>\n      <img decoding=\"async\" class=\"news_list_single_image\" src=\"https:\/\/www.europesays.com\/de\/wp-content\/uploads\/2026\/07\/161051V.jpg\" alt=\"\u00a9 \"\/>&#13;<br \/>\nHerten tritt wieder kr\u00e4ftig in die Pedale: Vom 6. bis zum 26. September 2026 beteiligt sich die Stadt Herten gemeinsam mit den anderen St\u00e4dten des Kreises Recklinghausen am STADTRADELN. Gleichzeitig startet im Kreis das Fahrradverleihsystem metropolradruhr. In Herten stehen k\u00fcnftig an 15 Stationen Fahrr\u00e4der zur spontanen und unkomplizierten Ausleihe bereit.&#13;\n  <\/p>\n<p> &#13;<br \/>\n      <a href=\"https:\/\/www.presse-service.de\/public\/Single.aspx?iid=1224639\" rel=\"nofollow noopener\" target=\"_blank\">mehr lesen&#8230;<\/a>  <\/p>\n<p>  &#13;<br \/>\n20.08.2026 &#8211; <a href=\"https:\/\/www.presse-service.de\/public\/Default.aspx?p=1546\" rel=\"nofollow noopener\" target=\"_blank\">Naturpark Schwalm-Nette<\/a>&#13;<\/p>\n<p>  &#13;<br \/>\nNaturpark Schwalm-Nette: Familienwanderung \u00fcber die S\u00fcchtelner H\u00f6hen&#13;<\/p>\n<p class=\"ins_r\">&#13;<br \/>\n      <img decoding=\"async\" class=\"news_list_single_image\" src=\"https:\/\/www.europesays.com\/de\/wp-content\/uploads\/2025\/04\/logo_k.jpg\" alt=\"\u00a9 \"\/>&#13;<br \/>\nBei der Familienwanderung des Naturparks Schwalm-Nette am Sonntag, den 6. September, von 11 bis 14.30 Uhr, lernen die Teilnehmenden die S\u00fcchtelner H\u00f6hen kennen. Unter der Leitung von Wanderf\u00fchrerin Natalie Dickmann folgt die Gruppe auf rund 6,5 Kilometern der S\u00fcchtelner-H\u00f6henrunde. Auf abwechslungsreichen Wegen unterwegs, laden die Irmgardiskapelle und das Wildgehege sowie der Picknickplatz am alten Bismarckturm zu einem Besuch ein. Bei so viel Naturerlebnis sind auch zwei ausgiebige Picknickpausen mit eigener Verpflegung eingeplant.&#13;&#8230;&#13;\n  <\/p>\n<p> &#13;<br \/>\n      <a href=\"https:\/\/www.presse-service.de\/public\/Single.aspx?iid=1224721\" rel=\"nofollow noopener\" target=\"_blank\">mehr lesen&#8230;<\/a>  <\/p>\n<p>  &#13;<br \/>\n20.08.2026 &#8211; <a href=\"https:\/\/www.presse-service.de\/public\/Default.aspx?p=1546\" rel=\"nofollow noopener\" target=\"_blank\">Naturpark Schwalm-Nette<\/a>&#13;<\/p>\n<p>  &#13;<br \/>\nNaturpark Schwalm-Nette: Sandberge im Meinweg&#13;<\/p>\n<p class=\"ins_r\">&#13;<br \/>\n      <img decoding=\"async\" class=\"news_list_single_image\" src=\"https:\/\/www.europesays.com\/de\/wp-content\/uploads\/2025\/04\/logo_k.jpg\" alt=\"\u00a9 \"\/>&#13;<br \/>\nDer Naturpark Schwalm-Nette bietet am Sonntag, den 6. September, von 11 bis 14 Uhr, in den Nationalpark De Meinweg an. Vor Jahrtausenden aus St\u00fcrmen entstandene Sandberge geben diesem Gebiet einen besonderen Charakter. Wanderf\u00fchrer Wilfried Schr\u00f6der begleitet die Teilnehmenden \u00fcber zahlreiche Pfade durch teils urw\u00fcchsigen Jungwald. Dabei werden Teile des Westwalls sichtbar und die Gruppe kann die junge Heide bestaunen, die sich nach dem Waldbrand vor einigen Jahren wieder erholt hat. Die rund neun Kilometer lange Wanderung startet am Reitstall,&#8230;&#13;\n  <\/p>\n<p> &#13;<br \/>\n      <a href=\"https:\/\/www.presse-service.de\/public\/Single.aspx?iid=1224723\" rel=\"nofollow noopener\" target=\"_blank\">mehr lesen&#8230;<\/a>  <\/p>\n<p>  &#13;<br \/>\n20.08.2026 &#8211; <a href=\"https:\/\/www.presse-service.de\/public\/Default.aspx?p=1546\" rel=\"nofollow noopener\" target=\"_blank\">Naturpark Schwalm-Nette<\/a>&#13;<\/p>\n<p>  &#13;<br \/>\nNaturpark Schwalm-Nette: Neller Kappestag&#13;<\/p>\n<p class=\"ins_r\">&#13;<br \/>\n      <img decoding=\"async\" class=\"news_list_single_image\" src=\"https:\/\/www.europesays.com\/de\/wp-content\/uploads\/2025\/04\/logo_k.jpg\" alt=\"\u00a9 \"\/>&#13;<br \/>\nDer Naturpark Schwalm-Nette weist auf den Neller Kappestag des Waldnieler Heimatvereins am Samstag, den 12. September, hin. Von 11 bis 14 Uhr wird Sauerkraut nach alter Tradition auf dem Hof der Heimatstube Waldniel, Niederstra\u00dfe 52 in Schwalmtal-Waldniel, zubereitet. Der Kappes wird gehobelt, gew\u00fcrzt und in die F\u00e4sser gestampft. Interessierte sind eingeladen mitzumachen. Zur St\u00e4rkung gibt es Rosiinew\u00e4\u00e4k m\u00f6t Kruut on eh Dr\u00f6pke.&#13;<br \/>\nDas Neller Premium Sauerkraut wird am Mittwoch, den 28. Oktober, um 15 Uhr vor Ort gegen eine Spende abgegeben.&#13;\n  <\/p>\n<p> &#13;<br \/>\n      <a href=\"https:\/\/www.presse-service.de\/public\/Single.aspx?iid=1224729\" rel=\"nofollow noopener\" target=\"_blank\">mehr lesen&#8230;<\/a>  <\/p>\n<p>  &#13;<br \/>\n20.08.2026 &#8211; <a href=\"https:\/\/www.presse-service.de\/public\/Default.aspx?p=1573\" rel=\"nofollow noopener\" target=\"_blank\">Emschergenossenschaft \/ Lippeverband<\/a>&#13;<\/p>\n<p>  &#13;<br \/>\nLippeverband saniert Kan\u00e4le in Klein-Reken&#13;<br \/>\nMa\u00dfnahme startet kommenden Dienstag und dauert voraussichtlich eine Woche&#13;<\/p>\n<p class=\"ins_r\">&#13;<br \/>\n      <img decoding=\"async\" class=\"news_list_single_image\" src=\"https:\/\/www.europesays.com\/de\/wp-content\/uploads\/2026\/06\/225271V.jpg\" alt=\"\u00a9 Kalhh \/ Pixabay \"\/>&#13;<br \/>\nDer Lippeverband f\u00fchrt ab dem 25. August auf einer L\u00e4nge von zirka 320 Metern Kanalsanierungen durch. Betroffen von der Ma\u00dfnahme sind die Stra\u00dfen Neuenkamp 3 bis Hubertustal 30. Der alte Kanal stammt aus dem Jahr 1968 und muss saniert werden. Der Lippeverband rechnet mit einer Bauzeit von zirka einer Woche und bittet die B\u00fcrgerinnen und B\u00fcrger um Verst\u00e4ndnis bei etwaigen Beeintr\u00e4chtigungen.&#13;\n  <\/p>\n<p> &#13;<br \/>\n      <a href=\"https:\/\/www.presse-service.de\/public\/Single.aspx?iid=1224731\" rel=\"nofollow noopener\" target=\"_blank\">mehr lesen&#8230;<\/a>  <\/p>\n<p>  &#13;<br \/>\n20.08.2026 &#8211; <a href=\"https:\/\/www.presse-service.de\/public\/Default.aspx?p=116\" rel=\"nofollow noopener\" target=\"_blank\">Stadt Hanau<\/a>&#13;<\/p>\n<p>  &#13;<br \/>\nIn rund einem Monat: Sechs Kilometer f\u00fcr den guten Zweck&#13;<br \/>\n25. Stadtlauf Hanau am Freitag, 18. September, 17 Uhr \/ Bereits 1.170 Anmeldungen &#13;<\/p>\n<p class=\"ins_r\">&#13;<br \/>\n      <img decoding=\"async\" class=\"news_list_single_image\" src=\"https:\/\/www.europesays.com\/de\/wp-content\/uploads\/2026\/08\/325313V.jpg\" alt=\"\u00a9 Stadt Hanau \/ Moritz G\u00f6bel\"\/>&#13;<br \/>\n\u201eSeit 25 Jahren setzt der Stadtlauf Hanau ein starkes Zeichen gegen Gewalt an Frauen und f\u00fcr Solidarit\u00e4t mit den Betroffenen. Dass sich jedes Jahr tausende Menschen beteiligen, zeigt, wie fest die Veranstaltung inzwischen in der Region verankert ist\u201c, sagt Stadtr\u00e4tin Isabelle Hemsley \u00fcber den 25. Stadtlauf Hanau und wirbt daf\u00fcr, sich anzumelden. Start ist in einem Monat am 18. September um 17 Uhr.&#13;\n  <\/p>\n<p> &#13;<br \/>\n      <a href=\"https:\/\/www.presse-service.de\/public\/Single.aspx?iid=1224745\" rel=\"nofollow noopener\" target=\"_blank\">mehr lesen&#8230;<\/a>  <\/p>\n<p>  &#13;<br \/>\n20.08.2026 &#8211; <a href=\"https:\/\/www.presse-service.de\/public\/Default.aspx?p=532\" rel=\"nofollow noopener\" target=\"_blank\">Stadt Arnsberg<\/a>&#13;<\/p>\n<p>  &#13;<br \/>\nMehr Kinderf\u00fc\u00dfe, weniger Autoverkehr: Der sichere Weg zur Schule!&#13;<\/p>\n<p class=\"ins_r\">&#13;<br \/>\n      <img decoding=\"async\" class=\"news_list_single_image\" src=\"https:\/\/www.europesays.com\/de\/wp-content\/uploads\/2025\/04\/logo_ansberg.jpg\" alt=\"\u00a9 \"\/>&#13;<br \/>\nArnsberg. Mit dem Start des neuen Schuljahres rollen vor vielen Arnsberger Schulen auch wieder die sogenannten &#8222;Elterntaxis&#8220; an. Was von vielen Eltern gut gemeint ist, f\u00fchrt zu den Hol- und Bringzeiten regelm\u00e4\u00dfig zu un\u00fcbersichtlichen und gef\u00e4hrlichen Situationen im Umfeld der Schulgeb\u00e4ude. Die Stadt Arnsberg appelliert daher eindringlich an alle Erziehungsberechtigten, auf das Holen und Bringen mit dem eigenen Pkw direkt zur Schule zu verzichten.&#13;<br \/>\n&#13;<br \/>\nExtrem verdichteter Fahrzeugverkehr sowie zugeparkte Gehwege pr\u00e4gen morgens das Bild vor vielen&#8230;&#13;\n  <\/p>\n<p> &#13;<br \/>\n      <a href=\"https:\/\/www.presse-service.de\/public\/Single.aspx?iid=1224748\" rel=\"nofollow noopener\" target=\"_blank\">mehr lesen&#8230;<\/a>  <\/p>\n<p>  &#13;<br \/>\n20.08.2026 &#8211; <a href=\"https:\/\/www.presse-service.de\/public\/Default.aspx?p=77\" rel=\"nofollow noopener\" target=\"_blank\">Stadt M\u00fcnster<\/a>&#13;<\/p>\n<p>  &#13;<br \/>\nHalbzeit bei \u201eAtlantis\u201c: Mehr als 3.000 Kinder nutzen Ferienangebot&#13;<br \/>\nAbenteuerstadt l\u00e4uft noch bis zum 28. August&#13;<\/p>\n<p class=\"ins_r\">&#13;<br \/>\n      <img decoding=\"async\" class=\"news_list_single_image\" src=\"https:\/\/www.europesays.com\/de\/wp-content\/uploads\/2026\/08\/325318V.jpg\" alt=\"\u00a9 Stadt M\u00fcnster\"\/>&#13;<br \/>\nM\u00fcnster (SMS) Zur Halbzeit des Ferienprogramms &#8222;Atlantis&#8220; haben bereits mehr als 3.000 Kinder die Abenteuerstadt im Wienburgpark besucht. In der ersten Woche vom 10. bis 14. August waren es 2.065 Kinder \u2013 durchschnittlich 413 pro Tag. In der zweiten Woche kamen bis einschlie\u00dflich Mittwoch, 19. August, bislang rund 980 Kinder, im Schnitt mehr als 300 pro Tag.&#13;<br \/>\nDas Kinderb\u00fcro im Amt f\u00fcr Kinder, Jugendliche und Familien zieht eine positive Zwischenbilanz: &#8222;Die Zahlen zeigen, dass Atlantis weiterhin sehr gut angenommen wird. Besonders freut uns,&#8230;&#13;\n  <\/p>\n<p> &#13;<br \/>\n      <a href=\"https:\/\/www.presse-service.de\/public\/Single.aspx?iid=1224756\" rel=\"nofollow noopener\" target=\"_blank\">mehr lesen&#8230;<\/a>  <\/p>\n<p>  &#13;<br \/>\n20.08.2026 &#8211; <a href=\"https:\/\/www.presse-service.de\/public\/Default.aspx?p=405\" rel=\"nofollow noopener\" target=\"_blank\">Landkreis Leer<\/a>&#13;<\/p>\n<p>  &#13;<br \/>\nCollinghorst: Asphaltarbeiten am Radweg&#13;<br \/>\nKreisstra\u00dfe 64, Patersweg, wird ab 24. August voll gesperrt&#13;<\/p>\n<p class=\"ins_r\">&#13;<br \/>\n      <img decoding=\"async\" class=\"news_list_single_image\" src=\"https:\/\/www.europesays.com\/de\/wp-content\/uploads\/2025\/04\/1744984470_905_logo.png\" alt=\"\u00a9 \"\/>&#13;<br \/>\nWegen Instandsetzungsarbeiten am Radweg muss die Kreisstra\u00dfe 64, Patersweg, in Collinghorst vom L\u00fcttjeweg bis zur Bundesstra\u00dfe 438 voll gesperrt werden. Die Arbeiten beginnen voraussichtlich am 24. August 2026 und sollen bis zum 18. September abgeschlossen sein.&#13;<br \/>\nAuf einer Gesamtl\u00e4nge von rund 1,2 Kilometern erh\u00e4lt der Radweg eine neue Asphaltdeckschicht. Vorher wird die bestehende Deckschicht in einigen Abschnitten abgefr\u00e4st. Zudem wird der Einm\u00fcndungsbereich zum Gasteweg erneuert und die Entw\u00e4sserungsrinne an einigen Stellen reguliert.&#13;<br \/>\nDer&#8230;&#13;\n  <\/p>\n<p> &#13;<br \/>\n      <a href=\"https:\/\/www.presse-service.de\/public\/Single.aspx?iid=1224757\" rel=\"nofollow noopener\" target=\"_blank\">mehr lesen&#8230;<\/a>  <\/p>\n<p>  &#13;<br \/>\n20.08.2026 &#8211; <a href=\"https:\/\/www.presse-service.de\/public\/Default.aspx?p=116\" rel=\"nofollow noopener\" target=\"_blank\">Stadt Hanau<\/a>&#13;<\/p>\n<p>  &#13;<br \/>\nObstb\u00e4ume f\u00fcr Artenvielfalt: Stadt Hanau unterst\u00fctzt Bestellaktion des Landschaftspflegeverbandes&#13;<br \/>\nBis zum 20. September online bestellen \/ Abholung am 7. November &#13;<\/p>\n<p class=\"ins_r\">&#13;<br \/>\n      <img decoding=\"async\" class=\"news_list_single_image\" src=\"https:\/\/www.europesays.com\/de\/wp-content\/uploads\/2026\/08\/325307V.jpg\" alt=\"\u00a9 Stadt Hanau \/ Moritz G\u00f6bel\"\/>&#13;<br \/>\nDie Stadt Hanau setzt ihre Unterst\u00fctzung f\u00fcr die bew\u00e4hrte Obstbaum-Bestellaktion des Landschaftspflegeverbandes Main-Kinzig fort. Interessierte k\u00f6nnen noch bis zum 20. September hochst\u00e4mmige Obstb\u00e4ume und Wildobstsorten bestellen. Die bestellten B\u00e4ume k\u00f6nnen dann am Samstag, 7. November, auf dem Betriebshof des st\u00e4dtischen Gr\u00fcnfl\u00e4chenamtes abgeholt werden.&#13;\n  <\/p>\n<p> &#13;<br \/>\n      <a href=\"https:\/\/www.presse-service.de\/public\/Single.aspx?iid=1224730\" rel=\"nofollow noopener\" target=\"_blank\">mehr lesen&#8230;<\/a>  <\/p>\n<p>  &#13;<br \/>\n20.08.2026 &#8211; <a href=\"https:\/\/www.presse-service.de\/public\/Default.aspx?p=1546\" rel=\"nofollow noopener\" target=\"_blank\">Naturpark Schwalm-Nette<\/a>&#13;<\/p>\n<p>  &#13;<br \/>\nNaturpark Schwalm-Nette: Radwanderung zum Adolfo-See&#13;<\/p>\n<p class=\"ins_r\">&#13;<br \/>\n      <img decoding=\"async\" class=\"news_list_single_image\" src=\"https:\/\/www.europesays.com\/de\/wp-content\/uploads\/2025\/04\/logo_k.jpg\" alt=\"\u00a9 \"\/>&#13;<br \/>\nEine Radtour des Naturparks Schwalm-Nette am Sonntag, den 6. September, f\u00fchrt die Teilnehmenden durch das Rur-Tal. Die Gruppe f\u00e4hrt entlang des Rothenbachs, vorbei am Effelder Waldsee und weiter zum Adolfo-See. Zur\u00fcck geht es \u00fcber Orsbeck und Schloss Elsum durch den Grenzwald. Gisela Messing, Beauftragte der Stadt M\u00f6nchengladbach f\u00fcr den Natur- und Landschaftsschutz, begleitet die Radfahrenden von 11 bis 17 Uhr. Start der rund 40 Kilometer langen Tour ist an der deutsch-niederl\u00e4ndischen Grenze auf dem Parkplatz am Restaurant &#8222;Gro\u00dfe Natur&#8220;,&#8230;&#13;\n  <\/p>\n<p> &#13;<br \/>\n      <a href=\"https:\/\/www.presse-service.de\/public\/Single.aspx?iid=1224592\" rel=\"nofollow noopener\" target=\"_blank\">mehr lesen&#8230;<\/a>  <\/p>\n<p>  &#13;<br \/>\n20.08.2026 &#8211; <a href=\"https:\/\/www.presse-service.de\/public\/Default.aspx?p=116\" rel=\"nofollow noopener\" target=\"_blank\">Stadt Hanau<\/a>&#13;<\/p>\n<p>  &#13;<br \/>\nSommerliches Hoffest in Steinheim l\u00e4dt zum geselligen Beisammensein ein&#13;<br \/>\nAm Samstag, 22. August ab 16 Uhr \/ Steinheimer Nachbarschaftshilfe und Seniorenb\u00fcro Hanau laden ein &#13;<\/p>\n<p class=\"ins_r\">&#13;<br \/>\n      <img decoding=\"async\" class=\"news_list_single_image\" src=\"https:\/\/www.europesays.com\/de\/wp-content\/uploads\/2025\/04\/1745649572_218_logo.jpg\" alt=\"\u00a9 \"\/>&#13;<br \/>\nGemeinsam einen entspannten Sommernachmittag verbringen, miteinander ins Gespr\u00e4ch kommen und Livemusik genie\u00dfen: Die Steinheimer Nachbarschaftshilfe e. V. und das Seniorenb\u00fcro Hanau laden am Samstag, 22. August, ab 16 Uhr zu einem Hof- und Sommerfest in Steinheim ein. Gefeiert wird im Hof der Steinheimer Nachbarschaftshilfe in der Steinheimer Vorstadt 34 bis 36. Der Zugang erfolgt \u00fcber den Kardinal-Volk-Platz.&#13;\n  <\/p>\n<p> &#13;<br \/>\n      <a href=\"https:\/\/www.presse-service.de\/public\/Single.aspx?iid=1224650\" rel=\"nofollow noopener\" target=\"_blank\">mehr lesen&#8230;<\/a>  <\/p>\n<p>  &#13;<br \/>\n20.08.2026 &#8211; <a href=\"https:\/\/www.presse-service.de\/public\/Default.aspx?p=1285\" rel=\"nofollow noopener\" target=\"_blank\">Kreis Steinfurt<\/a>&#13;<\/p>\n<p>  &#13;<br \/>\nKlimaschutz und Effizienz in Unternehmen: Wie Betriebe im Kreis Steinfurt profitieren k\u00f6nnen &#13;<br \/>\nTeil 4 der Sommerserie \u201eWas bringt die Energiewende f\u00fcr die Region?\u201c&#13;<\/p>\n<p class=\"ins_r\">&#13;<br \/>\n      <img decoding=\"async\" class=\"news_list_single_image\" src=\"https:\/\/www.europesays.com\/de\/wp-content\/uploads\/2026\/08\/325302V.jpg\" alt=\"\u00a9 tpb NETZENERGIE GmbH\"\/>&#13;<br \/>\nKreis Steinfurt. Klimaschutz und Energiewende geraten angesichts globaler Krisen immer wieder in den Hintergrund. Doch steigende Energiepreise, unsichere M\u00e4rkte und auch die zunehmenden Extremwetterereignisse zeigen deutlich: Die Energiewende vor Ort ist entscheidend, um unabh\u00e4ngiger von fossilen Energietr\u00e4gern zu werden, Treibhausgase zu vermeiden und unsere Region lebenswert und zukunftsfit zu gestalten. Was die Energiewende f\u00fcr den Kreis Steinfurt konkret bringt, zeigt der energieland2050 e. V. in seiner Sommerserie und wirft dabei einen&#8230;&#13;\n  <\/p>\n<p> &#13;<br \/>\n      <a href=\"https:\/\/www.presse-service.de\/public\/Single.aspx?iid=1224706\" rel=\"nofollow noopener\" target=\"_blank\">mehr lesen&#8230;<\/a>  <\/p>\n<p>  &#13;<br \/>\n20.08.2026 &#8211; <a href=\"https:\/\/www.presse-service.de\/public\/Default.aspx?p=1032\" rel=\"nofollow noopener\" target=\"_blank\">Kreisstadt Unna<\/a>&#13;<\/p>\n<p>  &#13;<br \/>\nFerienendspurt im Ferienprogramm: Kinder- und Jugendb\u00fcro hat noch freie Pl\u00e4tze&#13;<\/p>\n<p class=\"ins_r\">&#13;<br \/>\n      <img decoding=\"async\" class=\"news_list_single_image\" src=\"https:\/\/www.europesays.com\/de\/wp-content\/uploads\/2025\/04\/StadtUnna_Logo.jpg\" alt=\"\u00a9 \"\/>&#13;<br \/>\n&#13;<br \/>\n&#13;<br \/>\n&#13;<br \/>\nDie Sommerferien neigen sich dem Ende entgegen, doch f\u00fcr Langeweile bei Kindern und Jugendlichen in Unna gibt es keinen Grund. Das Kinder- und Jugendb\u00fcro der Kreisstadt Unna informiert, dass bei verschiedenen Angeboten des diesj\u00e4hrigen Ferienprogramms noch Pl\u00e4tze frei sind.&#13;<br \/>\n&#13;<br \/>\n&#13;<br \/>\nF\u00fcr Kinder stehen in den letzten Ferientagen unter anderem folgende Aktionen auf dem Programm: Am Donnerstag, 27. August 2026, findet eine Kinderolympiade f\u00fcr 8- bis 12-J\u00e4hrige statt. Das Angebot &#8222;Natur ist cool&#8220; richtet sich am Freitag, 28. August 2026, an Kinder&#8230;&#13;\n  <\/p>\n<p> &#13;<br \/>\n      <a href=\"https:\/\/www.presse-service.de\/public\/Single.aspx?iid=1224709\" rel=\"nofollow noopener\" target=\"_blank\">mehr lesen&#8230;<\/a>  <\/p>\n<p>  &#13;<br \/>\n20.08.2026 &#8211; <a href=\"https:\/\/www.presse-service.de\/public\/Default.aspx?p=532\" rel=\"nofollow noopener\" target=\"_blank\">Stadt Arnsberg<\/a>&#13;<\/p>\n<p>  &#13;<br \/>\nBasecamp l\u00e4dt zum Startup-Stammtisch f\u00fcr 9. September nach Meschede-Wallen ein&#13;<\/p>\n<p class=\"ins_r\">&#13;<br \/>\n      <img decoding=\"async\" class=\"news_list_single_image\" src=\"https:\/\/www.europesays.com\/de\/wp-content\/uploads\/2026\/08\/325311V.jpg\" alt=\"\u00a9 Wirtschaftsf\u00f6rderung Meschede\"\/>&#13;<br \/>\nDie regionale Gr\u00fcnderszene kommt wieder zusammen: Am Mittwoch, 9. September 2026, l\u00e4dt das Basecamp zum n\u00e4chsten Startup-Stammtisch in Das LEO auf dem Wenkshof in Meschede-Wallen ein. Gr\u00fcnderinnen und Gr\u00fcnder, Unternehmerinnen und Unternehmer sowie Gr\u00fcndungsinteressierte sind eingeladen, sich auszutauschen, neue Kontakte zu kn\u00fcpfen und Impulse f\u00fcr die eigene unternehmerische Arbeit mitzunehmen. Beginn ist um 19 Uhr, Einlass ab 18.30 Uhr.&#13;<br \/>\nAustausch und Vernetzung im Mittelpunkt&#13;<br \/>\nDer Basecamp-Startup-Stammtisch bringt regelm\u00e4\u00dfig Menschen&#8230;&#13;\n  <\/p>\n<p> &#13;<br \/>\n      <a href=\"https:\/\/www.presse-service.de\/public\/Single.aspx?iid=1224746\" rel=\"nofollow noopener\" target=\"_blank\">mehr lesen&#8230;<\/a>  <\/p>\n<p>  &#13;<br \/>\n20.08.2026 &#8211; <a href=\"https:\/\/www.presse-service.de\/public\/Default.aspx?p=1458\" rel=\"nofollow noopener\" target=\"_blank\">Ennepe-Ruhr-Kreis<\/a>&#13;<\/p>\n<p>  &#13;<br \/>\nVerkehrssicherheit: Hier blitzt der Kreis&#13;<\/p>\n<p class=\"ins_r\">&#13;<br \/>\n      <img decoding=\"async\" class=\"news_list_single_image\" src=\"https:\/\/www.europesays.com\/de\/wp-content\/uploads\/2025\/06\/1749045261_262_logo.jpg\" alt=\"\u00a9 \"\/>&#13;<br \/>\n(pen) \u00dcberh\u00f6hte Geschwindigkeit geh\u00f6rt in Deutschland zu den h\u00e4ufigsten Unfallursachen. Deshalb \u00fcberpr\u00fcft der Ennepe-Ruhr-Kreis regelm\u00e4\u00dfig das Tempo der Verkehrsteilnehmer und tr\u00e4gt so zur Sicherheit bei.&#13;<br \/>\n\u00a0&#13;<br \/>\nWie sinnvoll dies ist, zeigt der Raser der letzten Woche. Er wurde bei erlaubten 50 Stundenkilometern innerorts mit Tempo 71 auf der Hattinger Str. in Schwelm geblitzt. Nach Bu\u00dfgeldkatalog erwarten ihn f\u00fcr dieses zu schnelle Fahren innerhalb einer geschlossenen Ortschaft jetzt ein Punkt in Flensburg und 115 Euro Bu\u00dfgeld.&#13;<br \/>\n\u00a0&#13;<br \/>\nF\u00fcr die Zeit&#8230;&#13;\n  <\/p>\n<p> &#13;<br \/>\n      <a href=\"https:\/\/www.presse-service.de\/public\/Single.aspx?iid=1224750\" rel=\"nofollow noopener\" target=\"_blank\">mehr lesen&#8230;<\/a>  <\/p>\n<p>  &#13;<br \/>\n20.08.2026 &#8211; <a href=\"https:\/\/www.presse-service.de\/public\/Default.aspx?p=1086\" rel=\"nofollow noopener\" target=\"_blank\">Landeshauptstadt Magdeburg<\/a>&#13;<\/p>\n<p>  &#13;<br \/>\nEingeschr\u00e4nkte Erreichbarkeit im Standesamt&#13;<br \/>\nAm 24. und 26. August&#13;<\/p>\n<p class=\"ins_r\">&#13;<br \/>\n      <img decoding=\"async\" class=\"news_list_single_image\" src=\"https:\/\/www.europesays.com\/de\/wp-content\/uploads\/2025\/04\/logo_magdeburg.png\" alt=\"\u00a9 \"\/>&#13;<br \/>\nDas Standesamt in der Humboldtstra\u00dfe ist am kommenden Montag, 24. August, aufgrund einer Fortbildung w\u00e4hrend der \u00d6ffnungszeit von 9.00 bis 12.00 Uhr nur eingeschr\u00e4nkt erreichbar. Am Mittwoch, 26. August, bleibt das Standesamt aus innerbetrieblichen Gr\u00fcnden geschlossen.&#13;<br \/>\n\u00a0&#13;<br \/>\nAm Montag k\u00f6nnen Unterlagen \u00fcber den Amtsbriefkasten eingereicht oder von Eltern und Bestattern pers\u00f6nlich abgegeben werden. Auch Antr\u00e4ge zur Ausstellung einer Urkunde k\u00f6nnen gestellt werden. Eine Beratung oder Bearbeitung ohne Termin ist an diesem Tag nicht m\u00f6glich. F\u00fcr&#8230;&#13;\n  <\/p>\n<p> &#13;<br \/>\n      <a href=\"https:\/\/www.presse-service.de\/public\/Single.aspx?iid=1224751\" rel=\"nofollow noopener\" target=\"_blank\">mehr lesen&#8230;<\/a>  <\/p>\n<p>  &#13;<br \/>\n20.08.2026 &#8211; <a href=\"https:\/\/www.presse-service.de\/public\/Default.aspx?p=77\" rel=\"nofollow noopener\" target=\"_blank\">Stadt M\u00fcnster<\/a>&#13;<\/p>\n<p>  &#13;<br \/>\nBeratung zu Depression&#13;<\/p>\n<p class=\"ins_r\">&#13;<br \/>\n      <img decoding=\"async\" class=\"news_list_single_image\" src=\"https:\/\/www.europesays.com\/de\/wp-content\/uploads\/2025\/05\/logo_muenster.jpg\" alt=\"\u00a9 \"\/>&#13;<br \/>\nM\u00fcnster (SMS) Das &#8222;B\u00fcndnis gegen Depression&#8220; bietet Betroffenen, ihren Angeh\u00f6rigen und Bekannten pers\u00f6nliche und professionelle Beratung zu allen Fragen rund um das Thema Depression an. Der n\u00e4chste Termin ist am Donnerstag, 27. August, in der Zeit von 16 bis 18 Uhr im Parit\u00e4tischen Zentrum, Dahlweg 112 (Erdgeschoss). Eine Anmeldung ist nicht erforderlich. Diese Einzelberatung findet regelm\u00e4\u00dfig am letzten Donnerstag im Monat statt.&#13;\n  <\/p>\n<p> &#13;<br \/>\n      <a href=\"https:\/\/www.presse-service.de\/public\/Single.aspx?iid=1224752\" rel=\"nofollow noopener\" target=\"_blank\">mehr lesen&#8230;<\/a>  <\/p>\n<p>  &#13;<br \/>\n20.08.2026 &#8211; <a href=\"https:\/\/www.presse-service.de\/public\/Default.aspx?p=77\" rel=\"nofollow noopener\" target=\"_blank\">Stadt M\u00fcnster<\/a>&#13;<\/p>\n<p>  &#13;<br \/>\nBau der neuen Beachvolleyball-Halle hat begonnen&#13;<br \/>\nSpatenstich an der Grevener Stra\u00dfe \/ 7,7-Millionen-Euro-Projekt soll Bundesleistungsst\u00fctzpunkt in M\u00fcnster sichern&#13;<\/p>\n<p class=\"ins_r\">&#13;<br \/>\n      <img decoding=\"async\" class=\"news_list_single_image\" src=\"https:\/\/www.europesays.com\/de\/wp-content\/uploads\/2026\/08\/325315V.jpg\" alt=\"\u00a9 Stadt M\u00fcnster\/Meike Reiners\"\/>&#13;<br \/>\nM\u00fcnster (SMS) Mit dem symbolischen ersten Spatenstich hat am Donnerstag, 20. August, der Bau der neuen Beachvolleyball-Halle an der Grevener Stra\u00dfe begonnen. Die rund 7,7 Millionen Euro teure Halle ist eine zentrale Voraussetzung daf\u00fcr, dass M\u00fcnster seinen Status als Bundesleistungsst\u00fctzpunkt f\u00fcr Volleyball weiblich sichern kann. Das Land Nordrhein-Westfalen f\u00f6rdert den Neubau mit 3,4 Millionen Euro. Die Bauwerke M\u00fcnster GmbH setzt das Vorhaben f\u00fcr die Stadt um. Die Fertigstellung ist f\u00fcr 2028 geplant.&#13;<br \/>\n&#8222;Wer im Volleyball langfristig&#8230;&#13;\n  <\/p>\n<p> &#13;<br \/>\n      <a href=\"https:\/\/www.presse-service.de\/public\/Single.aspx?iid=1224753\" rel=\"nofollow noopener\" target=\"_blank\">mehr lesen&#8230;<\/a>  <\/p>\n<p>&#13;<br \/>\n  &#13;<\/p>\n","protected":false},"excerpt":{"rendered":"&#13; Alle Meldungen: &#13; 20.08.2026 &#8211; Stadt Sundern&#13; &#13; Ministerin Ina Scharrenbach zu Besuch in Sundern&#13; &#13; &#13;&hellip;\n","protected":false},"author":2,"featured_media":1248896,"comment_status":"","ping_status":"","sticky":false,"template":"","format":"standard","meta":{"footnotes":"","_share_on_mastodon":"0"},"categories":[1843],"tags":[3364,29,30,19579,19580,62,8970,14,1209,178,19577,19578,19576,181,19575],"class_list":["post-1248895","post","type-post","status-publish","format-standard","has-post-thumbnail","category-muenster","tag-de","tag-deutschland","tag-germany","tag-kommunal","tag-kommunaler-dienst","tag-medien","tag-muenster","tag-nachrichten","tag-nordrhein-westfalen","tag-presse","tag-pressearchiv","tag-pressedienst","tag-pressemeldungen","tag-pressemitteilungen","tag-presseservice"],"share_on_mastodon":{"url":"","error":""},"_links":{"self":[{"href":"https:\/\/www.europesays.com\/de\/wp-json\/wp\/v2\/posts\/1248895","targetHints":{"allow":["GET"]}}],"collection":[{"href":"https:\/\/www.europesays.com\/de\/wp-json\/wp\/v2\/posts"}],"about":[{"href":"https:\/\/www.europesays.com\/de\/wp-json\/wp\/v2\/types\/post"}],"author":[{"embeddable":true,"href":"https:\/\/www.europesays.com\/de\/wp-json\/wp\/v2\/users\/2"}],"replies":[{"embeddable":true,"href":"https:\/\/www.europesays.com\/de\/wp-json\/wp\/v2\/comments?post=1248895"}],"version-history":[{"count":0,"href":"https:\/\/www.europesays.com\/de\/wp-json\/wp\/v2\/posts\/1248895\/revisions"}],"wp:featuredmedia":[{"embeddable":true,"href":"https:\/\/www.europesays.com\/de\/wp-json\/wp\/v2\/media\/1248896"}],"wp:attachment":[{"href":"https:\/\/www.europesays.com\/de\/wp-json\/wp\/v2\/media?parent=1248895"}],"wp:term":[{"taxonomy":"category","embeddable":true,"href":"https:\/\/www.europesays.com\/de\/wp-json\/wp\/v2\/categories?post=1248895"},{"taxonomy":"post_tag","embeddable":true,"href":"https:\/\/www.europesays.com\/de\/wp-json\/wp\/v2\/tags?post=1248895"}],"curies":[{"name":"wp","href":"https:\/\/api.w.org\/{rel}","templated":true}]}}