{"id":1248899,"date":"2026-08-20T10:35:13","date_gmt":"2026-08-20T10:35:13","guid":{"rendered":"https:\/\/www.europesays.com\/de\/1248899\/"},"modified":"2026-08-20T10:35:13","modified_gmt":"2026-08-20T10:35:13","slug":"hamburg-verteidiger-fordert-blocks-tagebuch-nicht-verwerten","status":"publish","type":"post","link":"https:\/\/www.europesays.com\/de\/1248899\/","title":{"rendered":"Hamburg | Verteidiger fordert: Blocks Tagebuch nicht verwerten"},"content":{"rendered":"<p>71. Verhandlungstag<\/p>\n<p>Hamburg (dpa) &#8211; Im Hamburger Prozess um die Entf\u00fchrung der Block-Kinder hat Christina Blocks Verteidiger der Verwertung ihrer Tagebucheintr\u00e4ge widersprochen. Er beanstande die Verwertung, sagte Anwalt Ingo Bott. Es gehe in dem Tagebuch um ihr Intimleben. Daran \u00e4nderten auch Schw\u00e4rzungen nichts.<\/p>\n<p>Die Staatsanwaltschaft betonte dagegen, sie halte das Tagebuch f\u00fcr verwertbar, denn \u00abdie Aufzeichnungen betreffen die Tat erheblich\u00bb. Der Nebenklagevertreter Philip von der Meden, Anwalt von Blocks Ex-Mann, wies darauf hin, Block habe in ihrer Einlassung doch selbst aus ihrem Tagebuch zitiert. Wie das Landgericht das sieht, k\u00f6nnte sich erst in der Urteilsbegr\u00fcndung zeigen.<\/p>\n<p>Prozesstag endet schnell<\/p>\n<p>Der 71. Prozesstag endete bereits nach eineinhalb Stunden. In der kommenden Woche werden weitere Erkl\u00e4rungen der Verteidiger und noch einmal eine Einlassung von Christina Block sowie von einem 37 Jahre alten Angeklagten aus Israel erwartet.<\/p>\n<p>Nach einem Wochenendbesuch im August 2021 hatte der Vater die beiden Kinder nicht wie vereinbart zu seiner Ex-Frau nach Hamburg zur\u00fcckgebracht, der Kontakt zu dem Jungen und dem M\u00e4dchen brach ab. Block (53) ist angeklagt, schlie\u00dflich eine israelische Sicherheitsfirma damit beauftragt zu haben, ihren damals 10-j\u00e4hrigen Sohn und die 13 Jahre alte Tochter in der Silvesternacht 2023\/24 vom Wohnort ihres Ex-Manns in D\u00e4nemark nach Deutschland zu entf\u00fchren.\u00a0<\/p>\n<p>Die Tochter des Gr\u00fcnders der Steakhaus-Kette \u00abBlock House\u00bb beteuert ihre Unschuld. Insgesamt gibt es sieben Angeklagte. Nur der 37-J\u00e4hrige hat die Vorw\u00fcrfe einger\u00e4umt.<\/p>\n","protected":false},"excerpt":{"rendered":"71. Verhandlungstag Hamburg (dpa) &#8211; Im Hamburger Prozess um die Entf\u00fchrung der Block-Kinder hat Christina Blocks Verteidiger der&hellip;\n","protected":false},"author":2,"featured_media":1248900,"comment_status":"","ping_status":"","sticky":false,"template":"","format":"standard","meta":{"footnotes":"","_share_on_mastodon":"0"},"categories":[1841],"tags":[1605,27753,1160,3364,29,2798,30,1724,692,1584,2549,1209,2283],"class_list":["post-1248899","post","type-post","status-publish","format-standard","has-post-thumbnail","category-bielefeld","tag-bielefeld","tag-christina-block","tag-daenemark","tag-de","tag-deutschland","tag-entfuehrung","tag-germany","tag-gesellschaft","tag-hamburg","tag-kriminalitaet","tag-leute","tag-nordrhein-westfalen","tag-prozess-gericht"],"share_on_mastodon":{"url":"","error":""},"_links":{"self":[{"href":"https:\/\/www.europesays.com\/de\/wp-json\/wp\/v2\/posts\/1248899","targetHints":{"allow":["GET"]}}],"collection":[{"href":"https:\/\/www.europesays.com\/de\/wp-json\/wp\/v2\/posts"}],"about":[{"href":"https:\/\/www.europesays.com\/de\/wp-json\/wp\/v2\/types\/post"}],"author":[{"embeddable":true,"href":"https:\/\/www.europesays.com\/de\/wp-json\/wp\/v2\/users\/2"}],"replies":[{"embeddable":true,"href":"https:\/\/www.europesays.com\/de\/wp-json\/wp\/v2\/comments?post=1248899"}],"version-history":[{"count":0,"href":"https:\/\/www.europesays.com\/de\/wp-json\/wp\/v2\/posts\/1248899\/revisions"}],"wp:featuredmedia":[{"embeddable":true,"href":"https:\/\/www.europesays.com\/de\/wp-json\/wp\/v2\/media\/1248900"}],"wp:attachment":[{"href":"https:\/\/www.europesays.com\/de\/wp-json\/wp\/v2\/media?parent=1248899"}],"wp:term":[{"taxonomy":"category","embeddable":true,"href":"https:\/\/www.europesays.com\/de\/wp-json\/wp\/v2\/categories?post=1248899"},{"taxonomy":"post_tag","embeddable":true,"href":"https:\/\/www.europesays.com\/de\/wp-json\/wp\/v2\/tags?post=1248899"}],"curies":[{"name":"wp","href":"https:\/\/api.w.org\/{rel}","templated":true}]}}