{"id":1249036,"date":"2026-08-20T12:09:15","date_gmt":"2026-08-20T12:09:15","guid":{"rendered":"https:\/\/www.europesays.com\/de\/1249036\/"},"modified":"2026-08-20T12:09:15","modified_gmt":"2026-08-20T12:09:15","slug":"blutspenden-landkreis-augsburg-so-ist-die-versorgung-aktuell-in-den-wertachkliniken","status":"publish","type":"post","link":"https:\/\/www.europesays.com\/de\/1249036\/","title":{"rendered":"Blutspenden Landkreis Augsburg: So ist die Versorgung aktuell in den Wertachkliniken"},"content":{"rendered":"<p class=\"mb-6 text-xs-varying md:text-m lg:text-l font-serif group-[.font-sans]:font-sans \">\n    <a href=\"https:\/\/www.augsburger-allgemeine.de\/schwabmuenchen\/blutspendeaktion-brk-landratsamt-augsburg-sommer-114957149\" target=\"_self\" class=\"underline \" rel=\"nofollow noopener\">Vergangene Woche sammelte das Landratsamt Augsburg Blutkonserven in einer Spendenaktion<\/a>, denn gerade zu Ferienzeiten herrscht oft Knappheit. F\u00fcr die Versorgung in der Wertachklinik sorgt mittlerweile die Uniklinik. Wie die Lage aktuell ist und was passiert, wenn die Blutkonserven im Landkreis doch knapp werden sollten.\n  <\/p>\n<p>            Uniklinik Augsburg meldet hohen Bedarf an Blutgruppe null<\/p>\n<p class=\"mb-6 text-xs-varying md:text-m lg:text-l font-serif group-[.font-sans]:font-sans \">\n    \u201eMit einer Blutspende in <a href=\"https:\/\/augsburger-allgemeine.de\/schwabmuenchen\/ort\/Bobingen\" target=\"_self\" class=\"underline \" rel=\"nofollow noopener\">Bobingen<\/a> kann man ein Leben in Benediktbeuren retten, denn die Versorgung funktioniert bayernweit\u201c, sagt der Pressesprecher des Bayerischen Roten Kreuzes Patric Nohe. Das Bayerische Rote Kreuz koordiniert die Blutkonserven in Zusammenarbeit mit den jeweiligen Kliniken. <a href=\"https:\/\/www.augsburger-allgemeine.de\/augsburg\/bundesweit-werden-blutkonserven-knapp-wie-sieht-es-im-raum-augsburg-aus-113213384\" target=\"_self\" class=\"underline \" rel=\"nofollow noopener\">Obwohl es laut Nohe seit dem Ende der Corona-Pandemie keinen Notstand mehr in Bayern gab, kann sich die Lage innerhalb weniger Wochen versch\u00e4rfen<\/a>. Die Versorgung mit Blutkonserven l\u00e4uft bei der Wertachklinik mittlerweile \u00fcber die Uniklinik Augsburg. Aktuell berichtet diese, die Situation sei stabil, aber angespannt: \u201eInsbesondere bei Erythrozytenkonzentraten der Blutgruppe null besteht weiterhin ein hoher Bedarf\u201c, so die Uniklinik.\n  <\/p>\n<p class=\"mb-6 text-xs-varying md:text-m lg:text-l font-serif group-[.font-sans]:font-sans \">\n    Ein Mangel entsteht oft im Laufe der Ferien, denn die Haltbarkeit der Blutkonserven ist mit 42 Tagen verh\u00e4ltnism\u00e4\u00dfig kurz und die Anzahl an Spendern schrumpft. \u201eHier erleben wir die Folgen des demografischen Wandels, es gibt allgemein einen kleineren Spenderkreis\u201c, berichtet Patric Nohe. Grunds\u00e4tzlich sei die Spendenbereitschaft in <a href=\"https:\/\/augsburger-allgemeine.de\/bayern\/\" target=\"_self\" class=\"underline \" rel=\"nofollow noopener\">Bayern<\/a> aber etwas h\u00f6her als in anderen Teilen Deutschlands. Laut Wertachklinik habe die Versorgung \u00fcber die Uniklinik zu keinen nennenswerten Ver\u00e4nderungen gef\u00fchrt.\n  <\/p>\n<p>            Sinkende Blutspenden zum Ende der Ferien erwartet<\/p>\n<p class=\"mb-6 text-xs-varying md:text-m lg:text-l font-serif group-[.font-sans]:font-sans \">\n    Je weiter die Sommerferien voranschreiten, desto weniger Spenden gibt es in der Regel. Die Uniklinik <a href=\"https:\/\/www.augsburger-allgemeine.de\/augsburg\/\" target=\"_self\" class=\"underline \" rel=\"nofollow noopener\">Augsburg<\/a> appelliert deshalb an alle Menschen, die f\u00fcr eine Blutspende infrage kommen, die Blutspendem\u00f6glichkeiten in Augsburg und der Region gerade w\u00e4hrend der Ferienzeit wahrzunehmen. Zuletzt hatte es Mitte Juli einen Engpass in der Uniklinik Augsburg gegeben, der mit einem internen Spendenaufruf von Mitarbeitenden behoben werden konnte.\n  <\/p>\n<p class=\"mb-6 text-xs-varying md:text-m lg:text-l font-serif group-[.font-sans]:font-sans \">\n    Innerhalb von zwei Wochen seien\u00a054 Blutspenden gewonnen worden, rund 70 Prozent davon entfielen auf die besonders ben\u00f6tigte Blutgruppe null. Sollte es zu einer gr\u00f6\u00dferen Knappheit bei der Uniklinik Augsburg kommen, geht zun\u00e4chst eine Lieferanfrage bei Blutspendediensten wie dem Bayerischen Roten Kreuz heraus. Es besteht weiterhin die M\u00f6glichkeit, Transfusionen zu priorisieren oder als letztes Mittel planbare Eingriffe zu verschieben.\n  <\/p>\n","protected":false},"excerpt":{"rendered":"Vergangene Woche sammelte das Landratsamt Augsburg Blutkonserven in einer Spendenaktion, denn gerade zu Ferienzeiten herrscht oft Knappheit. F\u00fcr&hellip;\n","protected":false},"author":2,"featured_media":1249037,"comment_status":"","ping_status":"","sticky":false,"template":"","format":"standard","meta":{"footnotes":"","_share_on_mastodon":"0"},"categories":[1846],"tags":[680,772,164981,12189,7980,3364,29,548,663,3934,4532,30,13,14,15,258621,12,20953,112175,258620],"class_list":["post-1249036","post","type-post","status-publish","format-standard","has-post-thumbnail","category-augsburg","tag-augsburg","tag-bayern","tag-blutkonserve","tag-blutspende","tag-brk","tag-de","tag-deutschland","tag-eu","tag-europa","tag-europe","tag-ferien","tag-germany","tag-headlines","tag-nachrichten","tag-news","tag-patric-nohe","tag-schlagzeilen","tag-uniklinik","tag-uniklinik-augsburg","tag-wertachklinik"],"share_on_mastodon":{"url":"https:\/\/pubeurope.com\/@de\/117127765585436486","error":""},"_links":{"self":[{"href":"https:\/\/www.europesays.com\/de\/wp-json\/wp\/v2\/posts\/1249036","targetHints":{"allow":["GET"]}}],"collection":[{"href":"https:\/\/www.europesays.com\/de\/wp-json\/wp\/v2\/posts"}],"about":[{"href":"https:\/\/www.europesays.com\/de\/wp-json\/wp\/v2\/types\/post"}],"author":[{"embeddable":true,"href":"https:\/\/www.europesays.com\/de\/wp-json\/wp\/v2\/users\/2"}],"replies":[{"embeddable":true,"href":"https:\/\/www.europesays.com\/de\/wp-json\/wp\/v2\/comments?post=1249036"}],"version-history":[{"count":0,"href":"https:\/\/www.europesays.com\/de\/wp-json\/wp\/v2\/posts\/1249036\/revisions"}],"wp:featuredmedia":[{"embeddable":true,"href":"https:\/\/www.europesays.com\/de\/wp-json\/wp\/v2\/media\/1249037"}],"wp:attachment":[{"href":"https:\/\/www.europesays.com\/de\/wp-json\/wp\/v2\/media?parent=1249036"}],"wp:term":[{"taxonomy":"category","embeddable":true,"href":"https:\/\/www.europesays.com\/de\/wp-json\/wp\/v2\/categories?post=1249036"},{"taxonomy":"post_tag","embeddable":true,"href":"https:\/\/www.europesays.com\/de\/wp-json\/wp\/v2\/tags?post=1249036"}],"curies":[{"name":"wp","href":"https:\/\/api.w.org\/{rel}","templated":true}]}}