{"id":1249050,"date":"2026-08-20T12:17:29","date_gmt":"2026-08-20T12:17:29","guid":{"rendered":"https:\/\/www.europesays.com\/de\/1249050\/"},"modified":"2026-08-20T12:17:29","modified_gmt":"2026-08-20T12:17:29","slug":"bielefeld-razzia-nach-spektakulaerem-einbruch-in-detmolder-juweliergeschaeft","status":"publish","type":"post","link":"https:\/\/www.europesays.com\/de\/1249050\/","title":{"rendered":"Bielefeld: Razzia nach spektakul\u00e4rem Einbruch in Detmolder Juweliergesch\u00e4ft"},"content":{"rendered":"<p>Nach einem Raub auf ein Juweliergesch\u00e4ft in Detmold im Januar hat die Polizei heute zwei Wohnungen in Bielefeld durchsucht. Nach Angaben der Ermittler ging es darum, wichtige elektronische Ger\u00e4te zu finden, die im Zusammenhang mit der Tat stehen.<\/p>\n<p>Handys sichergestellt<\/p>\n<p>Die Polizei konnte mehrere Handys als Beweismittel sowie eine scharfe Schusswaffe und eine geringe Menge Drogen sicherstellen. Festnahmen gab es nicht. Die Ermittlungen gehen weiter.<\/p>\n<p>Ladent\u00fcr aufgerammt &#8211; Auto in Flammen<\/p>\n<p>Bei dem Einbruch hatten die T\u00e4ter das Gesch\u00e4ft in der Langen Stra\u00dfe mit einem Auto aufgerammt und den Wagen brennend zur\u00fcckgelassen.<\/p>\n","protected":false},"excerpt":{"rendered":"Nach einem Raub auf ein Juweliergesch\u00e4ft in Detmold im Januar hat die Polizei heute zwei Wohnungen in Bielefeld&hellip;\n","protected":false},"author":2,"featured_media":1249051,"comment_status":"","ping_status":"","sticky":false,"template":"","format":"standard","meta":{"footnotes":"","_share_on_mastodon":"0"},"categories":[1841],"tags":[1605,3364,16397,29,2819,30,1584,1209,121],"class_list":["post-1249050","post","type-post","status-publish","format-standard","has-post-thumbnail","category-bielefeld","tag-bielefeld","tag-de","tag-detmold","tag-deutschland","tag-einbruch","tag-germany","tag-kriminalitaet","tag-nordrhein-westfalen","tag-polizei"],"share_on_mastodon":{"url":"https:\/\/pubeurope.com\/@de\/117127796985213579","error":""},"_links":{"self":[{"href":"https:\/\/www.europesays.com\/de\/wp-json\/wp\/v2\/posts\/1249050","targetHints":{"allow":["GET"]}}],"collection":[{"href":"https:\/\/www.europesays.com\/de\/wp-json\/wp\/v2\/posts"}],"about":[{"href":"https:\/\/www.europesays.com\/de\/wp-json\/wp\/v2\/types\/post"}],"author":[{"embeddable":true,"href":"https:\/\/www.europesays.com\/de\/wp-json\/wp\/v2\/users\/2"}],"replies":[{"embeddable":true,"href":"https:\/\/www.europesays.com\/de\/wp-json\/wp\/v2\/comments?post=1249050"}],"version-history":[{"count":0,"href":"https:\/\/www.europesays.com\/de\/wp-json\/wp\/v2\/posts\/1249050\/revisions"}],"wp:featuredmedia":[{"embeddable":true,"href":"https:\/\/www.europesays.com\/de\/wp-json\/wp\/v2\/media\/1249051"}],"wp:attachment":[{"href":"https:\/\/www.europesays.com\/de\/wp-json\/wp\/v2\/media?parent=1249050"}],"wp:term":[{"taxonomy":"category","embeddable":true,"href":"https:\/\/www.europesays.com\/de\/wp-json\/wp\/v2\/categories?post=1249050"},{"taxonomy":"post_tag","embeddable":true,"href":"https:\/\/www.europesays.com\/de\/wp-json\/wp\/v2\/tags?post=1249050"}],"curies":[{"name":"wp","href":"https:\/\/api.w.org\/{rel}","templated":true}]}}