{"id":1249274,"date":"2026-08-20T14:39:19","date_gmt":"2026-08-20T14:39:19","guid":{"rendered":"https:\/\/www.europesays.com\/de\/1249274\/"},"modified":"2026-08-20T14:39:19","modified_gmt":"2026-08-20T14:39:19","slug":"muenchen-vorwuerfe-nach-polizeischuss-auf-schueler-mit-softair-waffe","status":"publish","type":"post","link":"https:\/\/www.europesays.com\/de\/1249274\/","title":{"rendered":"M\u00fcnchen: Vorw\u00fcrfe nach Polizeischuss auf Sch\u00fcler mit Softair-Waffe"},"content":{"rendered":"<p class=\"paragraph article__item\">Nach dem polizeilichen Schuss auf einen 14-J\u00e4hrigen im M\u00fcnchner Stadtteil Schwabing ist eine der Polizeidarstellung deutlich entgegenstehende Beschreibung des Vorfalls aufgetaucht. Die Linke M\u00fcnchen und das Kurdische Zentrum erheben unter Berufung auf die Eltern und den Jugendlichen schwere Vorw\u00fcrfe gegen die <a class=\"rtr-entity\" href=\"https:\/\/www.zeit.de\/thema\/polizei\" rel=\"nofollow noopener\" target=\"_blank\">Polizei<\/a>. Der Jugendliche war nach Darstellung der Polizei mit einer t\u00e4uschend echt aussehenden Softair-Waffe unterwegs gewesen.\u00a0\n<\/p>\n<p>Aktuelles<\/p>\n<p>                <a href=\"https:\/\/www.zeit.de\/gesellschaft\/zeitgeschehen\/2026-08\/thailand-schuesse-schule-nonthaburi-14-jaehriger\" data-ct-label=\"Sch\u00fcsse an Schule in Thailand: Jugendlicher in Thailand t\u00f6tet Gro\u00dfeltern und f\u00fcnf Menschen an Schule\" data-uuid=\"5d01574f-7b5b-4f5f-bb3e-560ba864664d\" rel=\"nofollow noopener\" target=\"_blank\"><\/p>\n<p>                        Sch\u00fcsse an Schule in Thailand:<br \/>\n                        Jugendlicher in Thailand t\u00f6tet Gro\u00dfeltern und f\u00fcnf Menschen an Schule<\/p>\n<p>                <\/a><\/p>\n<p>                <a href=\"https:\/\/www.zeit.de\/feuilleton\/musik\/2026-08\/tupac-shakur-mord-duane-keffe-d-davis-prozess-gxe\" data-ct-label=\"Tupac Shakur: Prozess im Mordfall Tupac Shakur beginnt drei Jahrzehnte nach der Tat\" data-uuid=\"0d499226-c9bf-48a3-b8a8-2d8d83f85bf6\" rel=\"nofollow noopener\" target=\"_blank\"><\/p>\n<p>                        Tupac Shakur:<br \/>\n                        Prozess im Mordfall Tupac Shakur beginnt drei Jahrzehnte nach der Tat<\/p>\n<p>                <\/a><\/p>\n<p>                <a href=\"https:\/\/www.zeit.de\/gesellschaft\/zeitgeschehen\/2026-08\/messerangriff-london-covent-garden-frauen-verletzte\" data-ct-label=\"Gro\u00dfbritannien: Vier Menschen in London niedergestochen\" data-uuid=\"a1fbe0e5-76bf-40ff-9853-9cfb6c00566b\" rel=\"nofollow noopener\" target=\"_blank\"><\/p>\n<p>                        Gro\u00dfbritannien:<br \/>\n                        Vier Menschen in London niedergestochen<\/p>\n<p>                <\/a><\/p>\n<p>                    Waffe niedergelegt und auf die Knie gefallen?            <\/p>\n<p class=\"paragraph article__item\">Der Jugendliche ist nach Angaben des Kurdischen Zentrums wie die Eltern kurdischer Abstammung. Er habe schon vor dem Schuss die Waffe niedergelegt und den Beamten zugerufen, es handle sich um eine Spielzeugwaffe, sagte ein Vertreter des Zentrums. Dennoch habe ein Beamter auf ihn geschossen und ihn schwer verletzt.\u00a0\n<\/p>\n<p class=\"paragraph article__item\">Nach eigenen Angaben war der Vertreter des Zentrums mit den Eltern bei dem 14-J\u00e4hrigen im Krankenhaus. Man habe eineinhalb bis zwei Stunden mit dem Jugendlichen sprechen k\u00f6nnen. Die Polizei konnte das Gespr\u00e4ch am Krankenbett nicht best\u00e4tigen.\u00a0\n<\/p>\n<p class=\"paragraph article__item\">Das Kurdische Zentrum <a class=\"rtr-entity\" href=\"https:\/\/www.zeit.de\/thema\/muenchen\" rel=\"nofollow noopener\" target=\"_blank\">M\u00fcnchen<\/a> wird aktuell vom Verfassungsschutz Bayern beobachtet, wie ein Sprecher der Beh\u00f6rde auf Anfrage best\u00e4tigte.\u00a0\n<\/p>\n<p class=\"paragraph article__item\">Der Jugendliche liege auf der Intensivstation und ihm st\u00fcnden weitere Operationen bevor, sagte der Vertreter des Zentrums. Er stehe noch unter Schock, erinnere sich aber genau an das Geschehen. Woher er die Softair-Waffe hatte, sei nicht die Hauptfrage, vielmehr, warum die Polizei auf ihn geschossen habe.\u00a0\n<\/p>\n<p>            Mit der Waffe zu Beamten umgedreht?            <\/p>\n<p class=\"paragraph article__item\">Die Polizei hatte berichtet, der Sch\u00fcler aus dem Landkreis Miesbach, der in Begleitung eines etwa gleichaltrigen M\u00e4dchens unterwegs war, habe auf offener Stra\u00dfe mit der Pistole hantiert. Als Zivilbeamte ihn aufforderten, die Waffe fallen zu lassen, habe er sich mit der mutma\u00dflichen Waffe in der Hand zu den Polizisten umgedreht. Daraufhin habe ein Beamter geschossen und den Jugendlichen in den Oberk\u00f6rper getroffen.\n<\/p>\n<p class=\"paragraph article__item\">Der Darstellung der Polizei vom Vortag sei nichts hinzuzuf\u00fcgen, sagte Polizeisprecher Thomas Schelshorn zu den aktuellen Vorw\u00fcrfen der Linken und des Kurdischen Zentrums. Wie sich sp\u00e4ter herausstellte, handelte es sich bei der Waffe um eine Softair-Pistole. Diese sieht laut Polizei einer echten Beretta Pistole 92, Kaliber neun Millimeter, t\u00e4uschend \u00e4hnlich. Der Jugendliche war wegen eines anderen Vorfalls bereits bei der Polizei bekannt. N\u00e4here Angaben machte die Polizei dazu nicht.\n<\/p>\n<p>            Staatsanwaltschaft: 14-J\u00e4hriger noch nicht vernommen            <\/p>\n<p class=\"paragraph article__item\">Die Staatsanwaltschaft M\u00fcnchen I pr\u00fcft zusammen mit dem Bayerischen Landeskriminalamt &#8211; wie in solchen F\u00e4llen \u00fcblich &#8211; die Rechtm\u00e4\u00dfigkeit der polizeilichen Schussabgabe. Es werde aber nicht gegen den Beamten ermittelt, der geschossen hatte. Er sei weiter Zeuge, sagte Schelshorn. <a class=\"rtr-entity\" href=\"https:\/\/www.zeit.de\/thema\/die-linke\" rel=\"nofollow noopener\" target=\"_blank\">Die Linke<\/a> M\u00fcnchen hatte Ermittlungen gegen den Sch\u00fctzen wegen des Verdachts der schweren K\u00f6rperverletzung im Amt verlangt.\n<\/p>\n<p class=\"paragraph article__item\">Die Sprecherin der Staatsanwaltschaft, Juliane Grotz, teilte mit, die \u00c4u\u00dferungen des Kurdischen Zentrums seien der Anklagebeh\u00f6rde bislang nur aus den Medien bekannt. Rechtlich bewerten werde die Staatsanwaltschaft das Geschehen erst, wenn die Vorermittlungen abgeschlossen seien.\n<\/p>\n<p class=\"paragraph article__item\">Der 14-J\u00e4hrige habe noch nicht vernommen werden k\u00f6nnen, sagte die Sprecherin, ohne n\u00e4here Gr\u00fcnde zu nennen. Seine Begleiterin und weitere Zeugen seien aber geh\u00f6rt worden. Es l\u00e4gen auch Videoaufnahmen vor, auf denen die Situation bis kurz vor der Schussabgabe zu sehen sei.\u00a0\n<\/p>\n<p>            Erste Hilfe oder Handschellen?            <\/p>\n<p class=\"paragraph article__item\">Die Polizei hatte mitgeteilt, dass die Beamten nach dem Schuss sofort Erste Hilfe geleistet und den Rettungsdienst angefordert h\u00e4tten. Seitens der Linken und des Kurdischen Zentrums hei\u00dft es nun, der Jugendliche sei zu Boden gedr\u00fcckt und mit Handschellen gefesselt worden. Die Eltern h\u00e4tten am Dienstagabend nach ihrem Sohn gesucht. Sie seien von der Polizei nicht informiert worden.\u00a0\n<\/p>\n<p class=\"paragraph article__item\">Der Jugendliche mit t\u00fcrkischer Staatsangeh\u00f6rigkeit war laut Polizei mit seinen Eltern 2023 nach Deutschland gekommen und hatte Asylantrag gestellt. Der Antrag sei abgelehnt und die Abschiebung angedroht worden. Laut Kurdischem Zentrum wurde gegen die Ablehnung des Antrags Widerspruch eingelegt.\n<\/p>\n<p class=\"paragraph article__item\">\u00a9 dpa-infocom, dpa:260820-930-557593\/2<\/p>\n","protected":false},"excerpt":{"rendered":"Nach dem polizeilichen Schuss auf einen 14-J\u00e4hrigen im M\u00fcnchner Stadtteil Schwabing ist eine der Polizeidarstellung deutlich entgegenstehende Beschreibung&hellip;\n","protected":false},"author":2,"featured_media":1249275,"comment_status":"","ping_status":"","sticky":false,"template":"","format":"standard","meta":{"footnotes":"","_share_on_mastodon":"0"},"categories":[1827],"tags":[772,29,536,30,1268,15,121,258658,4908,16264,6050],"class_list":["post-1249274","post","type-post","status-publish","format-standard","has-post-thumbnail","category-muenchen","tag-bayern","tag-deutschland","tag-die-linke","tag-germany","tag-muenchen","tag-news","tag-polizei","tag-polizeidarstellung","tag-polizeieinsatz","tag-polizeischuss","tag-schwabing"],"share_on_mastodon":{"url":"https:\/\/pubeurope.com\/@de\/117128355264442285","error":""},"_links":{"self":[{"href":"https:\/\/www.europesays.com\/de\/wp-json\/wp\/v2\/posts\/1249274","targetHints":{"allow":["GET"]}}],"collection":[{"href":"https:\/\/www.europesays.com\/de\/wp-json\/wp\/v2\/posts"}],"about":[{"href":"https:\/\/www.europesays.com\/de\/wp-json\/wp\/v2\/types\/post"}],"author":[{"embeddable":true,"href":"https:\/\/www.europesays.com\/de\/wp-json\/wp\/v2\/users\/2"}],"replies":[{"embeddable":true,"href":"https:\/\/www.europesays.com\/de\/wp-json\/wp\/v2\/comments?post=1249274"}],"version-history":[{"count":0,"href":"https:\/\/www.europesays.com\/de\/wp-json\/wp\/v2\/posts\/1249274\/revisions"}],"wp:featuredmedia":[{"embeddable":true,"href":"https:\/\/www.europesays.com\/de\/wp-json\/wp\/v2\/media\/1249275"}],"wp:attachment":[{"href":"https:\/\/www.europesays.com\/de\/wp-json\/wp\/v2\/media?parent=1249274"}],"wp:term":[{"taxonomy":"category","embeddable":true,"href":"https:\/\/www.europesays.com\/de\/wp-json\/wp\/v2\/categories?post=1249274"},{"taxonomy":"post_tag","embeddable":true,"href":"https:\/\/www.europesays.com\/de\/wp-json\/wp\/v2\/tags?post=1249274"}],"curies":[{"name":"wp","href":"https:\/\/api.w.org\/{rel}","templated":true}]}}