{"id":1249371,"date":"2026-08-20T15:39:20","date_gmt":"2026-08-20T15:39:20","guid":{"rendered":"https:\/\/www.europesays.com\/de\/1249371\/"},"modified":"2026-08-20T15:39:20","modified_gmt":"2026-08-20T15:39:20","slug":"rki-meldet-mehr-als-14-000-hitzetote-seit-jahresbeginn","status":"publish","type":"post","link":"https:\/\/www.europesays.com\/de\/1249371\/","title":{"rendered":"RKI meldet mehr als 14.000 Hitzetote seit Jahresbeginn"},"content":{"rendered":"<p>            <img loading=\"lazy\" decoding=\"async\" class=\"ts-image\" src=\"https:\/\/www.europesays.com\/de\/wp-content\/uploads\/2026\/08\/rettungsdienst-jacke-fahrzeug-100.jpg\" alt=\"Eine Jacke eines Rettungssanit\u00e4ters h\u00e4ngt am Fenster eines Krankenwagens.\" title=\"Eine Jacke eines Rettungssanit\u00e4ters h\u00e4ngt am Fenster eines Krankenwagens. | dpa\"\/><\/p>\n<p class=\"metatextline\">Stand: 20.08.2026 \u2022 11:25 Uhr<\/p>\n<p class=\"article-head__shorttext\">\n        <strong>Der hei\u00dfe Sommer hat f\u00fcr Tausende Sterbef\u00e4lle gesorgt. Laut einer neuen Sch\u00e4tzung des Robert Koch-Instituts sind seit Jahresbeginn mindestens 14.000 Menschen wegen der Hitze gestorben.<\/strong>\n    <\/p>\n<p class=\"textabsatz m-ten m-offset-one l-eight l-offset-two columns twelve\">Angaben des Robert Koch-Institutes (RKI) zufolge ist die gesch\u00e4tzte Zahl der diesj\u00e4hrigen hitzebedingten Todesf\u00e4lle in Deutschland weiter angestiegen. Bis zum 9. August gab es demnach mindestens 14.000 Todesf\u00e4lle in Zusammenhang mit hohen Temperaturen, <a href=\"https:\/\/www.rki.de\/DE\/Themen\/Gesundheit-und-Gesellschaft\/Gesundheitliche-Einflussfaktoren-A-Z\/H\/Hitze\/Bericht_Hitzemortalitaet.html\" title=\"RKI: Wochenbericht zur hitzebedingten Mortalit\u00e4t\" class=\"textlink--extern js-link-dialog\" rel=\"noopener noreferrer nofollow\" target=\"_blank\" data-type=\"external\">wie aus dem Wochenbericht des Instituts hervorgeht<\/a>.<\/p>\n<p class=\"textabsatz m-ten m-offset-one l-eight l-offset-two columns twelve\">Damit gab es in den ersten sieben Monaten dieses Jahres bereits mehr Todesf\u00e4lle in Zusammenhang mit Hitze als in jedem einzelnen Gesamtjahr zuvor. Der bisherige H\u00f6chstwert wurde 2018 mit etwa 9.000 hitzebedingten Todesf\u00e4llen verzeichnet.<\/p>\n<p class=\"textabsatz m-ten m-offset-one l-eight l-offset-two columns twelve\">Vor allem f\u00fcr \u00e4ltere Menschen sind Hitzeperioden riskant. Ab einem Alter von 75 steigt die \u00dcbersterblichkeit durch Hitze stark an. In fast 10.500 der bislang in diesem Jahr erfassten hitzebedingten Todesf\u00e4lle geh\u00f6rten die Verstorbenen dieser Altersgruppe an.<\/p>\n<p>    Hei\u00dfester Juni in Westeuropa<\/p>\n<p class=\"textabsatz m-ten m-offset-one l-eight l-offset-two columns twelve\">Etwa 9.600 der hitzebedingten Sterbef\u00e4lle in diesem Jahr gehen laut RKI auf die besonders hei\u00dfe Woche vom 22. bis 28. Juni zur\u00fcck, als in Deutschland vielerorts Rekordtemperaturen von mehr als 40 Grad Celsius gemessen wurden. Der Juni 2026 war <a href=\"https:\/\/www.tagesschau.de\/wissen\/klima\/copernicus-hitzerekord-juni-100.html\" title=\"Hei\u00dfester Juni in Westeuropa seit Aufzeichnungsbeginn\" rel=\"nofollow noopener\" target=\"_blank\">nach Daten des EU-Klimadienstes Copernicus der hei\u00dfeste Juni, der jemals in Westeuropa gemessen wurde<\/a>.<\/p>\n<p class=\"textabsatz m-ten m-offset-one l-eight l-offset-two columns twelve\">Das Ausma\u00df hitzebedingter Sterbef\u00e4lle wird mithilfe von statistischen Methoden durch den Vergleich zu Vorjahreszahlen in Sommerwochen mit und ohne Hitze modelliert. Die aktuellen Zahlen beziehen sich auf Werte bis zur Kalenderwoche 32, da bundeslandspezifische Zahlen mit Verz\u00f6gerung \u00fcbermittelt werden.<\/p>\n","protected":false},"excerpt":{"rendered":"Stand: 20.08.2026 \u2022 11:25 Uhr Der hei\u00dfe Sommer hat f\u00fcr Tausende Sterbef\u00e4lle gesorgt. Laut einer neuen Sch\u00e4tzung des&hellip;\n","protected":false},"author":2,"featured_media":1249372,"comment_status":"","ping_status":"","sticky":false,"template":"","format":"standard","meta":{"footnotes":"","_share_on_mastodon":"0"},"categories":[5],"tags":[331,332,3364,29,30,13,11607,14,15,16256,12,1973],"class_list":["post-1249371","post","type-post","status-publish","format-standard","has-post-thumbnail","category-nachrichten","tag-aktuelle-nachrichten","tag-aktuelle-news","tag-de","tag-deutschland","tag-germany","tag-headlines","tag-hitze","tag-nachrichten","tag-news","tag-rki","tag-schlagzeilen","tag-wetter"],"share_on_mastodon":{"url":"https:\/\/pubeurope.com\/@de\/117128592893491594","error":""},"_links":{"self":[{"href":"https:\/\/www.europesays.com\/de\/wp-json\/wp\/v2\/posts\/1249371","targetHints":{"allow":["GET"]}}],"collection":[{"href":"https:\/\/www.europesays.com\/de\/wp-json\/wp\/v2\/posts"}],"about":[{"href":"https:\/\/www.europesays.com\/de\/wp-json\/wp\/v2\/types\/post"}],"author":[{"embeddable":true,"href":"https:\/\/www.europesays.com\/de\/wp-json\/wp\/v2\/users\/2"}],"replies":[{"embeddable":true,"href":"https:\/\/www.europesays.com\/de\/wp-json\/wp\/v2\/comments?post=1249371"}],"version-history":[{"count":0,"href":"https:\/\/www.europesays.com\/de\/wp-json\/wp\/v2\/posts\/1249371\/revisions"}],"wp:featuredmedia":[{"embeddable":true,"href":"https:\/\/www.europesays.com\/de\/wp-json\/wp\/v2\/media\/1249372"}],"wp:attachment":[{"href":"https:\/\/www.europesays.com\/de\/wp-json\/wp\/v2\/media?parent=1249371"}],"wp:term":[{"taxonomy":"category","embeddable":true,"href":"https:\/\/www.europesays.com\/de\/wp-json\/wp\/v2\/categories?post=1249371"},{"taxonomy":"post_tag","embeddable":true,"href":"https:\/\/www.europesays.com\/de\/wp-json\/wp\/v2\/tags?post=1249371"}],"curies":[{"name":"wp","href":"https:\/\/api.w.org\/{rel}","templated":true}]}}