{"id":1249445,"date":"2026-08-20T16:26:39","date_gmt":"2026-08-20T16:26:39","guid":{"rendered":"https:\/\/www.europesays.com\/de\/1249445\/"},"modified":"2026-08-20T16:26:39","modified_gmt":"2026-08-20T16:26:39","slug":"gzsz-oli-p-feiert-comeback-in-berliner-soap-nach-27-jahren","status":"publish","type":"post","link":"https:\/\/www.europesays.com\/de\/1249445\/","title":{"rendered":"GZSZ: Oli P. feiert Comeback in Berliner Soap \u2013 nach 27 Jahren"},"content":{"rendered":"<p>Nach 27 Jahren <\/p>\n<p>\u00dcberraschungs-Comeback: Oli.P kehrt zu GZSZ zur\u00fcck<\/p>\n<p>Aktualisiert am 20.08.2026 &#8211; 15:27 UhrLesedauer: 1 Min.<\/p>\n<p><a href=\"#focus-0\" class=\"transition-colors block text-current relative\" data-sctrack=\"FocusGalleryImage.Reference\"><img fetchpriority=\"high\" data-testid=\"Opener.Image\"   loading=\"eager\" src=\"https:\/\/www.europesays.com\/de\/wp-content\/uploads\/2026\/08\/oliver-petszokat-kehrt-nach-27-jahren-zur-rtl-serie-gute-zeiten-schlechte-zeiten-zurueck-archivbild..jpeg\" alt=\"Musikshow Schlagerchampions\" title=\"Musikshow Schlagerchampions\" width=\"2048\" height=\"1152\" class=\"bg-[url:var(--lqipURL)] bg-cover bg-center flex h-full w-full max-w-full\" style=\"--lqipURL:url('https:\/\/images.t-online.de\/2026\/07\/499lDbnyngpF\/0x66:2048x1152\/fit-in\/150x0\/filters:blur(25)\/oliver-petszokat-kehrt-nach-27-jahren-zur-rtl-serie-gute-zeiten-schlechte-zeiten-zurueck-archivbild.jpg')\" decoding=\"async\"\/><img loading=\"lazy\" src=\"https:\/\/berlin.t-online.de\/s\/paper\/_next\/static\/media\/zoom-in.f7dae02f.svg\" alt=\"Vergr\u00f6\u00dfern des Bildes\" title=\"Vergr\u00f6\u00dfern des Bildes\" class=\"block h-[calc(var(--height)_\/_16_*_1rem)] w-[calc(var(--width)_\/_16_*_1rem)] max-w-none absolute right-8 bottom-8 rounded-4 bg-snow p-8\" style=\"--width:32;--height:32\" decoding=\"async\"\/><\/a><\/p>\n<p>Oliver Petszokat kehrt nach 27 Jahren zur RTL-Serie &#8222;Gute Zeiten, schlechte Zeiten&#8220; zur\u00fcck. (Archivbild) (Quelle: Jens Kalaene\/dpa\/dpa-bilder)<\/p>\n<p><img loading=\"lazy\" src=\"https:\/\/berlin.t-online.de\/s\/paper\/_next\/static\/media\/audio-volume.6689034c.svg\" alt=\"\" title=\"\" class=\"block h-[calc(var(--height)_\/_16_*_1rem)] w-[calc(var(--width)_\/_16_*_1rem)] max-w-none group-hover:brightness-0 group-hover:invert\" style=\"--width:16;--height:16\" decoding=\"async\"\/>Vorlesen<\/p>\n<p>Aktuelle Zeit:0:00Gesamtdauer:0:00<\/p>\n<p>1x<img loading=\"lazy\" src=\"https:\/\/berlin.t-online.de\/s\/paper\/_next\/static\/media\/font-sizes.32942e33.svg\" alt=\"\" title=\"\" class=\"block h-[calc(var(--height)_\/_16_*_1rem)] w-[calc(var(--width)_\/_16_*_1rem)] max-w-none group-hover:hidden group-aria-expanded:hidden\" style=\"--width:16;--height:16\" decoding=\"async\"\/><img loading=\"lazy\" src=\"https:\/\/berlin.t-online.de\/s\/paper\/_next\/static\/media\/font-sizes-dark-mode.e382645c.svg\" alt=\"\" title=\"\" class=\"block h-[calc(var(--height)_\/_16_*_1rem)] w-[calc(var(--width)_\/_16_*_1rem)] max-w-none hidden group-hover:block group-aria-expanded:block\" style=\"--width:16;--height:16\" decoding=\"async\"\/><img loading=\"lazy\" src=\"https:\/\/berlin.t-online.de\/s\/paper\/_next\/static\/media\/sharing-menu-icon.1eb71368.svg\" alt=\"\" title=\"\" class=\"block h-[calc(var(--height)_\/_16_*_1rem)] w-[calc(var(--width)_\/_16_*_1rem)] max-w-none group-hover:brightness-0 group-hover:invert\" style=\"--width:16;--height:16\" decoding=\"async\"\/>Artikel teilen<\/p>\n<p class=\"font-bold text-18 leading-17 user-text-lg:text-22 user-text-xl:text-24\">Vor fast drei Jahrzehnten spielte Oliver Petszokat die Rolle als &#8222;Ricky Marquart&#8220; in der RTL-Serie. Nun kehrt er f\u00fcr mehrere Episoden zur\u00fcck.<\/p>\n<p class=\"text-18 leading-17 user-text-lg:text-22 user-text-xl:text-24\">Schauspieler und Moderator Oliver Petszokat (47) kehrt nach 27 Jahren zur RTL-Serie &#8222;Gute Zeiten, schlechte Zeiten&#8220; (GZSZ) zur\u00fcck. Wie RTL mitteilte, steht der auch als Oli.P bekannte Entertainer an drei Drehtagen am Set in Potsdam-Babelsberg und bei einem Au\u00dfendreh vor der Kamera.<\/p>\n<p class=\"text-18 leading-17 user-text-lg:text-22 user-text-xl:text-24\">Petszokat spielte bereits von 1998 bis 1999 bei der Kult-Serie die Rolle des &#8222;Ricky Marquardt&#8220;. Ob er nun erneut in diese Rolle schl\u00fcpft oder als neue Figur auftaucht, h\u00e4lt der Sender bislang geheim. Er werde in aufeinanderfolgenden Episoden zu sehen sein, hei\u00dft es von RTL.<\/p>\n<p>Folgen mit Petszokat sollen im Herbst ausgestrahlt werden<\/p>\n<p class=\"text-18 leading-17 user-text-lg:text-22 user-text-xl:text-24\">&#8222;Es f\u00fchlt sich absolut gro\u00dfartig an, wieder zur\u00fcck am Set zu sein und die alte GZSZ-Luft zu schnuppern. Nach fast drei Jahrzehnten wieder hierzustehen, l\u00f6st eine wahnsinnige Nostalgiewelle in mir aus&#8220;, so Petszokat.<\/p>\n<p class=\"text-18 leading-17 user-text-lg:text-22 user-text-xl:text-24\">&#8222;Ich freue mich riesig darauf, sowohl alte Bekannte als auch neue Kollegen zu treffen und den Fans in den kommenden Folgen etwas ganz Besonderes zu bieten.&#8220; Die GZSZ-Episoden mit Petszokat sollen im Herbst 2026 bei RTL ausgestrahlt werden und eine Woche vorab auf RTL+ zu sehen sein.<\/p>\n","protected":false},"excerpt":{"rendered":"Nach 27 Jahren \u00dcberraschungs-Comeback: Oli.P kehrt zu GZSZ zur\u00fcck Aktualisiert am 20.08.2026 &#8211; 15:27 UhrLesedauer: 1 Min. Oliver&hellip;\n","protected":false},"author":2,"featured_media":1249446,"comment_status":"","ping_status":"","sticky":false,"template":"","format":"standard","meta":{"footnotes":"","_share_on_mastodon":"0"},"categories":[1773],"tags":[722,17161,29,214,30,725,851,3523,36167,137937,223987,640,471,1780,215],"class_list":["post-1249445","post","type-post","status-publish","format-standard","has-post-thumbnail","category-serien","tag-722","tag-17161","tag-deutschland","tag-entertainment","tag-germany","tag-gzsz","tag-herbst","tag-kamera","tag-oliver-petszokat","tag-potsdam-babelsberg","tag-ricky-marquart","tag-rtl","tag-serien","tag-series","tag-unterhaltung"],"share_on_mastodon":{"url":"https:\/\/pubeurope.com\/@de\/117128779611867709","error":""},"_links":{"self":[{"href":"https:\/\/www.europesays.com\/de\/wp-json\/wp\/v2\/posts\/1249445","targetHints":{"allow":["GET"]}}],"collection":[{"href":"https:\/\/www.europesays.com\/de\/wp-json\/wp\/v2\/posts"}],"about":[{"href":"https:\/\/www.europesays.com\/de\/wp-json\/wp\/v2\/types\/post"}],"author":[{"embeddable":true,"href":"https:\/\/www.europesays.com\/de\/wp-json\/wp\/v2\/users\/2"}],"replies":[{"embeddable":true,"href":"https:\/\/www.europesays.com\/de\/wp-json\/wp\/v2\/comments?post=1249445"}],"version-history":[{"count":0,"href":"https:\/\/www.europesays.com\/de\/wp-json\/wp\/v2\/posts\/1249445\/revisions"}],"wp:featuredmedia":[{"embeddable":true,"href":"https:\/\/www.europesays.com\/de\/wp-json\/wp\/v2\/media\/1249446"}],"wp:attachment":[{"href":"https:\/\/www.europesays.com\/de\/wp-json\/wp\/v2\/media?parent=1249445"}],"wp:term":[{"taxonomy":"category","embeddable":true,"href":"https:\/\/www.europesays.com\/de\/wp-json\/wp\/v2\/categories?post=1249445"},{"taxonomy":"post_tag","embeddable":true,"href":"https:\/\/www.europesays.com\/de\/wp-json\/wp\/v2\/tags?post=1249445"}],"curies":[{"name":"wp","href":"https:\/\/api.w.org\/{rel}","templated":true}]}}