{"id":1249452,"date":"2026-08-20T16:32:14","date_gmt":"2026-08-20T16:32:14","guid":{"rendered":"https:\/\/www.europesays.com\/de\/1249452\/"},"modified":"2026-08-20T16:32:14","modified_gmt":"2026-08-20T16:32:14","slug":"fc-bayern-millionen-regen-wechsel-von-diesem-star-zu-benfica-kurz-vor-abschluss-sport","status":"publish","type":"post","link":"https:\/\/www.europesays.com\/de\/1249452\/","title":{"rendered":"FC Bayern: Millionen-Regen! Wechsel von diesem Star zu Benfica kurz vor Abschluss | Sport"},"content":{"rendered":"<p><a class=\"skip-content skip-content--link\" href=\"#in-content-skip-link-target-v-0-0\">TTS-Player \u00fcberspringen\u21b5<\/a><a id=\"in-content-skip-link-target-v-0-0\" class=\"skip-content--target-link-hidden skip-content skip-content--target-link\" href=\"#in-content-skip-link-target-v-0-0\">Artikel weiterlesen<\/a><\/p>\n<p data-21134c99=\"0-2128\">M\u00fcnchen\/Lissabon (Portugal) \u2013 <b>Bayern-Star Joao Palhinha (31) steht nach BILD-Informationen kurz vor einem Abgang zu Benfica Lissabon! In den vergangenen Tagen berichtete BILD bereits, dass die Portugiesen einen neuen Vorsto\u00df unternommen haben, um den Mittelfeld-Abr\u00e4umer des <\/b><a href=\"https:\/\/www.bild.de\/sport\/fussball\/bayern-muenchen\/startseite-fc-bayern-muenchen-31074450.bild.html\" class=\"text-link\" rel=\"nofollow noopener\" target=\"_blank\"><b>FC Bayern<\/b><\/a><b> zu verpflichten. <\/b><\/p>\n<p data-21134c99=\"0-2128\">Nachdem die Portugiesen im Juni noch abgeblitzt waren, weil sie die Forderungen des deutschen Rekordmeisters nicht erf\u00fcllen wollten, steht der Deal nun unmittelbar vor dem Abschluss. Nach BILD-Informationen sind noch wenige Details zu kl\u00e4ren. <\/p>\n<p>Wechsel von Bayern-Star zu Benfica kurz vor Abschluss<\/p>\n<p data-21134c99=\"0-2128\">Wie der italienische Transfer-Insider Fabrizio Romano berichtet, sollen der Rekordmeister und der portugiesische Erstligist sich m\u00fcndlich sogar bereits geeinigt haben. Die Abl\u00f6se des Mittelfeldspielers, der im vergangenen Jahr an den Premier-League-Klub Tottenham Hotspur ausgeliehen war, soll bei 14 Mio. Euro plus f\u00fcnf Mio. m\u00f6gliche Boni liegen. <\/p>\n<p data-21134c99=\"0-2128\">Fakt ist: Die M\u00fcnchner wollen Palhinha im Sommer unbedingt loswerden, da er in den Planungen von Cheftrainer Vincent Kompany (40) keine Rolle spielt. Bei den letzten beiden Vorbereitungsspielen im Telekom-Cup gegen RB Leipzig (3:1) und am Dienstag in Heidenheim (4:2) stand der Portugiese bereits nicht im Kader. Stattdessen absolvierte Palhinha vor dem letzten H\u00e4rtetest beim Bundesliga-Absteiger am Dienstagvormittag ein individuelles Training an der S\u00e4bener Stra\u00dfe. <\/p>\n<p><img decoding=\"async\" width=\"992\" height=\"558\" alt=\"Bayern-Trainer Vincent Kompany (40) ist seit Juli 2024 beim Rekordmeister im Amt\" loading=\"lazy\" src=\"https:\/\/www.europesays.com\/de\/wp-content\/uploads\/2026\/08\/d31986048971a00fb1b68997d875988d,af88dc92.jpeg\"   class=\"landscape\"\/><\/p>\n<p class=\"fig__caption__text\">Bayern-Trainer Vincent Kompany (40) ist seit Juli 2024 beim Rekordmeister im Amt<\/p>\n<p>Foto: picture alliance\/Eibner-Pressefoto<\/p>\n<p data-21134c99=\"0-2128\">BILD wei\u00df: Im Falle eines Abschieds aus M\u00fcnchen, der sich nun andeutet, war Benfica zuletzt immer das Wunschziel von Palhinha. <\/p>\n<p data-21134c99=\"0-2128\">Benfica soll in den ersten Gespr\u00e4chen im Juni eine Leihe mit Kaufoption geboten haben, die den Bayern im Gesamtpaket nicht hoch genug war. England-Klub Aston Villa, der f\u00fcr den Spieler grunds\u00e4tzlich ebenfalls sehr interessant w\u00e4re, hatte zuletzt ebenfalls einen Leih-Deal angeboten, dessen Rahmenbedingungen f\u00fcr die Bayern aber ebenfalls nicht ausreichend sind. Sportvorstand Max Eberl (52) versicherte deshalb k\u00fcrzlich sogar \u00f6ffentlich, dass es mit Aston Villa zu keiner Einigung kommen werde.<\/p>\n<p data-21134c99=\"0-2128\">Jetzt deutet sich ein Abschied aus M\u00fcnchen in Richtung Portugal an!<\/p>\n","protected":false},"excerpt":{"rendered":"TTS-Player \u00fcberspringen\u21b5Artikel weiterlesen M\u00fcnchen\/Lissabon (Portugal) \u2013 Bayern-Star Joao Palhinha (31) steht nach BILD-Informationen kurz vor einem Abgang zu&hellip;\n","protected":false},"author":2,"featured_media":1249453,"comment_status":"","ping_status":"","sticky":false,"template":"","format":"standard","meta":{"footnotes":"","_share_on_mastodon":"0"},"categories":[136],"tags":[1263,29,538,458,30,11515,957,803,265,1470],"class_list":["post-1249452","post","type-post","status-publish","format-standard","has-post-thumbnail","category-sport","tag-aufmacher-bereich","tag-deutschland","tag-erste-bundesliga","tag-fc-bayern-muenchen","tag-germany","tag-kompany-vincent","tag-premier-league","tag-spielertransfer","tag-sport","tag-sport-leuchtturm-muenchen"],"share_on_mastodon":{"url":"","error":""},"_links":{"self":[{"href":"https:\/\/www.europesays.com\/de\/wp-json\/wp\/v2\/posts\/1249452","targetHints":{"allow":["GET"]}}],"collection":[{"href":"https:\/\/www.europesays.com\/de\/wp-json\/wp\/v2\/posts"}],"about":[{"href":"https:\/\/www.europesays.com\/de\/wp-json\/wp\/v2\/types\/post"}],"author":[{"embeddable":true,"href":"https:\/\/www.europesays.com\/de\/wp-json\/wp\/v2\/users\/2"}],"replies":[{"embeddable":true,"href":"https:\/\/www.europesays.com\/de\/wp-json\/wp\/v2\/comments?post=1249452"}],"version-history":[{"count":0,"href":"https:\/\/www.europesays.com\/de\/wp-json\/wp\/v2\/posts\/1249452\/revisions"}],"wp:featuredmedia":[{"embeddable":true,"href":"https:\/\/www.europesays.com\/de\/wp-json\/wp\/v2\/media\/1249453"}],"wp:attachment":[{"href":"https:\/\/www.europesays.com\/de\/wp-json\/wp\/v2\/media?parent=1249452"}],"wp:term":[{"taxonomy":"category","embeddable":true,"href":"https:\/\/www.europesays.com\/de\/wp-json\/wp\/v2\/categories?post=1249452"},{"taxonomy":"post_tag","embeddable":true,"href":"https:\/\/www.europesays.com\/de\/wp-json\/wp\/v2\/tags?post=1249452"}],"curies":[{"name":"wp","href":"https:\/\/api.w.org\/{rel}","templated":true}]}}