{"id":1249461,"date":"2026-08-20T16:37:18","date_gmt":"2026-08-20T16:37:18","guid":{"rendered":"https:\/\/www.europesays.com\/de\/1249461\/"},"modified":"2026-08-20T16:37:18","modified_gmt":"2026-08-20T16:37:18","slug":"meinungsfreiheit-pinocchio-kommentator-meldet-sich-zu-wort-finde-noch-immer-das-passt-gut-zu-herrn-merz","status":"publish","type":"post","link":"https:\/\/www.europesays.com\/de\/1249461\/","title":{"rendered":"Meinungsfreiheit: \u201ePinocchio\u201c-Kommentator meldet sich zu Wort \u2013 \u201eFinde noch immer, das passt gut zu Herrn Merz\u201c"},"content":{"rendered":"<p>Sein \u201ePinocchio\u201c-Kommentar auf Facebook und das nachfolgende Verfahren l\u00f6sten eine Debatte \u00fcber Meinungsfreiheit aus \u2013 nun schildert der Rentner im \u201eSpiegel\u201c seine Perspektive auf den Vorfall.<\/p>\n<p class=\"is-first-paragraph\" data-external=\"Article.FirstParagraph\">Der Rentner Andreas H\u00fcttner, der Bundeskanzler Friedrich Merz (CDU) auf Facebook als \u201ePinocchio\u201c bezeichnet hatte, h\u00e4lt die Bezeichnung nach wie vor f\u00fcr treffend. <\/p>\n<p>\u201eIch finde noch immer, \u201aPinocchio\u2019 passt gut zu Herrn Merz\u201c, gibt ihn der <a class=\"is-link c-block-items__link is-external c-link--rich-text-renderer\" href=\"https:\/\/www.spiegel.de\/kultur\/darf-man-merz-pinocchio-nennen-ich-war-mir-nie-einer-schuld-bewusst-a-b5073ec9-e574-4ed7-a422-1be111a46203?context=issue\" target=\"_blank\" title=\"Link wird in einem neuen Tab ge\u00f6ffnet\" rel=\"nofollow noopener\" data-internal-tracking-enabled=\"true\" data-internal-tracking=\"{&quot;action&quot;:&quot;click&quot;,&quot;label&quot;:&quot;link&quot;,&quot;name&quot;:&quot;Inline Element&quot;,&quot;data&quot;:{&quot;source&quot;:&quot;&quot;,&quot;target&quot;:&quot;https:\/\/www.spiegel.de\/kultur\/darf-man-merz-pinocchio-nennen-ich-war-mir-nie-einer-schuld-bewusst-a-b5073ec9-e574-4ed7-a422-1be111a46203?context=issue&quot;,&quot;trackingName&quot;:&quot;&quot;,&quot;trackingLabel&quot;:&quot;&quot;}}\">\u201eSpiegel\u201c in einem Gespr\u00e4chsprotokoll<\/a> wieder. \u201eIch war mir nie einer Schuld bewusst, fand es eher lustig \u2013 und war \u00fcbrigens auch nicht der Einzige, der Friedrich Merz mit \u201aPinocchio\u2019 tituliert hat.\u201c<\/p>\n<p>Anl\u00e4sslich eines Besuchs von Merz im Oktober in Heilbronn hatten Nutzer einen Facebook-Post der \u00f6rtlichen Polizei fast 400 Mal kommentiert. Die Polizei leitete schlie\u00dflich 38 Kommentare an die Staatsanwaltschaft weiter und bat um Pr\u00fcfung auf Strafbarkeit, darunter auch den von H\u00fcttner. <a class=\"is-link c-block-items__link c-link--rich-text-renderer\" href=\"https:\/\/www.welt.de\/politik\/deutschland\/article699c111aee35d0f0647c459e\/heilbronn-polizei-zeigt-rentner-wegen-pinocchio-kommentar-zu-merz-besuch-an.html\" data-internal-tracking-enabled=\"true\" data-internal-tracking=\"{&quot;action&quot;:&quot;click&quot;,&quot;label&quot;:&quot;link&quot;,&quot;name&quot;:&quot;Inline Element&quot;,&quot;data&quot;:{&quot;source&quot;:&quot;&quot;,&quot;target&quot;:&quot;https:\/\/www.welt.de\/politik\/deutschland\/article699c111aee35d0f0647c459e\/heilbronn-polizei-zeigt-rentner-wegen-pinocchio-kommentar-zu-merz-besuch-an.html&quot;,&quot;trackingName&quot;:&quot;&quot;,&quot;trackingLabel&quot;:&quot;&quot;}}\" rel=\"nofollow noopener\" target=\"_blank\">\u201ePinocchio kommt nach HN\u201c, hatte dieser geschrieben \u2013 und ein Emoji mit langer Nase hinzugef\u00fcgt<\/a>. <\/p>\n<p>Die Polizei zeigte den Rentner daraufhin wegen des Verdachts der Beleidigung nach Paragraf 188 an. Der Paragraf stellt Beleidigungen, \u00fcble Nachreden und Verleumdungen gegen Personen des politischen Lebens unter Strafe. Der Tatbestand wird oft auch als \u201ePolitikerbeleidigung\u201c bezeichnet.<\/p>\n<p>Nach bundesweiter Berichterstattung folgte sp\u00e4ter die Einstellung des Verfahrens, da die \u00c4u\u00dferung von der Meinungsfreiheit gedeckt sei. In einer Stellungnahme an die Polizei hatte H\u00fcttner seinen Kommentar zuvor als \u201emehrdeutige, symbolische und satirische Meinungs\u00e4u\u00dferung im politischen Kontext\u201c bezeichnet. <\/p>\n<p>H\u00fcttner findet die Aufregung um seinen Kommentar fragw\u00fcrdig: \u201eEin Politiker muss schon ein bisschen mehr aushalten k\u00f6nnen\u201c, zitiert ihn der \u201eSpiegel\u201c. Zwar pl\u00e4diert er f\u00fcr Meinungs\u00e4u\u00dferungen im Internet unter Klarnamen, h\u00e4lt aber die Grenzziehung bei der Strafbarkeit von \u00c4u\u00dferungen f\u00fcr schwammig: \u201eWas ist eine Beleidigung, wo ist noch ein Schmunzeln dabei? Bei so was muss man doch die Kirche im Dorf lassen.\u201c Dass das Verfahren eingestellt wurde, schreibt er dem medialen Druck auf die Beh\u00f6rden zu.<\/p>\n<p>Das Gespr\u00e4chsprotokoll erschien im Rahmen der aktuellen <a class=\"is-link c-block-items__link is-external c-link--rich-text-renderer\" href=\"https:\/\/www.spiegel.de\/spiegel\/print\/index-2026-35.html\" target=\"_blank\" title=\"Link wird in einem neuen Tab ge\u00f6ffnet\" rel=\"nofollow noopener\" data-internal-tracking-enabled=\"true\" data-internal-tracking=\"{&quot;action&quot;:&quot;click&quot;,&quot;label&quot;:&quot;link&quot;,&quot;name&quot;:&quot;Inline Element&quot;,&quot;data&quot;:{&quot;source&quot;:&quot;&quot;,&quot;target&quot;:&quot;https:\/\/www.spiegel.de\/spiegel\/print\/index-2026-35.html&quot;,&quot;trackingName&quot;:&quot;&quot;,&quot;trackingLabel&quot;:&quot;&quot;}}\">\u201eSpiegel\u201c-Titelgeschichte zum Thema \u201eMeinungsfreiheit\u201c.<\/a> Neben dem Rentner Andreas H\u00fcttner legen dort unter anderem die ehemalige Gr\u00fcne-Jugend-Sprecherin Jette Nietzard, der K\u00fcnstler Ai Weiwei sowie mehrere Autoren und Politikwissenschaftler dar, ob sie die Meinungsfreiheit in Deutschland bedroht sehen.<\/p>\n<p>lay<\/p>\n","protected":false},"excerpt":{"rendered":"Sein \u201ePinocchio\u201c-Kommentar auf Facebook und das nachfolgende Verfahren l\u00f6sten eine Debatte \u00fcber Meinungsfreiheit aus \u2013 nun schildert der&hellip;\n","protected":false},"author":2,"featured_media":1249462,"comment_status":"","ping_status":"","sticky":false,"template":"","format":"standard","meta":{"footnotes":"","_share_on_mastodon":"0"},"categories":[2],"tags":[25834,29,183,30,13,18401,49988,182,14,15,110,12,45,10,8,9,11],"class_list":["post-1249461","post","type-post","status-publish","format-standard","has-post-thumbnail","category-deutschland","tag-beleidigung","tag-deutschland","tag-friedrich-cdu","tag-germany","tag-headlines","tag-heilbronn","tag-meinungsfreiheit-ks","tag-merz","tag-nachrichten","tag-news","tag-newsteam","tag-schlagzeilen","tag-texttospeech","tag-top-news","tag-top-meldungen","tag-topmeldungen","tag-topnews"],"share_on_mastodon":{"url":"https:\/\/pubeurope.com\/@de\/117128819607423667","error":""},"_links":{"self":[{"href":"https:\/\/www.europesays.com\/de\/wp-json\/wp\/v2\/posts\/1249461","targetHints":{"allow":["GET"]}}],"collection":[{"href":"https:\/\/www.europesays.com\/de\/wp-json\/wp\/v2\/posts"}],"about":[{"href":"https:\/\/www.europesays.com\/de\/wp-json\/wp\/v2\/types\/post"}],"author":[{"embeddable":true,"href":"https:\/\/www.europesays.com\/de\/wp-json\/wp\/v2\/users\/2"}],"replies":[{"embeddable":true,"href":"https:\/\/www.europesays.com\/de\/wp-json\/wp\/v2\/comments?post=1249461"}],"version-history":[{"count":0,"href":"https:\/\/www.europesays.com\/de\/wp-json\/wp\/v2\/posts\/1249461\/revisions"}],"wp:featuredmedia":[{"embeddable":true,"href":"https:\/\/www.europesays.com\/de\/wp-json\/wp\/v2\/media\/1249462"}],"wp:attachment":[{"href":"https:\/\/www.europesays.com\/de\/wp-json\/wp\/v2\/media?parent=1249461"}],"wp:term":[{"taxonomy":"category","embeddable":true,"href":"https:\/\/www.europesays.com\/de\/wp-json\/wp\/v2\/categories?post=1249461"},{"taxonomy":"post_tag","embeddable":true,"href":"https:\/\/www.europesays.com\/de\/wp-json\/wp\/v2\/tags?post=1249461"}],"curies":[{"name":"wp","href":"https:\/\/api.w.org\/{rel}","templated":true}]}}