{"id":1249516,"date":"2026-08-20T17:09:24","date_gmt":"2026-08-20T17:09:24","guid":{"rendered":"https:\/\/www.europesays.com\/de\/1249516\/"},"modified":"2026-08-20T17:09:24","modified_gmt":"2026-08-20T17:09:24","slug":"pressefoerderung-aus-bruessel-eu-kommission-will-staatliche-hilfen-fuer-kleine-medien-erleichtern","status":"publish","type":"post","link":"https:\/\/www.europesays.com\/de\/1249516\/","title":{"rendered":"Pressef\u00f6rderung aus Br\u00fcssel? EU-Kommission will staatliche Hilfen f\u00fcr kleine Medien erleichtern"},"content":{"rendered":"<p>Die EU-Kommission will Mitgliedstaaten erlauben, kleine und mittlere Medienunternehmen k\u00fcnftig ohne vorherige Genehmigung aus Br\u00fcssel staatlich zu f\u00f6rdern. Die geplante Ausnahme ist Teil einer \u00dcberarbeitung der europ\u00e4ischen Beihilferegeln. Dies berichtet <a href=\"https:\/\/www.politico.eu\/article\/eu-moves-to-ease-subsidy-rules-for-small-media\/\" rel=\"nofollow noopener\" target=\"_blank\">Politico<\/a>.<\/p>\n<p>Die sogenannte Allgemeine Gruppenfreistellungsverordnung soll bis Ende Jahr \u00fcberarbeitet werden. Der rund 200 Seiten umfassende Entwurf sieht erstmals erleichterte F\u00f6rderm\u00f6glichkeiten f\u00fcr kleine und unabh\u00e4ngige Medien vor. Voraussetzung ist, dass mindestens eines der von der Kommission definierten Ziele erf\u00fcllt wird.<\/p>\n<p>                <img src=\"https:\/\/www.europesays.com\/de\/wp-content\/uploads\/2026\/08\/719423050_highres-1-1024x683.jpg\" alt=\"OLIVIER MATTHYS \/ KEYSTONE\" itemprop=\"contentUrl\" class=\"story-img story-img--landscape\" loading=\"lazy\" decoding=\"async\"\/><\/p>\n<p>                                                                            EU-Kommissionspraesidentin Ursula von der Leyen in Bruessel<br \/>\n                                                                            <\/p>\n<p>                                        OLIVIER MATTHYS \/ KEYSTONE<\/p>\n<p>Dazu geh\u00f6ren der Erhalt von Medienpluralismus und Meinungsvielfalt sowie die Digitalisierung von Medienangeboten bei gleichzeitigem Erhalt gedruckter Ausgaben. Die Kommission begr\u00fcndet den Schritt mit strukturellen Problemen infolge des digitalen Wandels. Kleine und mittlere Presseunternehmen spielten eine \u00abwesentliche Rolle bei der Sicherung des Medienpluralismus, der kulturellen und sprachlichen Vielfalt, der demokratischen Teilhabe und des Zugangs der B\u00fcrger zu verl\u00e4sslichen Informationen\u00bb.<\/p>\n<p>D\u00e4nemark hatte sich zuvor f\u00fcr eine Ausweitung der Ausnahmen auf private und \u00f6ffentliche Medienanbieter eingesetzt. Die neuen Regeln sind noch nicht beschlossen. Der Entwurf befindet sich im \u00dcberarbeitungsprozess und soll nach den Pl\u00e4nen der Kommission bis Ende des Jahres fertiggestellt werden.<\/p>\n","protected":false},"excerpt":{"rendered":"Die EU-Kommission will Mitgliedstaaten erlauben, kleine und mittlere Medienunternehmen k\u00fcnftig ohne vorherige Genehmigung aus Br\u00fcssel staatlich zu f\u00f6rdern.&hellip;\n","protected":false},"author":2,"featured_media":1249517,"comment_status":"","ping_status":"","sticky":false,"template":"","format":"standard","meta":{"footnotes":"","_share_on_mastodon":"0"},"categories":[3933],"tags":[331,332,1081,548,663,158,3934,3935,6586,13,62,14,15,16,8943,12],"class_list":["post-1249516","post","type-post","status-publish","format-standard","has-post-thumbnail","category-eu","tag-aktuelle-nachrichten","tag-aktuelle-news","tag-digitalisierung","tag-eu","tag-europa","tag-europaeische-union","tag-europe","tag-european-union","tag-forderung","tag-headlines","tag-medien","tag-nachrichten","tag-news","tag-politik","tag-regulierung","tag-schlagzeilen"],"share_on_mastodon":{"url":"https:\/\/pubeurope.com\/@de\/117128946468075634","error":""},"_links":{"self":[{"href":"https:\/\/www.europesays.com\/de\/wp-json\/wp\/v2\/posts\/1249516","targetHints":{"allow":["GET"]}}],"collection":[{"href":"https:\/\/www.europesays.com\/de\/wp-json\/wp\/v2\/posts"}],"about":[{"href":"https:\/\/www.europesays.com\/de\/wp-json\/wp\/v2\/types\/post"}],"author":[{"embeddable":true,"href":"https:\/\/www.europesays.com\/de\/wp-json\/wp\/v2\/users\/2"}],"replies":[{"embeddable":true,"href":"https:\/\/www.europesays.com\/de\/wp-json\/wp\/v2\/comments?post=1249516"}],"version-history":[{"count":0,"href":"https:\/\/www.europesays.com\/de\/wp-json\/wp\/v2\/posts\/1249516\/revisions"}],"wp:featuredmedia":[{"embeddable":true,"href":"https:\/\/www.europesays.com\/de\/wp-json\/wp\/v2\/media\/1249517"}],"wp:attachment":[{"href":"https:\/\/www.europesays.com\/de\/wp-json\/wp\/v2\/media?parent=1249516"}],"wp:term":[{"taxonomy":"category","embeddable":true,"href":"https:\/\/www.europesays.com\/de\/wp-json\/wp\/v2\/categories?post=1249516"},{"taxonomy":"post_tag","embeddable":true,"href":"https:\/\/www.europesays.com\/de\/wp-json\/wp\/v2\/tags?post=1249516"}],"curies":[{"name":"wp","href":"https:\/\/api.w.org\/{rel}","templated":true}]}}