{"id":1249535,"date":"2026-08-20T17:21:21","date_gmt":"2026-08-20T17:21:21","guid":{"rendered":"https:\/\/www.europesays.com\/de\/1249535\/"},"modified":"2026-08-20T17:21:21","modified_gmt":"2026-08-20T17:21:21","slug":"s-bahn-hannover-wann-fahren-endlich-wieder-genuegend-zuege","status":"publish","type":"post","link":"https:\/\/www.europesays.com\/de\/1249535\/","title":{"rendered":"S-Bahn Hannover: Wann fahren endlich wieder gen\u00fcgend Z\u00fcge?"},"content":{"rendered":"<p>        <img decoding=\"async\" src=\"https:\/\/www.europesays.com\/de\/wp-content\/uploads\/2026\/08\/sbahn-206.webp\" alt=\"Blauer Schriftzug S-Bahn Hannover auf einem wei\u00dfen Bahn-Wagen,\" title=\"Blauer Schriftzug S-Bahn Hannover auf einem wei\u00dfen Bahn-Wagen, | NDR\" class=\"responsive\"\/><\/p>\n<p>AUDIO: Wann fahren endlich wieder gen\u00fcgend S-Bahnen in und um Hannover? (4 Min)<\/p>\n<p>\n                Stand: 20.08.2026 18:11 Uhr<\/p>\n<p class=\"preface\">K\u00fcrzere Z\u00fcge, Ersatzbusse, alte geliehene Wagen &#8211; die S-Bahn k\u00e4mpft mit extremen Engp\u00e4ssen, muss improvisieren und schickt Fahrg\u00e4ste auf alternative Wege. Die Region Hannover will nun Druck machen.<\/p>\n<p class=\"textauthor\">von Vera Zellmer<\/p>\n<p class=\"\">77 Bahnen sollten Pendlerinnen und Pendler eigentlich in und um Hannover von A nach B bringen. Diese Woche haben zwischenzeitlich nur etwas mehr als die H\u00e4lfte ihren Dienst getan. Die S-Bahn Hannover bat darum, in den n\u00e4chsten Tagen auf nicht zwingend notwendige Fahrten zu verzichten oder alternative Bef\u00f6rderungsm\u00f6glichkeiten zu nutzen. Auch Sch\u00fclerinnen und Sch\u00fcler sollten laut einer Sprecherin pr\u00fcfen, ob sie anderweitige M\u00f6glichkeiten haben, um an ihre Zielorte zu kommen. Fahrg\u00e4ste sind emp\u00f6rt, sauer, entt\u00e4uscht. Der Verkehrsclub Deutschland in Niedersachsen hat im Moment so viele Kundenbeschwerden wie nie im Postfach.<\/p>\n<p>    Einige Fahrg\u00e4ste steigen bereits wieder aufs Auto um<\/p>\n<p class=\"\">Es beschwerten sich Sch\u00fclerinnen und Sch\u00fcler, die zu sp\u00e4t zum Unterricht kommen oder Fahrg\u00e4ste, die ihre Arzttermine durch die S-Bahn-Situation verpassten. &#8222;Es gibt viele Pendler, die uns auch schon berichten, dass sie tats\u00e4chlich inzwischen auch wieder Auto fahren&#8220;, sagt der stellvertretende Vorsitzende des Verkehrsclubs, Kay Rabe von K\u00fchlewein. Man laufe Gefahr, die Mobilit\u00e4tsziele der Region Hannover nicht zu erreichen. Deshalb m\u00fcsse insbesondere die Region Hannover den Verkehrsvertrag anwenden und nachbessern. Das hie\u00dfe: Strafen verh\u00e4ngen gegen den Betreiber Transdev &#8211; und wenn die Probleme anhalten, dar\u00fcber nachzudenken, den Vertrag zu k\u00fcndigen und neu auszuschreiben.<\/p>\n<p>        <img decoding=\"async\" src=\"https:\/\/www.europesays.com\/de\/wp-content\/uploads\/2026\/04\/sbahn742.webp.webp\" alt=\"Eine S-Bahn steht in einem Bahnhof in Hannover.\" title=\"Eine S-Bahn steht in einem Bahnhof in Hannover. | NDR, Isabel Schneider\" class=\"responsive\" loading=\"lazy\"\/><\/p>\n<p>F\u00fcr Fahrg\u00e4ste bleibt die Lage auch in den kommenden Tagen un\u00fcbersichtlich. Auch die S5 zum Flughafen ist betroffen.<\/p>\n<p>    Region Hannover als Aufgabentr\u00e4ger pr\u00fcft weitere Schritte<\/p>\n<p class=\"\">Die Region Hannover pr\u00fcft nach eigenen Angaben jetzt, was sie tun kann, um die Lage f\u00fcr Fahrg\u00e4ste zu verbessern. Man sei fast t\u00e4glich mit den Verantwortlichen im Austausch und fordere, die bestellten Leistungen zu erbringen. Die vertraglichen M\u00f6glichkeiten nutze die Region konsequent: dazu geh\u00f6rten auch K\u00fcrzungen von Zusch\u00fcssen oder gegebenenfalls Vertragsstrafen, wenn Leistungen nicht oder nicht ordnungsgem\u00e4\u00df erbracht w\u00fcrden.<\/p>\n<p>    K\u00f6nnte ein anderer Betreiber es besser machen?<\/p>\n<p class=\"\">Sowohl der Verkehrsclub Deutschland als auch die SPD-Fraktion in der Regionsversammlung fordern zudem, Schritte bis hin zu einer Teilk\u00fcndigung einzelner Linien oder K\u00fcndigung des Verkehrsvertrages zu pr\u00fcfen. Aber die Region weist darauf hin, dass die Infrastruktur in einem schlechten Zustand sei und das auch andere Betreiber betreffen w\u00fcrde. Au\u00dferdem: ein neuer Betreiber h\u00e4tte vermutlich ebenfalls Startschwierigkeiten. Es werde vorbereitet, dass weitere Ersatzfahrzeuge eingesetzt werden.<\/p>\n<p>    Kapazit\u00e4ten der Werkstatt in Celle sollen wachsen<\/p>\n<p class=\"\">Zudem, so betont es Transdev, sollen in Zukunft mehr Fahrzeuge effizienter in der Werkstatt in Celle repariert werden k\u00f6nnen. Die Werkstatt war erst im vergangenen Jahr in Betrieb gegangen, obwohl Transdev schon seit 2022 in der Region Hannover f\u00e4hrt. Der Bau hatte sich \u00fcber Jahre verz\u00f6gert, weil laut dem Betreiber erst die Baugenehmigung sp\u00e4t erteilt wurde, es dann Lieferschwierigkeiten bei Baumaterialien gab und schlie\u00dflich das Hochwasser 2023\/24 das Baugebiet untersp\u00fclt hatte. Die Kapazit\u00e4ten sind deshalb l\u00e4ngst nicht, wie sie sein sollten.<\/p>\n<p>    Instandhaltungsstau bei Fahrzeugen<\/p>\n<p class=\"\">Personal fehle, Abl\u00e4ufe w\u00fcrden optimiert und von einem Zwei-Schicht-System werde nun auf drei Schichten umgestellt, so Transdev. Fahrzeuge werden deshalb auch in Minden, Herne und Augsburg instand gesetzt. Die Region Hannover erkl\u00e4rt, das aktuelle Instandhaltungskonzept habe sich als nicht ausreichend erwiesen. Es habe sich ein riesiger Stau von Fahrzeugen mit defekten Komponenten gebildet. Die Forderung: Transdev m\u00fcsse zwingend zus\u00e4tzliche Instandhaltungskapazit\u00e4ten, auch au\u00dferhalb des eigenen Konzerns, anmieten.<\/p>\n<p>        <img decoding=\"async\" src=\"https:\/\/www.europesays.com\/de\/wp-content\/uploads\/2026\/08\/transdev-104.webp\" alt=\"Ein ausgeliehener TRI-Ersatzzug f\u00fcr die S-Bahn Hannover.\" title=\"Ein ausgeliehener TRI-Ersatzzug f\u00fcr die S-Bahn Hannover. | Transdev \/ TRI Thomas Beckers\" class=\"responsive\" loading=\"lazy\"\/><\/p>\n<p>Die Ersatzz\u00fcge der Linie S5 sollen zwischen Hannover Flughafen und Hameln eingesetzt werden &#8211; bis Ende September.<\/p>\n","protected":false},"excerpt":{"rendered":"AUDIO: Wann fahren endlich wieder gen\u00fcgend S-Bahnen in und um Hannover? (4 Min) Stand: 20.08.2026 18:11 Uhr K\u00fcrzere&hellip;\n","protected":false},"author":2,"featured_media":1249536,"comment_status":"","ping_status":"","sticky":false,"template":"","format":"standard","meta":{"footnotes":"","_share_on_mastodon":"0"},"categories":[1836],"tags":[2899,1739,3364,29,30,46,1411,4125,7305,1949,601,5720],"class_list":["post-1249535","post","type-post","status-publish","format-standard","has-post-thumbnail","category-hannover","tag-ausfaelle","tag-bahn","tag-de","tag-deutschland","tag-germany","tag-hannover","tag-niedersachsen","tag-pendler","tag-region-hannover","tag-s-bahn","tag-verkehr","tag-verspaetungen"],"share_on_mastodon":{"url":"","error":""},"_links":{"self":[{"href":"https:\/\/www.europesays.com\/de\/wp-json\/wp\/v2\/posts\/1249535","targetHints":{"allow":["GET"]}}],"collection":[{"href":"https:\/\/www.europesays.com\/de\/wp-json\/wp\/v2\/posts"}],"about":[{"href":"https:\/\/www.europesays.com\/de\/wp-json\/wp\/v2\/types\/post"}],"author":[{"embeddable":true,"href":"https:\/\/www.europesays.com\/de\/wp-json\/wp\/v2\/users\/2"}],"replies":[{"embeddable":true,"href":"https:\/\/www.europesays.com\/de\/wp-json\/wp\/v2\/comments?post=1249535"}],"version-history":[{"count":0,"href":"https:\/\/www.europesays.com\/de\/wp-json\/wp\/v2\/posts\/1249535\/revisions"}],"wp:featuredmedia":[{"embeddable":true,"href":"https:\/\/www.europesays.com\/de\/wp-json\/wp\/v2\/media\/1249536"}],"wp:attachment":[{"href":"https:\/\/www.europesays.com\/de\/wp-json\/wp\/v2\/media?parent=1249535"}],"wp:term":[{"taxonomy":"category","embeddable":true,"href":"https:\/\/www.europesays.com\/de\/wp-json\/wp\/v2\/categories?post=1249535"},{"taxonomy":"post_tag","embeddable":true,"href":"https:\/\/www.europesays.com\/de\/wp-json\/wp\/v2\/tags?post=1249535"}],"curies":[{"name":"wp","href":"https:\/\/api.w.org\/{rel}","templated":true}]}}