{"id":1249543,"date":"2026-08-20T17:25:21","date_gmt":"2026-08-20T17:25:21","guid":{"rendered":"https:\/\/www.europesays.com\/de\/1249543\/"},"modified":"2026-08-20T17:25:21","modified_gmt":"2026-08-20T17:25:21","slug":"kind-11-in-bremen-von-auto-erfasst-schwer-verletzt","status":"publish","type":"post","link":"https:\/\/www.europesays.com\/de\/1249543\/","title":{"rendered":"Kind (11) in Bremen von Auto erfasst \u2013 schwer verletzt"},"content":{"rendered":"<p>&#13;<br \/>\n            Bremen. Bei einem Unfall in Bremen ist ein Kind schwer verletzt worden. Nach ersten Erkenntnissen der Polizei war das elf Jahre alte Kind auf einem Fahrrad unterwegs und wurde von einem Auto erfasst. Ob es sich um einen Jungen oder ein M\u00e4dchen handelte, konnte die Polizei zun\u00e4chst nicht sagen. Rettungskr\u00e4fte waren im Einsatz. Wie eine dpa-Reporterin berichtete, lag ein kaputtes Fahrrad auf der Stra\u00dfe.  <\/p>\n<p>            &#13;<br \/>\n              <img decoding=\"async\"   src=\"https:\/\/www.europesays.com\/de\/wp-content\/uploads\/2026\/08\/Die-Polizei-ermittelt-noch-zum-Unfallhergang-1379232.jpg\" title=\"Kind (11) in Bremen von Auto erfasst \u2013 schwer verletzt \" alt=\"Die Polizei ermittelt noch zum Unfallhergang.\" class=\"img-responsive\"\/>&#13;<br \/>\n              &#13;<\/p>\n<p>Die Polizei ermittelt noch zum Unfallhergang. &#13;<br \/>\n\t\t\t\t\t\t\t\tFoto: Sina Schuldt\/dpa<\/p>\n<p>&#13;<br \/>\n              &#13;<\/p>\n<p>Der Unfall ereignete sich gegen 15.35 Uhr an der Konsul-Smidt-Stra\u00dfe. Der genaue Unfallhergang war am Abend noch unklar. <\/p>\n<p>  &#13;<\/p>\n<p>          &#13;<br \/>\n            <a href=\"https:\/\/www.tageblatt.de\/Nachrichten\/Toedlicher-Crash-mit-zwei-Toten-Acht-Jugendliche-im-Auto-764197.html\" rel=\"nofollow noopener\" target=\"_blank\">&#13;<br \/>\n              <img decoding=\"async\" class=\"img-responsive wcms-image-layout\"   src=\"https:\/\/www.europesays.com\/de\/wp-content\/uploads\/2026\/08\/Das-Auto-stiess-gegen-den-Anhaenger-der-dann-auf-den-1378884m.jpg\" loading=\"lazy\" title=\"T\u00f6dliches Drama um 14- und 15-J\u00e4hrige \u2013 Acht Jugendliche im Auto\" alt=\"Das Auto stie\u00df gegen den Anh\u00e4nger, der dann auf den Lastwagen aufgeschoben wurde.\" style=\"object-position:50.02442598925256334% 50.043440486533448563%;\"\/>&#13;<br \/>\n            <\/a>&#13;<\/p>\n<p>    &#13;<\/p>\n<p>  &#13;<\/p>\n<p>          &#13;<br \/>\n            <a href=\"https:\/\/www.tageblatt.de\/Lokales\/Schwerer-B73-Unfall-56-Jaehrige-in-Lebensgefahr-Kind-2-schwer-verletzt-764047.html\" rel=\"nofollow noopener\" target=\"_blank\">&#13;<br \/>\n              <img decoding=\"async\" class=\"img-responsive wcms-image-layout\"   src=\"https:\/\/www.europesays.com\/de\/wp-content\/uploads\/2026\/08\/Ein-Rettungshubschrauber-brachte-die-lebensbedrohlich-1378502m.jpg\" loading=\"lazy\" title=\"Schwerer B73-Unfall: 56-J\u00e4hrige in Lebensgefahr, Kind (2) schwer verletzt\" alt=\"Ein Rettungshubschrauber brachte die lebensbedrohlich verletzte Frau in ein Krankenhaus. (Symbolbild)\"\/>&#13;<br \/>\n            <\/a>&#13;<\/p>\n<p>    &#13;<\/p>\n<p> Lastwagen f\u00e4hrt auf A1-Stauende auf  <\/p>\n<p>Ein Lastwagen ist auf der Autobahn 1 bei Stuhr im Landkreis Diepholz auf ein Stauende aufgefahren und hat einen schweren Unfall verursacht. Die Autobahn ist in Richtung Osnabr\u00fcck zwischen den Anschlussstellen Bremen-Brinkum und Dreieck Stuhr voll gesperrt, wie die Polizei mitteilte. Bei dem Unfall wurde ein Lkw-Fahrer schwer verletzt, er kam mit einem Rettungswagen ins Krankenhaus. Ein weiterer Fahrer erlitt leichte Verletzungen und wurde vor Ort behandelt. <\/p>\n<p>Ein Lkw-Anh\u00e4nger liegt quer \u00fcber alle Fahrbahnen, die Ladung \u2013 etliche Kartons \u2013 verteilen sich auf der Autobahn. Auch die Zufahrt von der A28 auf die A1 ist laut Polizei gesperrt. Der Verkehr staut sich auf beiden Autobahnen. Da zun\u00e4chst die Ladung geborgen und der Lastwagen aufgerichtet werden muss, wird die Vollsperrung noch l\u00e4nger andauern, wie die Polizei weiter mitteilte.  <\/p>\n<p>Mehrere Autofahrer von Laserpointer geblendet  <\/p>\n<p>Mehrere Autofahrer sind im Landkreis Emsland von Laserpointern geblendet worden. Verletzt wurde bei den Attacken in Werlte laut Polizei niemand. Im Verdacht stehen bislang unbekannte Jugendliche. <\/p>\n<p>Am Sonntag sollen die Unbekannten zwei und am Mittwoch einen Autofahrer in einem Kreisverkehr im Zentrum der Stadt geblendet haben. Zu Unf\u00e4llen kam es demnach nicht, allerdings fuhr ein 31-J\u00e4hriger durch die gezielte Blendung mit seinem Auto leicht gegen einen Bordstein.  <\/p>\n<p>Die Verursacher sollen sich laut Polizei an einer Bushaltestelle aufgehalten haben. Die Polizei ermittelt wegen gef\u00e4hrlichen Eingriffs in den Stra\u00dfenverkehr und sucht nun Zeugen.  <\/p>\n<p><img decoding=\"async\"   src=\"https:\/\/www.europesays.com\/de\/wp-content\/uploads\/2026\/08\/Nach-einem-Auffahrunfall-am-Stauende-auf-der-A1-bei-Stuhr-1379253.jpg\" title=\"Kind (11) in Bremen von Auto erfasst \u2013 schwer verletzt \" alt=\"Nach einem Auffahrunfall am Stauende auf der A1 bei Stuhr liegt ein Lkw-Anh\u00e4nger quer \u00fcber alle Fahrsteifen, die Autobahn ist in Richtung Osnabr\u00fcck voll gesperrt.\" class=\"img-responsive\"\/><\/p>\n<p>Nach einem Auffahrunfall am Stauende auf der A1 bei Stuhr liegt ein Lkw-Anh\u00e4nger quer \u00fcber alle Fahrsteifen, die Autobahn ist in Richtung Osnabr\u00fcck voll gesperrt. &#13;<br \/>\n\t\t\t\t\t\t\t\tFoto: Kai Moorschlatt\/dpa<\/p>\n","protected":false},"excerpt":{"rendered":"&#13; Bremen. Bei einem Unfall in Bremen ist ein Kind schwer verletzt worden. Nach ersten Erkenntnissen der Polizei&hellip;\n","protected":false},"author":2,"featured_media":1249544,"comment_status":"","ping_status":"","sticky":false,"template":"","format":"standard","meta":{"footnotes":"","_share_on_mastodon":"0"},"categories":[1824],"tags":[1950,2420,3364,29,184314,1234,30,15617,601],"class_list":["post-1249543","post","type-post","status-publish","format-standard","has-post-thumbnail","category-bremen","tag-blaulicht","tag-bremen","tag-de","tag-deutschland","tag-erzhlmirneues_tb","tag-fahrrad","tag-germany","tag-unflle","tag-verkehr"],"share_on_mastodon":{"url":"https:\/\/pubeurope.com\/@de\/117129008299176295","error":""},"_links":{"self":[{"href":"https:\/\/www.europesays.com\/de\/wp-json\/wp\/v2\/posts\/1249543","targetHints":{"allow":["GET"]}}],"collection":[{"href":"https:\/\/www.europesays.com\/de\/wp-json\/wp\/v2\/posts"}],"about":[{"href":"https:\/\/www.europesays.com\/de\/wp-json\/wp\/v2\/types\/post"}],"author":[{"embeddable":true,"href":"https:\/\/www.europesays.com\/de\/wp-json\/wp\/v2\/users\/2"}],"replies":[{"embeddable":true,"href":"https:\/\/www.europesays.com\/de\/wp-json\/wp\/v2\/comments?post=1249543"}],"version-history":[{"count":0,"href":"https:\/\/www.europesays.com\/de\/wp-json\/wp\/v2\/posts\/1249543\/revisions"}],"wp:featuredmedia":[{"embeddable":true,"href":"https:\/\/www.europesays.com\/de\/wp-json\/wp\/v2\/media\/1249544"}],"wp:attachment":[{"href":"https:\/\/www.europesays.com\/de\/wp-json\/wp\/v2\/media?parent=1249543"}],"wp:term":[{"taxonomy":"category","embeddable":true,"href":"https:\/\/www.europesays.com\/de\/wp-json\/wp\/v2\/categories?post=1249543"},{"taxonomy":"post_tag","embeddable":true,"href":"https:\/\/www.europesays.com\/de\/wp-json\/wp\/v2\/tags?post=1249543"}],"curies":[{"name":"wp","href":"https:\/\/api.w.org\/{rel}","templated":true}]}}