{"id":1249679,"date":"2026-08-20T18:47:30","date_gmt":"2026-08-20T18:47:30","guid":{"rendered":"https:\/\/www.europesays.com\/de\/1249679\/"},"modified":"2026-08-20T18:47:30","modified_gmt":"2026-08-20T18:47:30","slug":"br24-sport-zoma-verbleib-in-nuernberg-chatzialexiou-zuversichtlich","status":"publish","type":"post","link":"https:\/\/www.europesays.com\/de\/1249679\/","title":{"rendered":"BR24 Sport: Zoma-Verbleib in N\u00fcrnberg? Chatzialexiou &#8222;zuversichtlich&#8220;"},"content":{"rendered":"<p>            <img loading=\"lazy\" decoding=\"async\" class=\"ts-image\" src=\"https:\/\/www.europesays.com\/de\/wp-content\/uploads\/2026\/08\/br-der-shootingstar-des-1-fc-nuernberg-mohamed-ali-zoma-100.jpg\" alt=\"Der Shootingstar des 1. FC N\u00fcrnberg: Mohamed Ali Zoma\" title=\"Der Shootingstar des 1. FC N\u00fcrnberg: Mohamed Ali Zoma | picture-alliance \/ dpa\"\/><\/p>\n<p class=\"metatextline\">Stand: 20.08.2026 \u2022 20:02 Uhr<\/p>\n<p class=\"article-head__shorttext\">\n        <strong>Mohamed Ali Zoma ist die hei\u00dfeste Aktie des 1. FC N\u00fcrnberg auf dem Transfermarkt. Sportvorstand Joti Chatzialexiou spricht im BR24Sport-Interview \u00fcber die Chancen f\u00fcr einen Verbleibs des Toptalents und \u00fcber ein m\u00f6gliches Preisschild.<\/strong>\n    <\/p>\n<p class=\"textabsatz m-ten m-offset-one l-eight l-offset-two columns twelve\">Auch wenn Mohamed Ali Zoma im Frankenderby am Wochenende eher unauff\u00e4llig agierte, bleibt das Interesse an seiner Person nach wie vor gro\u00df. Der pfeilschnelle Italiener hat in der vergangenen Saison 14 Tore erzielt. Auch in der neuen Spielzeit hat er sich mit seinem Hattrick gegen Dynamo Dresden zum Saisonstart ins Rampenlicht gespielt. Im BR24Sport-Interview spricht Sportvorstand Joti Chatzialexiou \u00fcber seine hei\u00dfeste Aktie auf dem Transfermarkt und die Chancen auf einen Verbleib Zomas beim 1. FC N\u00fcrnberg.<\/p>\n<p>    Chatzialexiou \u00fcber Zoma-Transfer: &#8222;Wollen Momo nicht abgeben&#8220;<\/p>\n<p class=\"textabsatz m-ten m-offset-one l-eight l-offset-two columns twelve\">Am 1. September schlie\u00dft das Transferfenster in Deutschland. Bis dahin m\u00fcssen die Fans des 1. FC N\u00fcrnberg zittern, doch Sportvorstand Chatzialexiou gibt sich in der Personalie Zoma &#8222;zuversichtlich, weil es im Moment keine konkreten Themen gibt, mit denen ich mich besch\u00e4ftigen muss&#8220;. Das t\u00e4te er erst, &#8222;wenn eine sehr, sehr hohe Summe f\u00fcr den 1. FC N\u00fcrnberg zum Tragen kommt. Das ist im Moment nicht der Fall&#8220;, so der Sportvorstand, der erg\u00e4nzt: &#8222;Das ist auch gut so, weil wir Momo nicht abgeben wollen.&#8220;<\/p>\n<p>    Chatzialexiou best\u00e4tigt 20-Millionen-Preisschild f\u00fcr Zoma: &#8222;Mindestens&#8220;<\/p>\n<p class=\"textabsatz m-ten m-offset-one l-eight l-offset-two columns twelve\">Der Aufsichtsratsvorsitzende Peter Meier hatte j\u00fcngst in einem Interview der &#8222;N\u00fcrnberger Nachrichten&#8220; ein <a href=\"https:\/\/www.br.de\/nachrichten\/sport\/fussball-2-bundesliga-mohamed-ali-zoma-verzueckt-1-fc-nuernberg-millionenschweres-preisschild,VRoClBB\" title=\"Preisschild von 20 Millionen Euro\" class=\"textlink--extern\" target=\"_blank\" rel=\"noopener nofollow\">Preisschild von 20 Millionen Euro<\/a> verh\u00e4ngt. Sportvorstand Joti Chatzialexiou best\u00e4tigt diese Summe im Gespr\u00e4ch mit BR24Sport und geht sogar noch dar\u00fcber hinaus: &#8222;Ich posaune meistens keine Summen raus, aber in dem Fall kann ich sagen, dass das eine Summe ist, die ich mir vorstelle.&#8220; Er glaube, &#8222;dass Momo mindestens diesen Betrag verdient. Mindestens.&#8220;<\/p>\n<p class=\"textabsatz m-ten m-offset-one l-eight l-offset-two columns twelve\">Sollte dann ein Verein diese Summe bieten, &#8222;dann m\u00fcssen wir uns unterhalten, weil am Ende sind wir der 1. FC N\u00fcrnberg und ein Ausbildungsverein und bei uns ist keiner unverk\u00e4uflich&#8220;, wei\u00df aber auch der Sportvorstand.<\/p>\n<p>    Zoma forciert keinen Transfer: &#8222;Ist gerne hier&#8220;<\/p>\n<p class=\"textabsatz m-ten m-offset-one l-eight l-offset-two columns twelve\">F\u00fcr einen Verbleib Zomas beim Club spricht aber nicht nur sein hohes Preisschild. &#8222;Ich glaube, der Momo sieht selber, dass er gut aufgehoben ist, dass er hier einfach auch einen hohen Stellenwert hat innerhalb des Vereins, auch in der Region und bei den Fans&#8220;, sagt Chatzialexiou und erg\u00e4nzt: &#8222;Hier ist er nicht nur eine Nummer wie vielleicht in einem anderen Verein.&#8220;<\/p>\n<p class=\"textabsatz m-ten m-offset-one l-eight l-offset-two columns twelve\">N\u00fcrnbergs Sturmjuwel selbst scheint seine Zukunft auch in N\u00fcrnberg zu sehen, l\u00e4sst Chatzialexiou durchblicken. &#8222;Nat\u00fcrlich w\u00e4re es so, wenn jetzt Liverpool anklopft, dass der Spieler dann vielleicht auch andere Gef\u00fchle \u00e4u\u00dfert. Aber das ist derzeit nicht so.&#8220; Vielmehr beweise der 22-J\u00e4hrige &#8222;im Training, in der Kabine und auch in den Spielen, dass er auch gerne hier ist und dass er einfach seine Leistung abruft&#8220;.<\/p>\n<p>    Zomas enges Verh\u00e4ltnis zu Trainer Klose und ein Kumpel als Neuzugang<\/p>\n<p class=\"textabsatz m-ten m-offset-one l-eight l-offset-two columns twelve\">Dazu tr\u00e4gt auch Trainer Miroslav Klose bei, zu dem Zoma ein enges Verh\u00e4ltnis pflegt. Klose spricht aus seiner Zeit bei Lazio Rom wie sein Sch\u00fctzling Italienisch. &#8222;Dadurch nimmt der Momo auch sehr, sehr viele Themen durch Miro mit und entwickelt sich auch weiter&#8220;, glaubt der Sportvorstand. Ein weiterer Bleibefaktor k\u00f6nnte die Verpflichtung von Andrea Ceresoli werden. Der Neuzugang und Zoma kennen sich seit der gemeinsamen Zeit in der Jugend und sind gute Freunde.<\/p>\n<p class=\"textabsatz m-ten m-offset-one l-eight l-offset-two columns twelve\">Ein Fakt, der den Verantwortlichen zun\u00e4chst nicht klar war und den Chatzialexiou als &#8222;sch\u00f6nen Zufall&#8220; beschreibt. &#8222;Nat\u00fcrlich verstehen die sich sehr, sehr gut in der Kabine, weil sie \u00fcber die Jahre eine sehr, sehr enge Bindung bis heute haben.&#8220;<\/p>\n<p class=\"textabsatz m-ten m-offset-one l-eight l-offset-two columns twelve\">So spricht derzeit einiges f\u00fcr einen Verbleib Mohamed Ali Zomas beim 1. FC N\u00fcrnberg. Doch echte Klarheit herrscht wohl erst nach dem 1. September.<\/p>\n<p class=\"textabsatz m-ten m-offset-one l-eight l-offset-two columns twelve\">Quelle: BR24Sport 20.08.2026 &#8211; 17:36 Uhr<\/p>\n<p>                                        <a class=\"backlink__link\" href=\"https:\/\/www.br.de\/nachrichten\/sport\/zoma-verbleib-beim-1-fc-nuernberg-fcn-sportboss-chatzialexiou-zuversichtlich,VSq4wWo\" rel=\"nofollow noopener\" target=\"_blank\"><\/p>\n<p>                                                <img decoding=\"async\" src=\"https:\/\/images.sportschau.de\/image\/05fe9eb0-903d-4c3a-83ba-894c6893cc80\/AAABlap_YQI\/AAABnR8VW9w\/original\/lra-br-logo-100.svg\" alt=\"Bayerischer Rundfunk\"\/><\/p>\n<p>                                        <\/a><\/p>\n","protected":false},"excerpt":{"rendered":"Stand: 20.08.2026 \u2022 20:02 Uhr Mohamed Ali Zoma ist die hei\u00dfeste Aktie des 1. FC N\u00fcrnberg auf dem&hellip;\n","protected":false},"author":2,"featured_media":1249680,"comment_status":"","ping_status":"","sticky":false,"template":"","format":"standard","meta":{"footnotes":"","_share_on_mastodon":"0"},"categories":[1837],"tags":[783,772,3204,3364,29,30,12477,3783],"class_list":["post-1249679","post","type-post","status-publish","format-standard","has-post-thumbnail","category-nuernberg","tag-1-fc-nuernberg","tag-bayern","tag-br","tag-de","tag-deutschland","tag-germany","tag-joti-chatzialexiou","tag-nuernberg"],"share_on_mastodon":{"url":"https:\/\/pubeurope.com\/@de\/117129333202142509","error":""},"_links":{"self":[{"href":"https:\/\/www.europesays.com\/de\/wp-json\/wp\/v2\/posts\/1249679","targetHints":{"allow":["GET"]}}],"collection":[{"href":"https:\/\/www.europesays.com\/de\/wp-json\/wp\/v2\/posts"}],"about":[{"href":"https:\/\/www.europesays.com\/de\/wp-json\/wp\/v2\/types\/post"}],"author":[{"embeddable":true,"href":"https:\/\/www.europesays.com\/de\/wp-json\/wp\/v2\/users\/2"}],"replies":[{"embeddable":true,"href":"https:\/\/www.europesays.com\/de\/wp-json\/wp\/v2\/comments?post=1249679"}],"version-history":[{"count":0,"href":"https:\/\/www.europesays.com\/de\/wp-json\/wp\/v2\/posts\/1249679\/revisions"}],"wp:featuredmedia":[{"embeddable":true,"href":"https:\/\/www.europesays.com\/de\/wp-json\/wp\/v2\/media\/1249680"}],"wp:attachment":[{"href":"https:\/\/www.europesays.com\/de\/wp-json\/wp\/v2\/media?parent=1249679"}],"wp:term":[{"taxonomy":"category","embeddable":true,"href":"https:\/\/www.europesays.com\/de\/wp-json\/wp\/v2\/categories?post=1249679"},{"taxonomy":"post_tag","embeddable":true,"href":"https:\/\/www.europesays.com\/de\/wp-json\/wp\/v2\/tags?post=1249679"}],"curies":[{"name":"wp","href":"https:\/\/api.w.org\/{rel}","templated":true}]}}