{"id":1249764,"date":"2026-08-20T19:46:59","date_gmt":"2026-08-20T19:46:59","guid":{"rendered":"https:\/\/www.europesays.com\/de\/1249764\/"},"modified":"2026-08-20T19:46:59","modified_gmt":"2026-08-20T19:46:59","slug":"wunschaufstellungen-zu-tsv-1860-muenchen-3","status":"publish","type":"post","link":"https:\/\/www.europesays.com\/de\/1249764\/","title":{"rendered":"Wunschaufstellungen zu TSV 1860 M\u00fcnchen"},"content":{"rendered":"<p>W\u00e4hrend die L\u00f6wen zuletzt meist als Favorit in die Partie ging, sind sie diesmal klarer Au\u00dfenseiter. Ob Alper Kayabunar daraus taktische und\/oder personelle Konsequenzen zieht? Wie sehen die Wunschaufstellungen der Redaktion f\u00fcr das Pokalspiel des TSV 1860 M\u00fcnchen gegen Zweitligist Holstein Kiel aus?<\/p>\n<p><strong>Wunschaufstellungen zu TSV 1860 \u2013 Holstein Kiel<\/strong><br \/>\nLeon Kleemann<\/p>\n<p>W\u00e4hrend Vitus Eicher in der Liga das Tor h\u00fctet, darf Paul Bachmann im Pokal gegen die St\u00f6rche in den Kasten. Ansonsten hofft der sechzger.de Redakteur auf die Genesung von Felix Weber, der in die Startelf zur\u00fcckkehrt.<\/p>\n<p><img fetchpriority=\"high\" decoding=\"async\" class=\"aligncenter wp-image-153455\" src=\"data:image\/svg+xml,%3Csvg%20xmlns=\" http:=\"\" alt=\"\" width=\"500\" height=\"395\" data-lazy- data-lazy- data-lazy-src=\"https:\/\/www.europesays.com\/de\/wp-content\/uploads\/2026\/08\/leon-kleemann-1860-kiel-aufstellung-300x237.jpg\"\/><\/p>\n<p>Stefan Kranzberg<\/p>\n<p>Noch etwas konservativer gestaltet Stefan seine Aufstellung. Bei ihm steht Routinier Vitus Eicher zwischen den Pfosten und soll die Norddeutschen wie einst in der Relegation zur Verzweiflung bringen. Auch bei Stefan startet Tunay Deniz im defensiven Mittelfeld neben Dennis Dressel.<\/p>\n<p><img loading=\"lazy\" decoding=\"async\" class=\"aligncenter wp-image-153458\" src=\"data:image\/svg+xml,%3Csvg%20xmlns=\" http:=\"\" alt=\"\" width=\"500\" height=\"394\" data-lazy- data-lazy- data-lazy-src=\"https:\/\/www.europesays.com\/de\/wp-content\/uploads\/2026\/08\/stefan-kranzberg-1860-kiel-aufstellung-300x236.jpg\"\/><\/p>\n<p>Max Brunner<\/p>\n<p>Offensiv bleibt bei Max alles beim Alten, im Defensivbereich ergeben sich jedoch gravierende \u00c4nderungen. Dennis Dressel r\u00fcckt zur\u00fcck in die Abwehrkette neben Lasse Fa\u00dfmann, im defensiven Mittelfeld startet stattdessen Raphael Wach neben Tunay Deniz. Zudem soll Mark Gevorgyan die rechte Abwehrseite dichtmachen.<\/p>\n<p><img loading=\"lazy\" decoding=\"async\" class=\"aligncenter wp-image-153456\" src=\"data:image\/svg+xml,%3Csvg%20xmlns=\" http:=\"\" alt=\"\" width=\"500\" height=\"395\" data-lazy- data-lazy- data-lazy-src=\"https:\/\/www.europesays.com\/de\/wp-content\/uploads\/2026\/08\/max-brunner-1860-kiel-aufstellung-300x237.jpg\"\/><\/p>\n<p>Thomas Spiesl<\/p>\n<p>Auch Thomas sieht Dennis Dressel als Weber-Ersatz in der Abwehrkette, w\u00e4hrend Loris Husic den vakanten Platz im defensiven Mittelfeld ausf\u00fcllt. F\u00fcr zwei Routiniers bleibt indes nur ein Bankplatz: Vitus Eicher und Florian Niederlechner werden von Paul Bachmann und Arian Ortivero Calderon verdr\u00e4ngt.<\/p>\n<p><img loading=\"lazy\" decoding=\"async\" class=\"aligncenter wp-image-153459\" src=\"data:image\/svg+xml,%3Csvg%20xmlns=\" http:=\"\" alt=\"\" width=\"500\" height=\"396\" data-lazy- data-lazy- data-lazy-src=\"https:\/\/www.europesays.com\/de\/wp-content\/uploads\/2026\/08\/thomas-spiesl-1860-kiel-aufstellung-300x238.jpg\"\/><\/p>\n<p>Peter Gratz<\/p>\n<p>Mit einigen \u00dcberraschungen kann auch Peters Wunschelf aufwarten: Auf links soll Moritz Seiffert verteidigen, Lance Fiedler r\u00fcckt stattdessen auf die rechte Abwehrseite und verdr\u00e4ngt Julian Bell. Im defensiven Mittelfeld startet Raphael Wach neben Dennis Dressel, w\u00e4hrend Loris Husic den 10er gibt. Michael Eberwein startet statt Florian Niederlechner im Sturmzentrum und soll u.a. von Cristian Leone gef\u00fcttert werden, der auf dem rechten Fl\u00fcgel beginnen darf.<\/p>\n<p><img loading=\"lazy\" decoding=\"async\" class=\"aligncenter wp-image-153457\" src=\"data:image\/svg+xml,%3Csvg%20xmlns=\" http:=\"\" alt=\"\" width=\"500\" height=\"395\" data-lazy- data-lazy- data-lazy-src=\"https:\/\/www.europesays.com\/de\/wp-content\/uploads\/2026\/08\/peter-gratz-1860-kiel-aufstellung-300x237.jpg\"\/><\/p>\n<p><strong>Deine Meinung ist gefragt!<\/strong><\/p>\n<p>Welche der aufgef\u00fchrten Aufstellungen kommt deiner Wunschelf am n\u00e4chsten? Oder hast du ganz andere Ideen? Wir sind gespannt auf deinen Vorschlag!<\/p>\n<p>Grafiken:\u00a0<a href=\"https:\/\/www.meineaufstellung.de\/\" target=\"_blank\" rel=\"noopener nofollow\">meineaufstellung.de<\/a><br \/>Titelbild:\u00a0<a href=\"https:\/\/www.societas.club\/\" target=\"_blank\" rel=\"noopener nofollow\">Societas<\/a><\/p>\n<p>&#13;<br \/>\n                    0&#13;<br \/>\n                    0&#13;<br \/>\n                    votes<\/p>\n<p>Artikelbewertung<\/p>\n<p>            <img loading=\"lazy\" decoding=\"async\" data-no-lazy=\"1\" class=\"no-lazy-load pxe-vgw-pixel\" src=\"https:\/\/www.europesays.com\/de\/wp-content\/uploads\/2026\/08\/123bab7b5d2441aaafd7439725cefe5f.gif\" alt=\"\" style=\"display:none\" width=\"1\" height=\"1\"\/>    <\/p>\n","protected":false},"excerpt":{"rendered":"W\u00e4hrend die L\u00f6wen zuletzt meist als Favorit in die Partie ging, sind sie diesmal klarer Au\u00dfenseiter. Ob Alper&hellip;\n","protected":false},"author":2,"featured_media":1249765,"comment_status":"","ping_status":"","sticky":false,"template":"","format":"standard","meta":{"footnotes":"","_share_on_mastodon":"0"},"categories":[1852],"tags":[23228,3364,29,548,663,3934,30,13,4949,14,15,12,1971,32850],"class_list":["post-1249764","post","type-post","status-publish","format-standard","has-post-thumbnail","category-kiel","tag-23228","tag-de","tag-deutschland","tag-eu","tag-europa","tag-europe","tag-germany","tag-headlines","tag-kiel","tag-nachrichten","tag-news","tag-schlagzeilen","tag-schleswig-holstein","tag-wunschaufstellungen"],"share_on_mastodon":{"url":"https:\/\/pubeurope.com\/@de\/117129568048606191","error":""},"_links":{"self":[{"href":"https:\/\/www.europesays.com\/de\/wp-json\/wp\/v2\/posts\/1249764","targetHints":{"allow":["GET"]}}],"collection":[{"href":"https:\/\/www.europesays.com\/de\/wp-json\/wp\/v2\/posts"}],"about":[{"href":"https:\/\/www.europesays.com\/de\/wp-json\/wp\/v2\/types\/post"}],"author":[{"embeddable":true,"href":"https:\/\/www.europesays.com\/de\/wp-json\/wp\/v2\/users\/2"}],"replies":[{"embeddable":true,"href":"https:\/\/www.europesays.com\/de\/wp-json\/wp\/v2\/comments?post=1249764"}],"version-history":[{"count":0,"href":"https:\/\/www.europesays.com\/de\/wp-json\/wp\/v2\/posts\/1249764\/revisions"}],"wp:featuredmedia":[{"embeddable":true,"href":"https:\/\/www.europesays.com\/de\/wp-json\/wp\/v2\/media\/1249765"}],"wp:attachment":[{"href":"https:\/\/www.europesays.com\/de\/wp-json\/wp\/v2\/media?parent=1249764"}],"wp:term":[{"taxonomy":"category","embeddable":true,"href":"https:\/\/www.europesays.com\/de\/wp-json\/wp\/v2\/categories?post=1249764"},{"taxonomy":"post_tag","embeddable":true,"href":"https:\/\/www.europesays.com\/de\/wp-json\/wp\/v2\/tags?post=1249764"}],"curies":[{"name":"wp","href":"https:\/\/api.w.org\/{rel}","templated":true}]}}