{"id":1249791,"date":"2026-08-20T20:01:24","date_gmt":"2026-08-20T20:01:24","guid":{"rendered":"https:\/\/www.europesays.com\/de\/1249791\/"},"modified":"2026-08-20T20:01:24","modified_gmt":"2026-08-20T20:01:24","slug":"woche-der-klimaanpassung-2026-wuppertal-institut-fuer-klima-umwelt-energie","status":"publish","type":"post","link":"https:\/\/www.europesays.com\/de\/1249791\/","title":{"rendered":"Woche der Klimaanpassung 2026 &#8211; Wuppertal Institut f\u00fcr Klima, Umwelt, Energie"},"content":{"rendered":"<p>Wie lassen sich Quartiere klimaresilienter gestalten und wie k\u00f6nnen gr\u00fcne Stadtr\u00e4ume und nachhaltige Mobilit\u00e4t dazu beitragen? Im Rahmen der Woche der Klimaanpassung 2026 zeigen Akteur*innen in Wuppertal, wie Verkehrsmittel die Stadt Wuppertal bewegen und wie Klimaanpassung sie lebenswerter macht.<\/p>\n<p>Zum f\u00fcnften Jubil\u00e4um verbindet sich die Woche der Klimaanpassung in Wuppertal mit der Europ\u00e4ischen Mobilit\u00e4tswoche. Unter dem Motto #GemeinsamF\u00fcrKlimaanpassung stehen vom 14. bis 22. September verschiedene Veranstaltungen auf dem Programm. Auch das Wuppertal Institut beteiligt sich zusammen mit dem Mobilen \u00d6lberg, dem Pina-Bausch-Zentrum &#8222;under construction&#8220;, der Stadt Wuppertal sowie weiteren Partner*innen mit Angeboten rund um Klimafolgenanpassung und nachhaltige Mobilit\u00e4t.<\/p>\n<p><strong>SpielZIMMER: &#8222;Mehr Platz f\u00fcr gutes Klima&#8220; \u2013 Stra\u00dfenfest in Wuppertal<\/strong><\/p>\n<p>Am 20. September wird die Zimmerstra\u00dfe auf dem Wuppertaler \u00d6lberg zum Aktionsraum f\u00fcr Klimaanpassung und nachhaltige Mobilit\u00e4t umgestaltet. Von 11 bis 17 Uhr stehen dabei folgende Fragen im Mittelpunkt: Wie sieht die Mobilit\u00e4t der Zukunft aus? Was bedeutet das f\u00fcr die Menschen und Stra\u00dfen im Quartier? Und wie k\u00f6nnen wir Wuppertal resilient gegen Hitzewellen und Starkregen aufstellen?\u00a0<\/p>\n<p>B\u00e4ume sowie weitere teilweise installierte Gr\u00fcnelemente veranschaulichen, welchen Beitrag Stadtgr\u00fcn f\u00fcr Aufenthaltsqualit\u00e4t und Klima leisten kann. Der Elberfelder Bezirksb\u00fcrgermeister Soufian Goudi und Thomas Weyland vom Verein Unternehmer*innen f\u00fcr die Nordstadt werden die neue Fahrradgarage in der Zimmerstra\u00dfe feierlich er\u00f6ffnen. An verschiedenen St\u00e4nden zu den Themen nachhaltige Mobilit\u00e4t und Klimaanpassung locken Mitmachangebote f\u00fcr Klein und Gro\u00df. Das SpielZIMMER-Stra\u00dfenfest wird von der Initiative Mobiler \u00d6lberg gemeinsam mit der Stadt Wuppertal veranstaltet.<\/p>\n<p>Highlights des Stra\u00dfenfests:<\/p>\n<ul>\n<li data-list-item-id=\"e45aecb040e3278f39104a67acc18aae6\">Spiel und Spa\u00df mit dem Klima-Bingo der Stadt Wuppertal zu Themen wie Hitze, k\u00fchle Orte und Mobilit\u00e4t<\/li>\n<li data-list-item-id=\"e8861c2cd45e72fe9f8db853a42eee1d9\">Angebote und Informationen zum Thema Klimafolgenanpassung und nachhaltige Mobilit\u00e4t des Wuppertal Instituts<\/li>\n<li data-list-item-id=\"ec17410ca30c29e45a1a0bf2461ee4740\">Was bedeutet &#8222;Wilderness&#8220;? Informationen und Tanzperformance &#8222;Vintage Dance&#8220; von Annika Kompart in Kooperation mit dem Pina-Bausch-Zentrum &#8222;under construction&#8220;<\/li>\n<li data-list-item-id=\"e1f37d166600b67164006db3f740a48b2\">Verbraucherzentrale Wuppertal: Leitungswasser (Quiz)<\/li>\n<\/ul>\n<p>Die Woche der Klimaanpassung wird vom Zentrum KlimaAnpassung durchgef\u00fchrt und ist eine Initiative des Bundesministeriums f\u00fcr Umwelt, Klimaschutz, Naturschutz und nukleare Sicherheit (BMUKN).<\/p>\n","protected":false},"excerpt":{"rendered":"Wie lassen sich Quartiere klimaresilienter gestalten und wie k\u00f6nnen gr\u00fcne Stadtr\u00e4ume und nachhaltige Mobilit\u00e4t dazu beitragen? Im Rahmen&hellip;\n","protected":false},"author":2,"featured_media":329526,"comment_status":"","ping_status":"","sticky":false,"template":"","format":"standard","meta":{"footnotes":"","_share_on_mastodon":"0"},"categories":[1840],"tags":[3364,29,1149,4781,19165,30,1563,19164,4507,1209,19166,19162,19160,19163,19161,383,601,4418,19159],"class_list":["post-1249791","post","type-post","status-publish","format-standard","has-post-thumbnail","category-wuppertal","tag-de","tag-deutschland","tag-energie","tag-energieeffizienz","tag-ernst-ulrich-von-weizsaecker","tag-germany","tag-klima","tag-manfred-fischedick","tag-nachhaltigkeit","tag-nordrhein-westfalen","tag-peter-hennicke","tag-ressourceneffizienz","tag-stoffstroeme","tag-sustainability","tag-transition-forschung","tag-umwelt","tag-verkehr","tag-wuppertal","tag-wuppertal-institut"],"share_on_mastodon":{"url":"","error":""},"_links":{"self":[{"href":"https:\/\/www.europesays.com\/de\/wp-json\/wp\/v2\/posts\/1249791","targetHints":{"allow":["GET"]}}],"collection":[{"href":"https:\/\/www.europesays.com\/de\/wp-json\/wp\/v2\/posts"}],"about":[{"href":"https:\/\/www.europesays.com\/de\/wp-json\/wp\/v2\/types\/post"}],"author":[{"embeddable":true,"href":"https:\/\/www.europesays.com\/de\/wp-json\/wp\/v2\/users\/2"}],"replies":[{"embeddable":true,"href":"https:\/\/www.europesays.com\/de\/wp-json\/wp\/v2\/comments?post=1249791"}],"version-history":[{"count":0,"href":"https:\/\/www.europesays.com\/de\/wp-json\/wp\/v2\/posts\/1249791\/revisions"}],"wp:featuredmedia":[{"embeddable":true,"href":"https:\/\/www.europesays.com\/de\/wp-json\/wp\/v2\/media\/329526"}],"wp:attachment":[{"href":"https:\/\/www.europesays.com\/de\/wp-json\/wp\/v2\/media?parent=1249791"}],"wp:term":[{"taxonomy":"category","embeddable":true,"href":"https:\/\/www.europesays.com\/de\/wp-json\/wp\/v2\/categories?post=1249791"},{"taxonomy":"post_tag","embeddable":true,"href":"https:\/\/www.europesays.com\/de\/wp-json\/wp\/v2\/tags?post=1249791"}],"curies":[{"name":"wp","href":"https:\/\/api.w.org\/{rel}","templated":true}]}}