{"id":1249800,"date":"2026-08-20T20:07:16","date_gmt":"2026-08-20T20:07:16","guid":{"rendered":"https:\/\/www.europesays.com\/de\/1249800\/"},"modified":"2026-08-20T20:07:16","modified_gmt":"2026-08-20T20:07:16","slug":"geldwaesche-verdacht-auch-korruption-gefaehrdet-die-ukraine","status":"publish","type":"post","link":"https:\/\/www.europesays.com\/de\/1249800\/","title":{"rendered":"Geldw\u00e4sche-Verdacht: Auch Korruption gef\u00e4hrdet die Ukraine"},"content":{"rendered":"<p class=\"text_ohne_einzug richtext text-em-55 !leading-serif mx-6 desktop:mx-0\">Es ist nicht das erste Mal, dass die politische F\u00fchrung des Landes ins Visier der ukrainischen Antikorruptionsbeh\u00f6rden ger\u00e4t. Das l\u00e4sst sich zun\u00e4chst auch positiv deuten: Es zeigt, dass die landeseigenen Strukturen zur Korruptionsbek\u00e4mpfung funktionieren. Gleichzeitig besch\u00e4digen neue Vorw\u00fcrfe aber das Vertrauen in die Institutionen eines Landes, das sich seit mehr als vier Jahren gegen massive Angriffe aus Russland verteidigt.<\/p>\n<p>Selenskyj Vorgehen gegen Korruption reicht nicht aus      <\/p>\n<p class=\"text_ohne_einzug richtext text-em-55 !leading-serif mx-6 desktop:mx-0\">Im aktuellen Fall geht es um Vorw\u00fcrfe der Geldw\u00e4sche in Millionenh\u00f6he. Auch die inzwischen entlassene Vizechefin des Pr\u00e4sidialamtes geriet dabei in den Fokus der Ermittler. Es ist richtig, dass die Regierung in <a href=\"https:\/\/rp-online.de\/thema\/kiew\/\" rel=\"nofollow noopener\" target=\"_blank\">Kiew<\/a> auch zwei mutma\u00dflich beteiligte, hochrangige Vertreter einer staatlichen Bank von ihren Aufgaben entbinden will. Die Vorw\u00fcrfe m\u00fcssen nun aufgekl\u00e4rt werden.<\/p>\n<p class=\"text_ohne_einzug richtext text-em-55 !leading-serif mx-6 desktop:mx-0\">Selenskyj selbst wird nicht beschuldigt. Doch sein Vorgehen gegen die Korruption in seinem Umfeld reicht offensichtlich nicht aus. Das hat auch Folgen f\u00fcr die Zukunft des Landes. Denn die Korruption geh\u00f6rt zu den gr\u00f6\u00dften Hindernissen auf dem Weg der Ukraine in die Europ\u00e4ische Union.<\/p>\n<p>Seit 2022 sind Wahlen in der Ukraine ausgesetzt      <\/p>\n<p class=\"text_ohne_einzug richtext text-em-55 !leading-serif mx-6 desktop:mx-0\">Wenn der im Juli von Selenskyj zum R\u00fccktritt gedr\u00e4ngte, beliebte Verteidigungsminister Mychajlo Fedorow nun einen legalen Weg zu Neuwahlen fordert, ist das einerseits ein Zeichen f\u00fcr gelebte Demokratie \u2013 trotz des Krieges. Andererseits zeigt es, wie gro\u00df die Unzufriedenheit mit der Regierung inzwischen ist. Wahlen sind wegen des geltenden Kriegsrechts seit 2022 ausgesetzt. Das ist nachvollziehbar. Doch je l\u00e4nger sie ausbleiben, desto gr\u00f6\u00dfer k\u00f6nnte der Druck auf den Pr\u00e4sidenten werden.<\/p>\n<p class=\"text_ohne_einzug richtext text-em-55 !leading-serif mx-6 desktop:mx-0\">Nicht zu vergessen: Kriege werden nicht nur an der Front entschieden, sondern auch in den K\u00f6pfen. Das zeigte sich im Februar 2022, als unter anderem Deutschland nach der russischen Invasion die notwendige Entschlossenheit bei der Unterst\u00fctzung der Ukraine vermissen lie\u00df \u2013 Stichwort: 5000 Helme. Dank des mutigen Widerstands der Ukrainer gelang es Selenskyj damals, mit F\u00fchrungskraft, Charisma und t\u00e4glichen Videobotschaften, eine beeindruckende Gegenwehr aufzubauen. Es w\u00e4re verheerend, wenn korrupte Personen in seinem Umfeld das bisher Erreichte aufs Spiel setzen w\u00fcrden.<\/p>\n","protected":false},"excerpt":{"rendered":"Es ist nicht das erste Mal, dass die politische F\u00fchrung des Landes ins Visier der ukrainischen Antikorruptionsbeh\u00f6rden ger\u00e4t.&hellip;\n","protected":false},"author":2,"featured_media":1249801,"comment_status":"","ping_status":"","sticky":false,"template":"","format":"standard","meta":{"footnotes":"","_share_on_mastodon":"0"},"categories":[4012],"tags":[331,332,112455,19685,13,258743,324,14,15,12,317],"class_list":["post-1249800","post","type-post","status-publish","format-standard","has-post-thumbnail","category-ukraine","tag-aktuelle-nachrichten","tag-aktuelle-news","tag-feinde","tag-gefaehrdet","tag-headlines","tag-inneren","tag-korruption","tag-nachrichten","tag-news","tag-schlagzeilen","tag-ukraine"],"share_on_mastodon":{"url":"https:\/\/pubeurope.com\/@de\/117129644935421186","error":""},"_links":{"self":[{"href":"https:\/\/www.europesays.com\/de\/wp-json\/wp\/v2\/posts\/1249800","targetHints":{"allow":["GET"]}}],"collection":[{"href":"https:\/\/www.europesays.com\/de\/wp-json\/wp\/v2\/posts"}],"about":[{"href":"https:\/\/www.europesays.com\/de\/wp-json\/wp\/v2\/types\/post"}],"author":[{"embeddable":true,"href":"https:\/\/www.europesays.com\/de\/wp-json\/wp\/v2\/users\/2"}],"replies":[{"embeddable":true,"href":"https:\/\/www.europesays.com\/de\/wp-json\/wp\/v2\/comments?post=1249800"}],"version-history":[{"count":0,"href":"https:\/\/www.europesays.com\/de\/wp-json\/wp\/v2\/posts\/1249800\/revisions"}],"wp:featuredmedia":[{"embeddable":true,"href":"https:\/\/www.europesays.com\/de\/wp-json\/wp\/v2\/media\/1249801"}],"wp:attachment":[{"href":"https:\/\/www.europesays.com\/de\/wp-json\/wp\/v2\/media?parent=1249800"}],"wp:term":[{"taxonomy":"category","embeddable":true,"href":"https:\/\/www.europesays.com\/de\/wp-json\/wp\/v2\/categories?post=1249800"},{"taxonomy":"post_tag","embeddable":true,"href":"https:\/\/www.europesays.com\/de\/wp-json\/wp\/v2\/tags?post=1249800"}],"curies":[{"name":"wp","href":"https:\/\/api.w.org\/{rel}","templated":true}]}}