{"id":1249864,"date":"2026-08-20T20:51:21","date_gmt":"2026-08-20T20:51:21","guid":{"rendered":"https:\/\/www.europesays.com\/de\/1249864\/"},"modified":"2026-08-20T20:51:21","modified_gmt":"2026-08-20T20:51:21","slug":"fahrgeschaefte-wiesnhit-und-mehr-das-ist-2026-neu-auf-der-wiesn-11","status":"publish","type":"post","link":"https:\/\/www.europesays.com\/de\/1249864\/","title":{"rendered":"Fahrgesch\u00e4fte, Wiesnhit und mehr: Das ist 2026 neu auf der Wiesn"},"content":{"rendered":"<p class=\"mb-6 text-xs-varying md:text-m lg:text-l font-serif group-[.font-sans]:font-sans \">\n    M\u00fcnchnerinnen und M\u00fcnchner und G\u00e4ste aus aller Welt begehen heuer das 191. <a href=\"https:\/\/www.augsburger-allgemeine.de\/veranstaltungen\/aa-oktoberfest\" target=\"_self\" class=\"underline \" rel=\"nofollow noopener\">Oktoberfest<\/a>. Die letzte Wiesn war turbulent: <a href=\"https:\/\/www.augsburger-allgemeine.de\/bayern\/oktoberfest-mit-verbessertem-sicherheitskonzept-massnahmen-gegen-panik-111862724\" target=\"_self\" class=\"underline \" rel=\"nofollow noopener\">Wegen \u00dcberf\u00fcllung war das Wiesn-Gel\u00e4nde mehrfach gesperrt. Das l\u00f6ste eine Sicherheitsdebatte aus<\/a>. Zudem \u00fcberschattete eine <a href=\"https:\/\/www.augsburger-allgemeine.de\/bayern\/grosseinsatz-muenchen-was-wir-wissen-und-was-nicht-tatverdaechtiger-bombendrohung-motiv-111931421\" target=\"_self\" class=\"underline \" rel=\"nofollow noopener\">Bombendrohung<\/a> die Feierlichkeiten. Dennoch fiel die <a href=\"https:\/\/www.augsburger-allgemeine.de\/bayern\/oktoberfest-wiesn-bilanz-2025-trotz-mehrfacher-sperrungen-positiv-111772591\" target=\"_self\" class=\"underline \" rel=\"nofollow noopener\">Wiesn-Bilanz 2025 insgesamt<\/a> positiv aus.\n  <\/p>\n<p class=\"mb-6 text-xs-varying md:text-m lg:text-l font-serif group-[.font-sans]:font-sans \">\n    Nach dieser \u201eAchterbahn-Wiesn\u201c ist klar, dass sich einiges \u00e4ndern soll. Ende Juli hat die Stadt die \u00c4nderungen bekannt gegeben, die sich unter anderem auf das Sicherheitskonzept, aber auch auf Fahrgesch\u00e4fte und Co. beziehen. Das sind die wichtigsten Neuerungen f\u00fcr die Wiesn vom 19. September bis zum 4. Oktober im \u00dcberblick:\n  <\/p>\n<p>            Sicherheit und Barrierefreiheit: Das sind die Konzepte<\/p>\n<p class=\"mb-6 text-xs-varying md:text-m lg:text-l font-serif group-[.font-sans]:font-sans \">\n    Nach der \u00dcberf\u00fcllung im letzten Jahr hat heuer eine \u201everbesserte Besucherlenkung\u201c Priorit\u00e4t. Daf\u00fcr wird eine Koordinierungsstelle eingerichtet, die unter anderem die Kommunikation zwischen Sicherheitsbeh\u00f6rden und Stadt verbessern soll. Daf\u00fcr macht das Fundb\u00fcro Platz und zieht ins Deutsche Museum Verkehrszentrum. Zudem soll durch \u201emodernes Beobachtungsmanagement\u201c sichergestellt werden, dass \u00dcberf\u00fcllungssituationen \u201erechtzeitig erkannt und aufgel\u00f6st\u201c werden. Auch Blasmusik soll f\u00fcr Sicherheit sorgen: Musik in den Zelten soll unter der Woche eine Stunde fr\u00fcher gespielt werden d\u00fcrfen (ab 11 Uhr). Am Wochenende darf Musik bereits ab 10 Uhr gespielt werden. Bis 12 Uhr ist jedoch nur traditionelle Blasmusik erlaubt. Durch die Ma\u00dfnahme soll die Wiesn zu diesen Zeiten attraktiver werden und verhindern, dass vor allem an Wochenenden gro\u00dfer Besucherandrang herrscht.\n  <\/p>\n<p>    <img decoding=\"async\" src=\"https:\/\/images.mgpd.de\/img\/114204412\/crop\/c16_9-w100\/1782488526\/706938205\/muenchner-oktoberfest.jpg\" alt=\"2025 musste das Wiesn-Gel\u00e4nde zeitweise wegen \u00dcberf\u00fcllung geschlossen werden.\" title=\"2025 musste das Wiesn-Gel\u00e4nde zeitweise wegen \u00dcberf\u00fcllung geschlossen werden.\" loading=\"lazy\" class=\"h-full w-full object-cover\"\/><\/p>\n<p>      Icon vergr\u00f6\u00dfern<\/p>\n<p>    2025 musste das Wiesn-Gel\u00e4nde zeitweise wegen \u00dcberf\u00fcllung geschlossen werden.<br \/>\n    Foto: Felix H\u00f6rhager, dpa (Archivbild)<\/p>\n<p>        Schlie\u00dfen <\/p>\n<p>      Icon Schlie\u00dfen<\/p>\n<p>        Icon vergr\u00f6\u00dfern<\/p>\n<p>        Icon verkleinern<\/p>\n<p>      Icon Pfeil bewegen<\/p>\n<p>    2025 musste das Wiesn-Gel\u00e4nde zeitweise wegen \u00dcberf\u00fcllung geschlossen werden.<br \/>\n    Foto: Felix H\u00f6rhager, dpa (Archivbild)<\/p>\n<p class=\"mb-6 text-xs-varying md:text-m lg:text-l font-serif group-[.font-sans]:font-sans \">\n    Auch die Barrierefreiheit soll heuer gro\u00dfgeschrieben werden: Sogenannte \u201eHidden Disabilities Sunflower\u201c sind Schl\u00fcsselb\u00e4nder mit Sonnenblumen-Muster. Sie weisen auf Menschen mit nicht sichtbaren Einschr\u00e4nkungen hin und sollen signalisieren, dass jemand gegebenenfalls zus\u00e4tzliche Hilfe oder auch mehr Zeit braucht. Die Schl\u00fcsselb\u00e4nder k\u00f6nnen sich Betroffenen der Tourist Information am Marienplatz, an offiziellen Infost\u00e4nden auf dem Gel\u00e4nde der Wiesn und im Museumszelt auf der Oidn Wiesn abholen.\n  <\/p>\n<p class=\"mb-6 text-xs-varying md:text-m lg:text-l font-serif group-[.font-sans]:font-sans \">\n    Rollst\u00fchle kann man online reservieren: Mobilit\u00e4tseingeschr\u00e4nkte Personen finden je zwei Rollst\u00fchle an den Gep\u00e4ckaufbewahrungen beim Eingang Hans-Fischer-Stra\u00dfe im S\u00fcden der Theresienwiese in der N\u00e4he des Haupteingangs. Gegen einen Lichtbildausweis erhalten sie kostenfrei einen Rollstuhl. Au\u00dferdem wird heuer die Stra\u00dfe 4 barrierefrei.\n  <\/p>\n<p>            Das sind die neuen Fahrgesch\u00e4fte<\/p>\n<p class=\"mb-6 text-xs-varying md:text-m lg:text-l font-serif group-[.font-sans]:font-sans \">\n    Auch bei den Fahrgesch\u00e4ften gibt es in diesem Jahr eine Erweiterung um drei Attraktionen. \u201eShake &amp; Roll\u201c von Else Sch\u00e4fer ist eine Weiterentwicklung des bekannten \u201eBreak Dance\u201c. Anders als beim Vorg\u00e4nger sind die Gondeln nicht starr montiert, sondern k\u00f6nnen sich frei \u00fcberschlagen. Die Loopings entstehen allein durch die Bewegung und die Fliehkr\u00e4fte \u2013 wie viele \u00dcberschl\u00e4ge es gibt, h\u00e4ngt unter anderem vom Gewicht der Fahrg\u00e4ste und der Fahrweise des Rekommandeurs ab.\n  <\/p>\n<p>    <img decoding=\"async\" src=\"https:\/\/images.mgpd.de\/img\/114586559\/crop\/c16_9-w100\/1136803503\/698307507\/aufbaubeginn-zum-190-oktoberfest.jpg\" alt=\"Wiesn-Baustelle: Festzelte, Buden und Fahrgesch\u00e4fte werden hier nach und nach aufgebaut.\" title=\"Wiesn-Baustelle: Festzelte, Buden und Fahrgesch\u00e4fte werden hier nach und nach aufgebaut.\" loading=\"lazy\" class=\"h-full w-full object-cover\"\/><\/p>\n<p>      Icon vergr\u00f6\u00dfern<\/p>\n<p>    Wiesn-Baustelle: Festzelte, Buden und Fahrgesch\u00e4fte werden hier nach und nach aufgebaut.<br \/>\n    Foto: Peter Kneffel, dpa (Archivbild)<\/p>\n<p>        Schlie\u00dfen <\/p>\n<p>      Icon Schlie\u00dfen<\/p>\n<p>        Icon vergr\u00f6\u00dfern<\/p>\n<p>        Icon verkleinern<\/p>\n<p>      Icon Pfeil bewegen<\/p>\n<p>    Wiesn-Baustelle: Festzelte, Buden und Fahrgesch\u00e4fte werden hier nach und nach aufgebaut.<br \/>\n    Foto: Peter Kneffel, dpa (Archivbild)<\/p>\n<p class=\"mb-6 text-xs-varying md:text-m lg:text-l font-serif group-[.font-sans]:font-sans \">\n    Ebenfalls erstmals dabei ist \u201eFisherman\u2019s\u201c von Franz Xaver Kollmann. Das 2026 fertiggestellte Gesch\u00e4ft erstreckt sich \u00fcber drei Etagen und f\u00fchrt die Besucher durch ein Fischerdorf. Dazu kommen Wassereffekte und ein 15 Meter langer Laufparcours vor dem eigentlichen Gesch\u00e4ft.\n  <\/p>\n<p class=\"mb-6 text-xs-varying md:text-m lg:text-l font-serif group-[.font-sans]:font-sans \">\n    F\u00fcr Adrenalin d\u00fcrfte auch das \u201eChaos Pendel\u201c sorgen. Das Fahrgesch\u00e4ft von Willi Ottens junior bringt seine Fahrg\u00e4ste bis zu 42 Meter hoch und mit bis zu 80 Kilometern pro Stunde durch die Luft. Zwei Gondeln drehen sich dabei um die eigene Achse, w\u00e4hrend ein rotierender Arm an einem schwenkbaren Propeller h\u00e4ngt.\n  <\/p>\n<p>      <a href=\"https:\/\/www.augsburger-allgemeine.de\/bayern\/kommentar-koelsch-auf-dem-oktoberfest-wiesn-platzhirsche-sollten-sich-wettbewerb-stellen-115029011\" class=\"hidden  &#010;                md:block md:mr-5 md:min-w-[140px]  aspect-photo md:aspect-tv lg:aspect-tv w-fullXXX relative self-start inline overflow-hidden\" rel=\"nofollow noopener\" target=\"_blank\"><\/p>\n<p>    <img decoding=\"async\" src=\"\" alt=\"Ein heimeliges Volksfest ist die Wiesn schon lange nicht mehr, jedes Jahr dr\u00e4ngen Millionen Besucherinnen und Besucher aus Deutschland und der ganzen Welt.\" title=\"Ein heimeliges Volksfest ist die Wiesn schon lange nicht mehr, jedes Jahr dr\u00e4ngen Millionen Besucherinnen und Besucher aus Deutschland und der ganzen Welt.\" loading=\"lazy\" class=\"h-full w-full object-cover\"\/><br \/>\n   <\/a><\/p>\n<p>            Gastronomie auf der Wiesn: Das m\u00fcssen Besucher wissen<\/p>\n<p class=\"mb-6 text-xs-varying md:text-m lg:text-l font-serif group-[.font-sans]:font-sans \">\n    954 Betriebe haben sich nach Angaben der dritten M\u00fcnchner B\u00fcrgermeisterin Verena Dietl (SPD) f\u00fcr die Wiesn 2026 beworben, 478 wurden zugelassen. Darunter 36 gastronomische Betriebe und 41 Schaustellerbetriebe.\n  <\/p>\n<p class=\"mb-6 text-xs-varying md:text-m lg:text-l font-serif group-[.font-sans]:font-sans \">\n    Den urspr\u00fcnglichen Platz der M\u00fcnchner Stuben \u00fcbernimmt heuer Bartls Fl\u00f6\u00dferstadl. Der Stand von Klaus Bartl thematisiert die Fl\u00f6\u00dferei in M\u00fcnchen und Region. Die 398 G\u00e4ste, die im Zelt Platz finden, k\u00f6nnen dort regionale Produkte sowie Bio- und Fairtrade-Zutaten kosten.\n  <\/p>\n<p class=\"mb-6 text-xs-varying md:text-m lg:text-l font-serif group-[.font-sans]:font-sans \">\n    Auch bei Bodos Caf\u00e9zelt hat sich einiges getan: Das bisherige Aluminiumzelt wird durch einen neuen Bau in nachhaltiger Holzbauweise mit Galerie ersetzt. Die Bar zieht auf die Galerie, au\u00dferdem gibt es einen \u00fcberdachten Stra\u00dfenverkauf. Die Zahl der Pl\u00e4tze bleibt mit 587 unver\u00e4ndert.\n  <\/p>\n<p>            Das ist der offzielle Wiesnhit<\/p>\n<p class=\"mb-6 text-xs-varying md:text-m lg:text-l font-serif group-[.font-sans]:font-sans \">\n    Wieder wurde per Abstimmung der diesj\u00e4hrige Wiesnhit gek\u00fcrt. Dieser ist, wie nun bekannt, einer f\u00fcnfk\u00f6pfigen Band aus der Oberpfalz zu verdanken. 122 Lieder wurden f\u00fcr den offiziellen Musikwettbewerb \u201eA Liad f\u00fcr d\u2018 Wiesn\u201c insgesamt eingereicht. <a href=\"https:\/\/www.augsburger-allgemeine.de\/bayern\/oktoberfest-abstimmung-das-ist-der-offizielle-wiesnhit-2026-bierzelt-legende-10-08-114961237\" target=\"_self\" class=\"underline \" rel=\"nofollow noopener\">Gewonnen hat das Lied \u201eBierzelt Legende\u201c der Band Troglauer<\/a>.\n  <\/p>\n<p class=\"mb-6 text-xs-varying md:text-m lg:text-l font-serif group-[.font-sans]:font-sans \">\n    Das sind l\u00e4ngst nicht alle Neuerungen, die heuer anstehen. Online finden Interessierte auf der <a href=\"https:\/\/www.oktoberfest.de\/magazin\/oktoberfest-news\/auf-gehts-zur-wiesn-2026-alle-neuerungen-im-ueberblick\" rel=\"nofollow noopener\" target=\"_blank\" class=\"underline \">Internetseite des Oktoberfests<\/a> alle weiteren Infos (mit dpa).\n  <\/p>\n","protected":false},"excerpt":{"rendered":"M\u00fcnchnerinnen und M\u00fcnchner und G\u00e4ste aus aller Welt begehen heuer das 191. Oktoberfest. Die letzte Wiesn war turbulent:&hellip;\n","protected":false},"author":2,"featured_media":1226779,"comment_status":"","ping_status":"","sticky":false,"template":"","format":"standard","meta":{"footnotes":"","_share_on_mastodon":"0"},"categories":[1827],"tags":[772,29,7824,254748,6763,30,254747,5257,1268,6927,27091,2959,51354,254749],"class_list":["post-1249864","post","type-post","status-publish","format-standard","has-post-thumbnail","category-muenchen","tag-bayern","tag-deutschland","tag-fahrgeschaeft","tag-franz-xaver-kollmann","tag-gastronomie","tag-germany","tag-hans-fischer-strasse","tag-marienplatz","tag-muenchen","tag-oktoberfest","tag-sicherheitskonzept","tag-theresienwiese","tag-verena-dietl","tag-willi-ottens"],"share_on_mastodon":{"url":"https:\/\/pubeurope.com\/@de\/117129820539495854","error":""},"_links":{"self":[{"href":"https:\/\/www.europesays.com\/de\/wp-json\/wp\/v2\/posts\/1249864","targetHints":{"allow":["GET"]}}],"collection":[{"href":"https:\/\/www.europesays.com\/de\/wp-json\/wp\/v2\/posts"}],"about":[{"href":"https:\/\/www.europesays.com\/de\/wp-json\/wp\/v2\/types\/post"}],"author":[{"embeddable":true,"href":"https:\/\/www.europesays.com\/de\/wp-json\/wp\/v2\/users\/2"}],"replies":[{"embeddable":true,"href":"https:\/\/www.europesays.com\/de\/wp-json\/wp\/v2\/comments?post=1249864"}],"version-history":[{"count":0,"href":"https:\/\/www.europesays.com\/de\/wp-json\/wp\/v2\/posts\/1249864\/revisions"}],"wp:featuredmedia":[{"embeddable":true,"href":"https:\/\/www.europesays.com\/de\/wp-json\/wp\/v2\/media\/1226779"}],"wp:attachment":[{"href":"https:\/\/www.europesays.com\/de\/wp-json\/wp\/v2\/media?parent=1249864"}],"wp:term":[{"taxonomy":"category","embeddable":true,"href":"https:\/\/www.europesays.com\/de\/wp-json\/wp\/v2\/categories?post=1249864"},{"taxonomy":"post_tag","embeddable":true,"href":"https:\/\/www.europesays.com\/de\/wp-json\/wp\/v2\/tags?post=1249864"}],"curies":[{"name":"wp","href":"https:\/\/api.w.org\/{rel}","templated":true}]}}