{"id":1249904,"date":"2026-08-20T21:15:21","date_gmt":"2026-08-20T21:15:21","guid":{"rendered":"https:\/\/www.europesays.com\/de\/1249904\/"},"modified":"2026-08-20T21:15:21","modified_gmt":"2026-08-20T21:15:21","slug":"lkw-unfall-am-stauende-a1-bei-stuhr-gesperrt","status":"publish","type":"post","link":"https:\/\/www.europesays.com\/de\/1249904\/","title":{"rendered":"Lkw-Unfall am Stauende: A1 bei Stuhr gesperrt"},"content":{"rendered":"<p>\n                Stand: 20.08.2026 21:50 Uhr<\/p>\n<p class=\"preface\">Ein schwerer Unfall auf der A1 nahe des Dreiecks Stuhr (Landkreis Diepholz) am Donnerstagmittag sorgt auch noch am Abend f\u00fcr eine Vollsperrung der Autobahn Richtung S\u00fcden.<\/p>\n<p class=\"\">Gegen kurz vor 13 Uhr sei der Polizei gemeldet worden, dass ein Sattelzug auf ein Stauende aufgefahren sei, so eine Polizeisprecherin. Es gibt demnach einen schwer verletzten Lkw-Fahrer, der mit einem Rettungswagen in ein Krankenhaus gebrachte wurde. Ein weiterer Fahrer wurde leicht verletzt vor Ort behandelt.<\/p>\n<p>    Kartons verteilten sich auf Autobahn<\/p>\n<p class=\"\">Ein Lkw-Anh\u00e4nger lag quer auf allen Fahrbahnen. Die Ladung des Fahrzeugs, etliche Kartons, verteilten sich zudem auf der Autobahn. Die Ladung muss zun\u00e4chst geborgen und der Lastwagen aufgerichtet werden. Zudem m\u00fcsse die Fahrbahn gereinigt, hie\u00df es von der Polizei. Deshalb sei die Autobahn Richtung S\u00fcden auch am sp\u00e4ten Abend weiter voll gesperrt. Die Sperrung werde wahrscheinlich im Laufe der Nacht aufgehoben, sagte ein Sprecher dem NDR Niedersachsen am Abend.<\/p>\n<p>        <img decoding=\"async\" src=\"https:\/\/www.europesays.com\/de\/wp-content\/uploads\/2026\/03\/asieben-stau-100.webp.webp\" alt=\"Ein Stau auf einer Autobahn.\" title=\"Ein Stau auf einer Autobahn. | picture alliance \/ Robert Schlesinger | Robert Schlesinger\" class=\"responsive\" loading=\"lazy\"\/><\/p>\n<p>Staus, Baustellen und Gefahren: Meldungen zum Verkehr f\u00fcr Hamburg, Niedersachsen, Schleswig-Holstein und Mecklenburg-Vorpommern.<\/p>\n<p>Dieses Thema im Programm:<\/p>\n<p>                NDR 1 Niedersachsen | Regional Oldenburg | 20.08.2026 | 15:00 Uhr<\/p>\n<p>        Schlagw\u00f6rter zu diesem Artikel<\/p>\n<p>            <a href=\"https:\/\/www.ndr.de\/nachrichten\/schleswig-holstein\/A1-News-zu-Unfaellen-Sperrungen-und-Baustellen-auf-der-Autobahn,thema170.html\" rel=\"nofollow noopener\" target=\"_blank\">A1<\/a><\/p>\n","protected":false},"excerpt":{"rendered":"Stand: 20.08.2026 21:50 Uhr Ein schwerer Unfall auf der A1 nahe des Dreiecks Stuhr (Landkreis Diepholz) am Donnerstagmittag&hellip;\n","protected":false},"author":2,"featured_media":1249905,"comment_status":"","ping_status":"","sticky":false,"template":"","format":"standard","meta":{"footnotes":"","_share_on_mastodon":"0"},"categories":[2],"tags":[7032,590,29,30,13,14,15,1411,12,2224,5716,7834,10,8,9,11,1284],"class_list":["post-1249904","post","type-post","status-publish","format-standard","has-post-thumbnail","category-deutschland","tag-a1","tag-aktuell","tag-deutschland","tag-germany","tag-headlines","tag-nachrichten","tag-news","tag-niedersachsen","tag-schlagzeilen","tag-sperrung","tag-stau","tag-stuhr","tag-top-news","tag-top-meldungen","tag-topmeldungen","tag-topnews","tag-unfall"],"share_on_mastodon":{"url":"https:\/\/pubeurope.com\/@de\/117129912496274997","error":""},"_links":{"self":[{"href":"https:\/\/www.europesays.com\/de\/wp-json\/wp\/v2\/posts\/1249904","targetHints":{"allow":["GET"]}}],"collection":[{"href":"https:\/\/www.europesays.com\/de\/wp-json\/wp\/v2\/posts"}],"about":[{"href":"https:\/\/www.europesays.com\/de\/wp-json\/wp\/v2\/types\/post"}],"author":[{"embeddable":true,"href":"https:\/\/www.europesays.com\/de\/wp-json\/wp\/v2\/users\/2"}],"replies":[{"embeddable":true,"href":"https:\/\/www.europesays.com\/de\/wp-json\/wp\/v2\/comments?post=1249904"}],"version-history":[{"count":0,"href":"https:\/\/www.europesays.com\/de\/wp-json\/wp\/v2\/posts\/1249904\/revisions"}],"wp:featuredmedia":[{"embeddable":true,"href":"https:\/\/www.europesays.com\/de\/wp-json\/wp\/v2\/media\/1249905"}],"wp:attachment":[{"href":"https:\/\/www.europesays.com\/de\/wp-json\/wp\/v2\/media?parent=1249904"}],"wp:term":[{"taxonomy":"category","embeddable":true,"href":"https:\/\/www.europesays.com\/de\/wp-json\/wp\/v2\/categories?post=1249904"},{"taxonomy":"post_tag","embeddable":true,"href":"https:\/\/www.europesays.com\/de\/wp-json\/wp\/v2\/tags?post=1249904"}],"curies":[{"name":"wp","href":"https:\/\/api.w.org\/{rel}","templated":true}]}}