{"id":1249918,"date":"2026-08-20T21:25:23","date_gmt":"2026-08-20T21:25:23","guid":{"rendered":"https:\/\/www.europesays.com\/de\/1249918\/"},"modified":"2026-08-20T21:25:23","modified_gmt":"2026-08-20T21:25:23","slug":"parken-hertener-hoefe-kosten-und-bezahlmoeglichkeiten","status":"publish","type":"post","link":"https:\/\/www.europesays.com\/de\/1249918\/","title":{"rendered":"Parken Hertener H\u00f6fe: Kosten und Bezahlm\u00f6glichkeiten"},"content":{"rendered":"<p>\tParken Hertener H\u00f6fe: Kosten und Bezahlm\u00f6glichkeiten<\/p>\n<p>    <a class=\"skip-link screen-reader-text\" href=\"#content\">Zum Inhalt springen<\/a><br \/>\n    <a class=\"skip-link screen-reader-text\" href=\"#site-navigation\">Zur Navigation springen<\/a><\/p>\n<p>\t\tSo l\u00e4uft das Parken in den Hertener H\u00f6fen ab<br \/>\n\t\t\t\t\tKosten, Bezahlm\u00f6glichkeiten, Stolpersteine<\/p>\n<p>\t\t<img alt=\"\" src=\"https:\/\/www.europesays.com\/de\/wp-content\/uploads\/2025\/09\/630_0036_1215851_.jpg\"  class=\"avatar avatar-36 photo avatar-default\" height=\"36\" width=\"36\" loading=\"eager\" decoding=\"async\"\/>\t\t<a class=\"article-author__name\" href=\"https:\/\/www.hertener-allgemeine.de\/author\/andre-przybyl\/\" rel=\"author nofollow noopener\" target=\"_blank\">Andr\u00e9 Przybyl<\/a><br \/>\n\t\tRedakteur<\/p>\n<p>    <a href=\"https:\/\/www.hertener-allgemeine.de\/wp-content\/uploads\/2026\/08\/18\/15\/630_0900_6702287_-1648x824.jpg\" rel=\"nofollow noopener\" target=\"_blank\"><\/p>\n<p>            <img loading=\"lazy\" decoding=\"async\" src=\"https:\/\/www.europesays.com\/de\/wp-content\/uploads\/2026\/08\/630_0900_6702283_-640x428.jpg\" width=\"640\" height=\"428\"  alt=\"Zwei Autos am Parkhaus der Hertener H\u00f6fe in Herten.\"\/><\/p>\n<p>    <\/a><br \/>\n    Auf vier Ebenen verf\u00fcgt das Parkhaus der Hertener H\u00f6fe \u00fcber rund 400 Stellpl\u00e4tze. \u00a9 Andr\u00e9 Przybyl<\/p>\n<p class=\"article__teaser-text\">Wer die Hertener H\u00f6fe mit dem Auto ansteuert, kann im dazugeh\u00f6rigen Parkhaus parken. Wie teuer es ist und was es zu beachten gilt \u2013 ein \u00dcberblick.<\/p>\n<p>2 Min Lesezeit<\/p>\n<p>Bezahlen online oder vor Ort<\/p>\n<p>Wir haben festgestellt, dass Sie den Hohen Kontrast-Modus nutzen. Wir haben ihn darum auch auf unserer Seite f\u00fcr sie aktiviert:<\/p>\n<p>            Hoher Kontrast Modus\n        <\/p>\n<p>Sie k\u00f6nnen Ihn im <strong> Men\u00fc<\/strong> jederzeit ausschalten.<\/p>\n<p>    Alles klar<\/p>\n<p class=\"boxed centered\">\n\t\tSie sind bereits registriert?<br \/><a href=\"https:\/\/www.hertener-allgemeine.de\/login\/?redirect_to=https%3A%2F%2Fwww.hertener-allgemeine.de%2Fherten%2Fparken-hertener-hoefe-kosten-bezahlmoeglichkeiten-tipps-parkhaus-herten-w1235579-8001359992%2F\" rel=\"nofollow noopener\" target=\"_blank\">Hier einloggen<\/a>\n\t<\/p>\n","protected":false},"excerpt":{"rendered":"Parken Hertener H\u00f6fe: Kosten und Bezahlm\u00f6glichkeiten Zum Inhalt springen Zur Navigation springen So l\u00e4uft das Parken in den&hellip;\n","protected":false},"author":2,"featured_media":1249919,"comment_status":"","ping_status":"","sticky":false,"template":"","format":"standard","meta":{"footnotes":"","_share_on_mastodon":"0"},"categories":[1848],"tags":[3364,29,4289,548,663,3934,3658,30,13,28028,14,15,1209,12],"class_list":["post-1249918","post","type-post","status-publish","format-standard","has-post-thumbnail","category-gelsenkirchen","tag-de","tag-deutschland","tag-einkaufen","tag-eu","tag-europa","tag-europe","tag-gelsenkirchen","tag-germany","tag-headlines","tag-hertener-hoefe","tag-nachrichten","tag-news","tag-nordrhein-westfalen","tag-schlagzeilen"],"share_on_mastodon":{"url":"https:\/\/pubeurope.com\/@de\/117129954375255363","error":""},"_links":{"self":[{"href":"https:\/\/www.europesays.com\/de\/wp-json\/wp\/v2\/posts\/1249918","targetHints":{"allow":["GET"]}}],"collection":[{"href":"https:\/\/www.europesays.com\/de\/wp-json\/wp\/v2\/posts"}],"about":[{"href":"https:\/\/www.europesays.com\/de\/wp-json\/wp\/v2\/types\/post"}],"author":[{"embeddable":true,"href":"https:\/\/www.europesays.com\/de\/wp-json\/wp\/v2\/users\/2"}],"replies":[{"embeddable":true,"href":"https:\/\/www.europesays.com\/de\/wp-json\/wp\/v2\/comments?post=1249918"}],"version-history":[{"count":0,"href":"https:\/\/www.europesays.com\/de\/wp-json\/wp\/v2\/posts\/1249918\/revisions"}],"wp:featuredmedia":[{"embeddable":true,"href":"https:\/\/www.europesays.com\/de\/wp-json\/wp\/v2\/media\/1249919"}],"wp:attachment":[{"href":"https:\/\/www.europesays.com\/de\/wp-json\/wp\/v2\/media?parent=1249918"}],"wp:term":[{"taxonomy":"category","embeddable":true,"href":"https:\/\/www.europesays.com\/de\/wp-json\/wp\/v2\/categories?post=1249918"},{"taxonomy":"post_tag","embeddable":true,"href":"https:\/\/www.europesays.com\/de\/wp-json\/wp\/v2\/tags?post=1249918"}],"curies":[{"name":"wp","href":"https:\/\/api.w.org\/{rel}","templated":true}]}}