{"id":1249945,"date":"2026-08-20T21:42:22","date_gmt":"2026-08-20T21:42:22","guid":{"rendered":"https:\/\/www.europesays.com\/de\/1249945\/"},"modified":"2026-08-20T21:42:22","modified_gmt":"2026-08-20T21:42:22","slug":"moskau-setzt-angriffe-am-tag-fort-todesopfer-und-verletzte","status":"publish","type":"post","link":"https:\/\/www.europesays.com\/de\/1249945\/","title":{"rendered":"Moskau setzt Angriffe am Tag fort &#8211; Todesopfer und Verletzte"},"content":{"rendered":"<p>\nKrieg in der Ukraine\n<\/p>\n<p>Aktualisiert am 20.08.2026, 22:40 Uhr\n<\/p>\n<p><a href=\"https:\/\/i0.web.de\/image\/674\/42635674,pd=2\/ukraine-krieg-kiew.jpg\" data-brain-zone=\".42635648.content.lead.1\" data-component-path=\"content.lead.1\" data-component-name=\"article-image\" rel=\"nofollow noopener\" target=\"_blank\"> <\/p>\n<p><img loading=\"lazy\" decoding=\"async\" src=\"https:\/\/www.europesays.com\/de\/wp-content\/uploads\/2026\/08\/1787262140_417_ukraine-krieg-kiew.jpg\" alt=\"Ukraine-Krieg - Kiew\" width=\"950\" height=\"534\"\/><\/p>\n<p><\/a> <\/p>\n<p>\nDer Parkw\u00e4chter wurde w\u00e4hrend eines n\u00e4chtlichen russischen Raketen- und Drohnenangriffs in Kiew verletzt.<br \/>\n\u00a9\u00a0dpa \/ Francisco Seco\/AP\/dpa\n<\/p>\n<p class=\"content__description\" data-speakable=\"\"><strong>Erst in der Nacht \u00fcberzog <\/strong><strong>Russland<\/strong><strong> die ukrainische Hauptstadt mit massiven <\/strong><strong>Angriffen<\/strong><strong>. Mehr als ein Dutzend Menschen kamen ums Leben. Neue <\/strong><strong>Attacken<\/strong><strong> am Tag fordern mindestens ein weiteres Todesopfer.<\/strong><\/p>\n<p data-speakable=\"\">Nach massiven Angriffen Russlands auf die ukrainische Hauptstadt Kiew in der Nacht ist bei einer neuen Attacke am Tag mindestens ein weiterer Mensch get\u00f6tet worden.<\/p>\n<p data-speakable=\"\">Drohnentr\u00fcmmer seien auf ein Gesch\u00e4ftszentrum gest\u00fcrzt, schrieb B\u00fcrgermeister <a data-component-name=\"link.semantic\" data-brain-zone=\".42635648.content.textlink_1\" data-component-path=\"content.textlink_1\" href=\"https:\/\/web.de\/magazine\/politik\/thema\/vitali-klitschko\" rel=\"nofollow noopener\" target=\"_blank\">Vitali Klitschko<\/a> bei Telegram. Ein Toter und zwei Verletzte seien gefunden worden, Rettungskr\u00e4fte setzten die Suche in dem Geb\u00e4ude fort. Klitschko sprach von einem gezielten Angriff auf die kritische Infrastruktur. In zwei Stadtteilen k\u00f6nne es zu Unterbrechungen der Warmwasserversorgung kommen. <\/p>\n<p>Russische Angriffe gehen tags\u00fcber weiter<\/p>\n<p data-speakable=\"\">Auch Kramatorsk in der Ostukraine wurde nach Beh\u00f6rdenangaben tags\u00fcber angegriffen. Dabei seien elf Menschen verletzt worden, teilte der Milit\u00e4rverwalter des Gebietes Donezk, Wadym Filaschkin, bei Telegram mit.<\/p>\n<p>Empfohlenes Video<\/p>\n<p>Mehrere Tote bei russischem Raketenangriff auf Kiew<\/p>\n<p><img loading=\"lazy\" decoding=\"async\" src=\"https:\/\/www.europesays.com\/de\/wp-content\/uploads\/2026\/08\/tote-russischem-raketenangriff-kiew.jpg\" alt=\"Mehrere Tote bei russischem Raketenangriff auf Kiew\" width=\"950\" height=\"534\"\/><\/p>\n<p>\u00a9 Reuters<\/p>\n<p data-speakable=\"\">Erst in der vergangenen Nacht waren Klitschko zufolge allein in Kiew 15 Menschen durch massive russische Angriffe ums Leben gekommen.<\/p>\n<p data-speakable=\"\">Die Angriffe seien ein &#8222;weiteres tragisches Beispiel f\u00fcr die alarmierende Zunahme von Angriffen auf bewohnte Gebiete&#8220;, sagte der Sprecher von UN-Generalsekret\u00e4r Ant\u00f3nio Guterres in New York.<\/p>\n<p><strong>Empfehlungen der Redaktion<\/strong><\/p>\n<p data-speakable=\"\">Die Gewalt im russischen Angriffskrieg gegen die Ukraine eskalierte zuletzt deutlich mit einer steigenden Zahl ziviler Opfer auf beiden Seiten. Die Kriegsparteien setzen immer schnellere und schlagkr\u00e4ftigere, weitreichende Waffen ein. Die Ukraine verteidigt sich mit westlicher Hilfe seit knapp viereinhalb Jahren gegen den russischen Angriffskrieg. (dpa\/bearbeitet von cgo)<\/p>\n","protected":false},"excerpt":{"rendered":"Krieg in der Ukraine Aktualisiert am 20.08.2026, 22:40 Uhr Der Parkw\u00e4chter wurde w\u00e4hrend eines n\u00e4chtlichen russischen Raketen- und&hellip;\n","protected":false},"author":2,"featured_media":1249946,"comment_status":"","ping_status":"","sticky":false,"template":"","format":"standard","meta":{"footnotes":"","_share_on_mastodon":"0"},"categories":[4013],"tags":[331,332,2140,3110,13,5793,14,15,4043,4044,850,307,12,8329],"class_list":["post-1249945","post","type-post","status-publish","format-standard","has-post-thumbnail","category-russland","tag-aktuelle-nachrichten","tag-aktuelle-news","tag-angriff","tag-attacke","tag-headlines","tag-kiew","tag-nachrichten","tag-news","tag-russia","tag-russian-federation","tag-russische-foederation","tag-russland","tag-schlagzeilen","tag-vitali-klitschko"],"share_on_mastodon":{"url":"https:\/\/pubeurope.com\/@de\/117130021055227254","error":""},"_links":{"self":[{"href":"https:\/\/www.europesays.com\/de\/wp-json\/wp\/v2\/posts\/1249945","targetHints":{"allow":["GET"]}}],"collection":[{"href":"https:\/\/www.europesays.com\/de\/wp-json\/wp\/v2\/posts"}],"about":[{"href":"https:\/\/www.europesays.com\/de\/wp-json\/wp\/v2\/types\/post"}],"author":[{"embeddable":true,"href":"https:\/\/www.europesays.com\/de\/wp-json\/wp\/v2\/users\/2"}],"replies":[{"embeddable":true,"href":"https:\/\/www.europesays.com\/de\/wp-json\/wp\/v2\/comments?post=1249945"}],"version-history":[{"count":0,"href":"https:\/\/www.europesays.com\/de\/wp-json\/wp\/v2\/posts\/1249945\/revisions"}],"wp:featuredmedia":[{"embeddable":true,"href":"https:\/\/www.europesays.com\/de\/wp-json\/wp\/v2\/media\/1249946"}],"wp:attachment":[{"href":"https:\/\/www.europesays.com\/de\/wp-json\/wp\/v2\/media?parent=1249945"}],"wp:term":[{"taxonomy":"category","embeddable":true,"href":"https:\/\/www.europesays.com\/de\/wp-json\/wp\/v2\/categories?post=1249945"},{"taxonomy":"post_tag","embeddable":true,"href":"https:\/\/www.europesays.com\/de\/wp-json\/wp\/v2\/tags?post=1249945"}],"curies":[{"name":"wp","href":"https:\/\/api.w.org\/{rel}","templated":true}]}}