{"id":1249991,"date":"2026-08-20T22:14:23","date_gmt":"2026-08-20T22:14:23","guid":{"rendered":"https:\/\/www.europesays.com\/de\/1249991\/"},"modified":"2026-08-20T22:14:23","modified_gmt":"2026-08-20T22:14:23","slug":"alexandra-popp-ex-dfb-kapitaenin-glaenzt-bei-debuet-fuer-borussia-dortmund","status":"publish","type":"post","link":"https:\/\/www.europesays.com\/de\/1249991\/","title":{"rendered":"Alexandra Popp: Ex-DFB-Kapit\u00e4nin gl\u00e4nzt bei Deb\u00fct f\u00fcr Borussia Dortmund"},"content":{"rendered":"<p>Doppelpack zum Start <\/p>\n<p>Ex-DFB-Kapit\u00e4nin gl\u00e4nzt bei Deb\u00fct f\u00fcr Herzensverein<\/p>\n<p>20.08.2026 &#8211; 22:54 UhrLesedauer: 1 Min.<\/p>\n<p><a href=\"#focus-0\" class=\"transition-colors block text-current relative\" data-sctrack=\"FocusGalleryImage.Reference\"><img fetchpriority=\"high\" data-testid=\"Opener.Image\"   loading=\"eager\" src=\"https:\/\/www.europesays.com\/de\/wp-content\/uploads\/2026\/08\/alexandra-popp-sie-verabschiedete-sich-nach-der-vergangenen-saison-aus-wolfsburg.jpg\" alt=\"Alexandra Popp: Sie verabschiedete sich nach der vergangenen Saison aus Wolfsburg.\" title=\"Alexandra Popp: Sie verabschiedete sich nach der vergangenen Saison aus Wolfsburg.\" width=\"2207\" height=\"1241\" class=\"bg-[url:var(--lqipURL)] bg-cover bg-center flex h-full w-full max-w-full\" style=\"--lqipURL:url('https:\/\/images.t-online.de\/2026\/08\/Yv-8cf8r1MG4\/356x0:2207x1241\/fit-in\/150x0\/filters:blur(25)\/alexandra-popp-sie-verabschiedete-sich-nach-der-vergangenen-saison-aus-wolfsburg.jpg')\" decoding=\"async\"\/><img loading=\"lazy\" src=\"https:\/\/www.t-online.de\/s\/paper\/_next\/static\/media\/zoom-in.f7dae02f.svg\" alt=\"Vergr\u00f6\u00dfern des Bildes\" title=\"Vergr\u00f6\u00dfern des Bildes\" class=\"block h-[calc(var(--height)_\/_16_*_1rem)] w-[calc(var(--width)_\/_16_*_1rem)] max-w-none absolute right-8 bottom-8 rounded-4 bg-snow p-8\" style=\"--width:32;--height:32\" decoding=\"async\"\/><\/a><\/p>\n<p>Alexandra Popp: Sie verabschiedete sich nach der vergangenen Saison aus Wolfsburg. (Quelle: Thorsten Tillmann\/imago-images-bilder)<\/p>\n<p class=\"font-bold text-18 leading-17 user-text-lg:text-22 user-text-xl:text-24\">Vor der Saison wechselte Alexandra Popp zu ihrem Herzensverein Borussia Dortmund. Gleich bei ihrem Pflichtspiel-Deb\u00fct konnte sie gl\u00e4nzen.<\/p>\n<p class=\"text-18 leading-17 user-text-lg:text-22 user-text-xl:text-24\">Starzugang Alexandra Popp hat gleich bei ihrem Pflichtspiel-Deb\u00fct f\u00fcr <a href=\"https:\/\/www.t-online.de\/themen\/borussia-dortmund\/\" class=\"transition-colors cursor-pointer no-underline md:hover:text-magenta md:focus:text-magenta border-b border-solid border-current text-salemsfur md:hover:border-magenta\" data-tracking=\"{&quot;action&quot;:&quot;click&quot;,&quot;category&quot;:&quot;intextLink&quot;,&quot;label&quot;:&quot;\/themen\/borussia-dortmund\/&quot;}\" data-sctrack=\"BodyAnchor\" rel=\"nofollow noopener\" target=\"_blank\">Borussia Dortmund<\/a> einen Doppelpack erzielt. Die neue BVB-Kapit\u00e4nin traf beim 3:0 (1:0) gegen <a href=\"https:\/\/www.t-online.de\/themen\/arminia-bielefeld\/\" class=\"transition-colors cursor-pointer no-underline md:hover:text-magenta md:focus:text-magenta border-b border-solid border-current text-salemsfur md:hover:border-magenta\" data-tracking=\"{&quot;action&quot;:&quot;click&quot;,&quot;category&quot;:&quot;intextLink&quot;,&quot;label&quot;:&quot;\/themen\/arminia-bielefeld\/&quot;}\" data-sctrack=\"BodyAnchor\" rel=\"nofollow noopener\" target=\"_blank\">Arminia Bielefeld<\/a> zum Saisonstart der drittklassigen Regionalliga zweimal per Kopf.<\/p>\n<p class=\"text-18 leading-17 user-text-lg:text-22 user-text-xl:text-24\">Popp war vor 4.500 Fans im Stadion Rote Erde zun\u00e4chst in der 38. Minute nach einer Flanke zur Stelle. Die 35-J\u00e4hrige belohnte damit den <a href=\"https:\/\/www.t-online.de\/themen\/borussia-dortmund\/\" class=\"transition-colors cursor-pointer no-underline md:hover:text-magenta md:focus:text-magenta border-b border-solid border-current text-salemsfur md:hover:border-magenta\" data-tracking=\"{&quot;action&quot;:&quot;click&quot;,&quot;category&quot;:&quot;intextLink&quot;,&quot;label&quot;:&quot;\/themen\/borussia-dortmund\/&quot;}\" data-sctrack=\"BodyAnchor\" rel=\"nofollow noopener\" target=\"_blank\">BVB<\/a>, der von Beginn an den Ton angab und sich ein Chancenplus erspielte. Die ehemalige DFB-Spielf\u00fchrerin lie\u00df sich oft ins Mittelfeld fallen, verteilte dort die B\u00e4lle \u2013 und sorgte kurz vor Schluss (82.) nach einer Ecke f\u00fcr die Entscheidung. Ronja Leubner (89.) setzte den Schlusspunkt.<\/p>\n<p class=\"text-18 leading-17 user-text-lg:text-22 user-text-xl:text-24\">Popp war nach 14 titelreichen Jahren beim <a href=\"https:\/\/www.t-online.de\/themen\/vfl-wolfsburg\/\" class=\"transition-colors cursor-pointer no-underline md:hover:text-magenta md:focus:text-magenta border-b border-solid border-current text-salemsfur md:hover:border-magenta\" data-tracking=\"{&quot;action&quot;:&quot;click&quot;,&quot;category&quot;:&quot;intextLink&quot;,&quot;label&quot;:&quot;\/themen\/vfl-wolfsburg\/&quot;}\" data-sctrack=\"BodyAnchor\" rel=\"nofollow noopener\" target=\"_blank\">VfL Wolfsburg<\/a> zu ihrem Herzensverein gewechselt, wo sie die gro\u00dfe Hoffnungstr\u00e4gerin f\u00fcr die Aufstiegsmission ist.<\/p>\n","protected":false},"excerpt":{"rendered":"Doppelpack zum Start Ex-DFB-Kapit\u00e4nin gl\u00e4nzt bei Deb\u00fct f\u00fcr Herzensverein 20.08.2026 &#8211; 22:54 UhrLesedauer: 1 Min. Alexandra Popp: Sie&hellip;\n","protected":false},"author":2,"featured_media":1249992,"comment_status":"","ping_status":"","sticky":false,"template":"","format":"standard","meta":{"footnotes":"","_share_on_mastodon":"0"},"categories":[1833],"tags":[82402,2368,403,3364,29,481,24476,217,30,36207,1209,2697,605],"class_list":["post-1249991","post","type-post","status-publish","format-standard","has-post-thumbnail","category-dortmund","tag-alexandra-popp","tag-arminia-bielefeld","tag-bvb","tag-de","tag-deutschland","tag-dfb","tag-doppelpack","tag-dortmund","tag-germany","tag-herzensverein","tag-nordrhein-westfalen","tag-pflichtspiel","tag-wolfsburg"],"share_on_mastodon":{"url":"https:\/\/pubeurope.com\/@de\/117130144647847905","error":""},"_links":{"self":[{"href":"https:\/\/www.europesays.com\/de\/wp-json\/wp\/v2\/posts\/1249991","targetHints":{"allow":["GET"]}}],"collection":[{"href":"https:\/\/www.europesays.com\/de\/wp-json\/wp\/v2\/posts"}],"about":[{"href":"https:\/\/www.europesays.com\/de\/wp-json\/wp\/v2\/types\/post"}],"author":[{"embeddable":true,"href":"https:\/\/www.europesays.com\/de\/wp-json\/wp\/v2\/users\/2"}],"replies":[{"embeddable":true,"href":"https:\/\/www.europesays.com\/de\/wp-json\/wp\/v2\/comments?post=1249991"}],"version-history":[{"count":0,"href":"https:\/\/www.europesays.com\/de\/wp-json\/wp\/v2\/posts\/1249991\/revisions"}],"wp:featuredmedia":[{"embeddable":true,"href":"https:\/\/www.europesays.com\/de\/wp-json\/wp\/v2\/media\/1249992"}],"wp:attachment":[{"href":"https:\/\/www.europesays.com\/de\/wp-json\/wp\/v2\/media?parent=1249991"}],"wp:term":[{"taxonomy":"category","embeddable":true,"href":"https:\/\/www.europesays.com\/de\/wp-json\/wp\/v2\/categories?post=1249991"},{"taxonomy":"post_tag","embeddable":true,"href":"https:\/\/www.europesays.com\/de\/wp-json\/wp\/v2\/tags?post=1249991"}],"curies":[{"name":"wp","href":"https:\/\/api.w.org\/{rel}","templated":true}]}}