{"id":1249995,"date":"2026-08-20T22:16:51","date_gmt":"2026-08-20T22:16:51","guid":{"rendered":"https:\/\/www.europesays.com\/de\/1249995\/"},"modified":"2026-08-20T22:16:51","modified_gmt":"2026-08-20T22:16:51","slug":"ausflugsziele-am-wochenende-tipps-fuer-altenburg-halle-leipzig-und-hohenfelden","status":"publish","type":"post","link":"https:\/\/www.europesays.com\/de\/1249995\/","title":{"rendered":"Ausflugsziele am Wochenende: Tipps f\u00fcr Altenburg, Halle, Leipzig und Hohenfelden"},"content":{"rendered":"<p>        <img decoding=\"async\" src=\"https:\/\/www.europesays.com\/de\/wp-content\/uploads\/2026\/08\/parkbuehne-geyserhaus-106.webp\" alt=\"Die Br\u00fcder Daniel (Danny) und Vincent Cavanagh der britischen Alternativerock Band Anathema auf einer Parkb\u00fchne\" title=\"Die Br\u00fcder Daniel (Danny) und Vincent Cavanagh der britischen Alternativerock Band Anathema auf einer Parkb\u00fchne | IMAGO \/ Christian Grube\" class=\"responsive\"\/><\/p>\n<p>AUDIO: Wohin am Wochenende? Ausflugstipps f\u00fcr Altenburg, Halle, Leipzig und Hohenfelden (3 Min)<\/p>\n<p class=\"topline\">Kulturtipps<\/p>\n<p>\n                Stand: 20.08.2026 14:09 Uhr<\/p>\n<p class=\"preface\">Das Wochenende steht vor der T\u00fcr und wir haben f\u00fcr Sie wieder die sch\u00f6nsten Kultur- und Freizeittipps f\u00fcr die freien Tage zusammengestellt. Ob mitrei\u00dfende Musik, kluges Sommertheater, Spielspa\u00df f\u00fcr die ganze Familie oder ein Ausflug ins Freilichtmuseum mit anschlie\u00dfendem Badesee-Besuch: Lassen Sie sich inspirieren und genie\u00dfen Sie die letzten Tage im August mit besonderen Erlebnissen in der Region. <\/p>\n<p class=\"textauthor\">von Cornelia Winkler, MDR KULTUR<\/p>\n<p class=\"\"><strong>Lassen Sie sich regelm\u00e4\u00dfig von uns inspirieren: Unsere ausgew\u00e4hlten Tipps f\u00fcr Ausfl\u00fcge gibt es auch direkt auf Ihr Handy in unserem <\/strong><a href=\"https:\/\/www.mdr.de\/kultur\/whatsapp-channel-kultur-erleben-100~splash.html\" title=\"MDR KULTUR bei WhatsApp: &quot;KULTUR erleben&quot;\" data-url=\"https:\/\/whatsapp.com\/channel\/0029VbB2BsjK0IBq8qHAw12R\" class=\"extlink-preface\" data-type=\"external\" rel=\"nofollow noopener\" target=\"_blank\"><strong>WhatsApp-Kanal &#8222;Kultur erleben&#8220;. Hier kostenlos folgen<\/strong><\/a><strong> und nichts mehr verpassen.<\/strong><\/p>\n<p>        <img decoding=\"async\" src=\"https:\/\/www.europesays.com\/de\/wp-content\/uploads\/2026\/06\/bild-260598.webp\" alt=\" Smartphone mit ge\u00f6ffnetem WhatsApp-Kanal &quot;Kultur erleben&quot; auf einem Notizbuch\" title=\" Smartphone mit ge\u00f6ffnetem WhatsApp-Kanal &quot;Kultur erleben&quot; auf einem Notizbuch | MDR\/Mandy Schalast-Peitz\" class=\"responsive\" loading=\"lazy\"\/><\/p>\n<p>    Altenburg: Spielspa\u00df f\u00fcr die ganze Familie<\/p>\n<p class=\"\">Wer Lust auf einen Ausflug mit Spiel, Spa\u00df und jeder Menge Unterhaltung hat, sollte am Wochenende nach Altenburg. Von Freitag bis Sonntag l\u00e4dt dort das Open-Air-Spielefestival rund um den Park am Gro\u00dfen Teich, die Baderei, und die Innenstadt zu einem Wochenende voller Spielespa\u00df ein.<\/p>\n<p class=\"\">Unter dem Motto &#8222;Good Games Only&#8220; erwarten Sie rund 100 Spiel- und Mitmachangebote sowie Turniere und Live-Musik. Von traditionellen Brettspielen oder Bingo \u00fcber einen XXL-Sandkasten bis hin zur VR-Arena \u2013 hier kommen Spielbegeisterte jeden Alters auf ihre Kosten. Am Samstag lockt zus\u00e4tzlich das Inselzoofest. Am Sonntag wir das 1.050-j\u00e4hrige Jubil\u00e4um Altenburgs mit einem Spiele-Flash-Mob und mit einer gro\u00dfen Parade gefeiert.<\/p>\n<p><strong>Altenburger Spielefestival<\/strong><br \/>21. bis 23. August 2026<\/p>\n<p><strong>Veranstaltungsorte:<\/strong><br \/>Park am Gro\u00dfen Teich, Baderei<br \/>04600 Altenburg<\/p>\n<p><strong>\u00d6ffnungszeiten: <\/strong><br \/>Freitag, 21. August 2026: 16 bis 23 Uhr<br \/>Samstag, 22. August 2026: 11 bis 23 Uhr<br \/>Sonntag, 23. August 2026: 11 bis 18 Uhr<\/p>\n<p>Weitere Informationen und das Programm finden Sie auf der <a href=\"https:\/\/www.stadt-altenburg.de\/spielefestival#content\" title=\"Altenburg: Alles zum Spielefestival 2026\" class=\"extlink-preface\" data-type=\"external\" rel=\"nofollow noopener\" target=\"_blank\">Webseite der Stadt Altenburg<\/a>. <\/p>\n<p>    Halle: &#8222;Kunst&#8220; als Sommertheater \u2013 bitterb\u00f6se wie komisch<\/p>\n<p class=\"\">Wie viel Streit steckt in einem wei\u00dfen Bild? Die Antwort darauf gibt Ihnen das St\u00fcck &#8222;Kunst&#8220; von Yasmina Reza, das am Samstagabend das Sommertheater der Kulturreederei im stimmungsvollen Innenhof der Ulrichskirche in Halle auff\u00fchrt. Die gefeierte Kom\u00f6die erz\u00e4hlt von drei langj\u00e4hrigen Freunden, deren Beziehung durch den Kauf eines teuren, ganz wei\u00dfen Gem\u00e4ldes pl\u00f6tzlich auf die Probe gestellt wird.<\/p>\n<p>                    <a href=\"https:\/\/www.europesays.com\/de\/wp-content\/uploads\/2026\/08\/kunst-halle-100.webp\" class=\"zoomimage\" title=\"Bild vergr\u00f6\u00dfern\"><\/p>\n<p>        <img decoding=\"async\" src=\"https:\/\/www.europesays.com\/de\/wp-content\/uploads\/2026\/08\/kunst-halle-100.webp\" alt=\"Zwei Personen sitzen auf einer B\u00fchne unter freiem Himmel.\" title=\"Moderne Kunst sorgt nicht selten f\u00fcr Debatten \u2013 das zeigt auch das Kammerspiel-Drama &quot;Kunst&quot; der franz\u00f6sischen Autorin Yasmina Reza. | Martin Kreusch\" class=\"responsive\" loading=\"lazy\"\/><\/p>\n<p>                    <\/a><\/p>\n<p>                    Moderne Kunst sorgt nicht selten f\u00fcr Debatten \u2013 das zeigt auch das Kammerspiel-Drama &#8222;Kunst&#8220; der franz\u00f6sischen Autorin Yasmina Reza.<\/p>\n<p class=\"\">Was als Diskussion \u00fcber Kunst beginnt, entwickelt sich zu einem ebenso witzigen wie scharfsinnigen Schlagabtausch \u00fcber Freundschaft, Eitelkeit und Lebensentscheidungen. Mit pointierten Dialogen, viel Humor und einem Hauch Sommerabend-Romantik verspricht das Kammerspiel-Drama beste Unterhaltung unter freiem Himmel.<\/p>\n<p><strong>&#8222;Kunst&#8220; <\/strong>von Yasmina Reza<br \/>22. August, 20 Uhr<\/p>\n<p><strong>Dauer: <\/strong>120 Minuten<\/p>\n<p><strong>Ulrichskirche<\/strong><br \/>Christian-Wolff-Stra\u00dfe 2<br \/>06108 Halle (Saale)<\/p>\n<p>        <img decoding=\"async\" src=\"https:\/\/www.europesays.com\/de\/wp-content\/uploads\/2026\/08\/sturm-rosslau-106.webp\" alt=\"Mehrere Gestalten mit roten Spitzm\u00fctzen sammeln sich um ein Krankenbett.\" title=\"Mehrere Gestalten mit roten Spitzm\u00fctzen sammeln sich um ein Krankenbett. | Jenny Fitz\" class=\"responsive\" loading=\"lazy\"\/><\/p>\n<p>    Leipzig: Live-Musik f\u00fcr Gro\u00df und Klein<\/p>\n<p class=\"\">Ein entspannter Sommernachmittag mit Live-Musik l\u00e4sst sich am Sonntag an der Parkb\u00fchne Geyserhaus in Leipzig erleben. Denn da l\u00e4dt das Duo Stiehler\/Lucaciu zum Familienkonzert. Die beiden Leipziger Musiker Sascha Stiehler (Klavier, Synthesizer) und Antonio Lucaciu (Saxofon, Gesang) kennen sich seit Kindheitstagen, haben gemeinsam Jazz studiert und begeistern heute gemeinsam mit einem Mix aus Klassik, Jazz und Pop und charmanter B\u00fchnenpr\u00e4senz ihr Publikum. Nach ihrer ausverkauften Tour 2025 pr\u00e4sentieren sie nun ihr neues Live-Album, das in den legend\u00e4ren Abbey Road Studios in London aufgenommen wurde.<\/p>\n<p>                    <a href=\"https:\/\/www.europesays.com\/de\/wp-content\/uploads\/2026\/07\/fotos-studiokonzert-stiehler-lucaciu-sinfonieorchester-110.webp\" class=\"zoomimage\" title=\"Bild vergr\u00f6\u00dfern\"><\/p>\n<p>        <img decoding=\"async\" src=\"https:\/\/www.europesays.com\/de\/wp-content\/uploads\/2026\/07\/fotos-studiokonzert-stiehler-lucaciu-sinfonieorchester-110.webp\" alt=\"Studiokonzert mit dem Duo Stiehler\/Lucaciu\" title=\"Laden zum Familienkonzert auf die Parkb\u00fchne Geyserhaus: Sascha Stiehler (l.) und Antonio Lucaciu (r.) | Sandra Ludewig\" class=\"responsive\" loading=\"lazy\"\/><\/p>\n<p>                    <\/a><\/p>\n<p>                    Laden zum Familienkonzert auf die Parkb\u00fchne Geyserhaus: Sascha Stiehler (l.) und Antonio Lucaciu (r.)<\/p>\n<p>Samstag, 22. August 2026, 17 Uhr<\/p>\n<p><strong>Parkb\u00fchne Geyserhaus<\/strong><br \/>Kleiststra\u00dfe 52<br \/>04157 Leipzig<\/p>\n<p>        <img decoding=\"async\" src=\"https:\/\/www.europesays.com\/de\/wp-content\/uploads\/2026\/08\/nichtseattle-106.webp\" alt=\"Eine junge Frau\" title=\"Eine junge Frau | Noel Richter\" class=\"responsive\" loading=\"lazy\"\/><\/p>\n<p>    Der pers\u00f6nliche Tipp: Zeitreise aufs Land<\/p>\n<p class=\"\">Ein Ausflug nach Hohenfelden lohnt im Sommer gleich doppelt: Im Freilichtmuseum Hohenfelden k\u00f6nnen Sie auf eine spannende Zeitreise durch das l\u00e4ndliche Leben in Th\u00fcringen gehen. Historische Bauernh\u00f6fe, Werkst\u00e4tten und liebevoll eingerichtete Geb\u00e4ude vermitteln anschaulich, wie die Menschen fr\u00fcher gelebt und gearbeitet haben. Besonders f\u00fcr Familien ist das Museum ein sch\u00f6nes Ziel, denn Geschichte wird hier greifbar und l\u00e4sst sich entspannt im Freien entdecken.<\/p>\n<p>                    <a href=\"https:\/\/www.europesays.com\/de\/wp-content\/uploads\/2026\/08\/muehle-hohenfelden-102.webp\" class=\"zoomimage\" title=\"Bild vergr\u00f6\u00dfern\"><\/p>\n<p>        <img decoding=\"async\" src=\"https:\/\/www.europesays.com\/de\/wp-content\/uploads\/2026\/08\/muehle-hohenfelden-102.webp\" alt=\"Das Gel\u00e4nde des Th\u00fcringer Freilichtmuseums in Hohenfelden.\" title=\"Im Freilichtmuseum Hohenfelden gibt es mehr als 35 historische Geb\u00e4ude aus ganz Th\u00fcringen zu entdecken. | picture alliance \/ dpa | Sebastian Kahnert\" class=\"responsive\" loading=\"lazy\"\/><\/p>\n<p>                    <\/a><\/p>\n<p>                    Im Freilichtmuseum Hohenfelden gibt es mehr als 35 historische Geb\u00e4ude aus ganz Th\u00fcringen zu entdecken.<\/p>\n<p class=\"\">Wenn das Wetter mitspielt, bietet sich ein Abstecher zum nahegelegenen Stausee Hohenfelden an. Ob ein Spaziergang, Eis essen, Baden oder einfach die Aussicht genie\u00dfen \u2013 hier l\u00e4sst sich ein Sommertag wunderbar ausklingen.<\/p>\n<p><strong>Th\u00fcringer Freilichtmuseum Hohenfelden<\/strong><br \/>Am Eichenberg 1 \/ Im Dorfe 16 <br \/>99448 Hohenfelden<\/p>\n<p><strong>\u00d6ffnungszeiten:<br \/><\/strong>T\u00e4glich von 10 bis 18 Uhr <\/p>\n<p>Kostenpflichtige F\u00fchrungen \u00fcber das Gel\u00e4nde &#8222;Am Eichenberg&#8220; werden nach telefonischer Anmeldung angeboten. <br \/>F\u00fcr Kinder gibt es Erlebnisf\u00fchrungen und Rundg\u00e4nge, f\u00fcr die eine verbindliche Anmeldung notwendig ist.<\/p>\n<p><strong>Eintritt: <\/strong><br \/>7 Euro, erm\u00e4\u00dfigt 5 Euro<br \/>Kinder: 2,50 Euro<\/p>\n<p><strong>Barrierefreiheit:<\/strong><br \/>Die historischen Geb\u00e4ude sind nur teilweise barrierefrei.<\/p>\n<p>Weitere Informationen finden Sie auf der <a href=\"https:\/\/www.mdr.de\/kultur\/app-kultur\/entdecken\/hohenfelden-link-100~splash.html\" title=\"Internetseite des Th\u00fcringer Freilichtmuseums Hohenfelden\" data-url=\"https:\/\/www.freilichtmuseum-hohenfelden.de\/\" class=\"extlink-preface\" data-type=\"external\" rel=\"nofollow noopener\" target=\"_blank\">Website des Museums<\/a>.<\/p>\n<p>        <img decoding=\"async\" src=\"https:\/\/www.europesays.com\/de\/wp-content\/uploads\/2026\/08\/bauernhaeuser-rudolstadt-102.webp\" alt=\"wei Bauernh\u00e4user, leicht verdeckt von einem Baum, vor ihnen stehen auf einer Wiese Tische und St\u00fchle\" title=\"Die Bauernh\u00e4user in Rudolstadt gelten als eines der \u00e4ltesten Freilichtmuseen Deutschlands. | IMAGO \/ Steve Bauerschmidt\" class=\"responsive\" loading=\"lazy\"\/><\/p>\n<p>        <img decoding=\"async\" src=\"https:\/\/www.europesays.com\/de\/wp-content\/uploads\/2026\/08\/altstadt-meissen-104.webp\" alt=\"Auf dem Burgberg \u00fcber der Elbe thront die Albrechtsburg.\" title=\"Auf dem Burgberg \u00fcber der Elbe thront die Albrechtsburg. | IMAGO \/ Sylvio Dittrich\" class=\"responsive\" loading=\"lazy\"\/><\/p>\n<p>        <img decoding=\"async\" src=\"https:\/\/www.europesays.com\/de\/wp-content\/uploads\/2026\/06\/streamingtipps-102.webp\" alt=\"Logo: Streamingtipps jede Woche neu\" title=\"Logo: Streamingtipps jede Woche neu | MITTELDEUTSCHER RUNDFUNK\" class=\"responsive\" loading=\"lazy\"\/><\/p>\n<p>        <img decoding=\"async\" src=\"https:\/\/www.europesays.com\/de\/wp-content\/uploads\/2026\/06\/newsletter-was-ist-los-am-wochenende-100.webp\" alt=\"Newsletter MDR KULTUR Was ist los am Wochenende?\" title=\"Newsletter MDR KULTUR Was ist los am Wochenende? | imago\/fStop Images\\picture-alliance\/ ZB | Wolfgang Thieme\\MiBERZ\\TVEStudio2Media\\MDR SACHSEN  \" class=\"responsive\" loading=\"lazy\"\/><\/p>\n","protected":false},"excerpt":{"rendered":"AUDIO: Wohin am Wochenende? Ausflugstipps f\u00fcr Altenburg, Halle, Leipzig und Hohenfelden (3 Min) Kulturtipps Stand: 20.08.2026 14:09 Uhr&hellip;\n","protected":false},"author":2,"featured_media":1249996,"comment_status":"","ping_status":"","sticky":false,"template":"","format":"standard","meta":{"footnotes":"","_share_on_mastodon":"0"},"categories":[1832],"tags":[3903,15694,2076,3364,29,6421,553,2507,30,1310,71,2264,859,860,94,861,1467,4749],"class_list":["post-1249995","post","type-post","status-publish","format-standard","has-post-thumbnail","category-leipzig","tag-ausflug","tag-ausflugsziele","tag-ausstellung","tag-de","tag-deutschland","tag-empfehlungen","tag-familie","tag-freizeit","tag-germany","tag-konzert","tag-leipzig","tag-museum","tag-sachsen","tag-sachsen-anhalt","tag-theater","tag-thueringen","tag-tipps","tag-wochenende"],"share_on_mastodon":{"url":"https:\/\/pubeurope.com\/@de\/117130158743669597","error":""},"_links":{"self":[{"href":"https:\/\/www.europesays.com\/de\/wp-json\/wp\/v2\/posts\/1249995","targetHints":{"allow":["GET"]}}],"collection":[{"href":"https:\/\/www.europesays.com\/de\/wp-json\/wp\/v2\/posts"}],"about":[{"href":"https:\/\/www.europesays.com\/de\/wp-json\/wp\/v2\/types\/post"}],"author":[{"embeddable":true,"href":"https:\/\/www.europesays.com\/de\/wp-json\/wp\/v2\/users\/2"}],"replies":[{"embeddable":true,"href":"https:\/\/www.europesays.com\/de\/wp-json\/wp\/v2\/comments?post=1249995"}],"version-history":[{"count":0,"href":"https:\/\/www.europesays.com\/de\/wp-json\/wp\/v2\/posts\/1249995\/revisions"}],"wp:featuredmedia":[{"embeddable":true,"href":"https:\/\/www.europesays.com\/de\/wp-json\/wp\/v2\/media\/1249996"}],"wp:attachment":[{"href":"https:\/\/www.europesays.com\/de\/wp-json\/wp\/v2\/media?parent=1249995"}],"wp:term":[{"taxonomy":"category","embeddable":true,"href":"https:\/\/www.europesays.com\/de\/wp-json\/wp\/v2\/categories?post=1249995"},{"taxonomy":"post_tag","embeddable":true,"href":"https:\/\/www.europesays.com\/de\/wp-json\/wp\/v2\/tags?post=1249995"}],"curies":[{"name":"wp","href":"https:\/\/api.w.org\/{rel}","templated":true}]}}