{"id":1250022,"date":"2026-08-20T22:34:17","date_gmt":"2026-08-20T22:34:17","guid":{"rendered":"https:\/\/www.europesays.com\/de\/1250022\/"},"modified":"2026-08-20T22:34:17","modified_gmt":"2026-08-20T22:34:17","slug":"einsatz-in-lankwitz-ueberfall-auf-geldtransporter-polizeieinsatz-in-berlin","status":"publish","type":"post","link":"https:\/\/www.europesays.com\/de\/1250022\/","title":{"rendered":"Einsatz in Lankwitz: \u00dcberfall auf Geldtransporter? &#8211; Polizeieinsatz in Berlin"},"content":{"rendered":"<p>            Schlie\u00dfen<\/p>\n<p>            Ver\u00f6ffentlicht am<br \/>\n                <\/p>\n<p>        Sie k\u00f6nnen sich Artikel der ZEIT in der Google-Suche nun bevorzugt anzeigen lassen.<\/p>\n<p>        <a class=\"zps-widget__icon\" href=\"https:\/\/www.google.com\/preferences\/source?q=zeit.de\" data-ct-label=\"Google Preferred Source Onboarding Widget Icon\" id=\"zps-link-icon-activate\" aria-label=\"ZEIT als bevorzugte Quelle bei Google aktivieren\" target=\"_blank\" rel=\"nofollow noopener\"><\/p>\n<p>        <\/a><\/p>\n<p>        Hinweis<\/p>\n<p class=\"article-notice__text\">DIE ZEIT hat diese Meldung redaktionell nicht bearbeitet. Sie wurde automatisch von der Deutschen Presse-Agentur (dpa) \u00fcbernommen.<\/p>\n<p>            <img decoding=\"async\" class=\"article__media-item\" src=\"https:\/\/www.europesays.com\/de\/wp-content\/uploads\/2026\/08\/1787265257_643_wide__660x371.jpeg\" alt=\"Einsatz in Lankwitz: Die Polizei ist wegen eines mutma\u00dflichen Raub\u00fcberfalls auf einen Geldtransporter nach Lankwitz ausger\u00fcckt. (Symbolbild)\"\/><\/p>\n<p>                    Die Polizei ist wegen eines mutma\u00dflichen Raub\u00fcberfalls auf einen Geldtransporter nach Lankwitz ausger\u00fcckt. (Symbolbild)<br \/>\n            \u00a9\u00a0Soeren Stache\/\u200bdpa<\/p>\n<p class=\"paragraph article__item\">Wegen eines mutma\u00dflichen <a class=\"rtr-entity\" href=\"https:\/\/www.zeit.de\/thema\/ueberfall\" rel=\"nofollow noopener\" target=\"_blank\">\u00dcberfalls<\/a> auf einen Geldtransporter in Berlin ist die Polizei am Nachmittag in den S\u00fcdwesten der Hauptstadt ausger\u00fcckt. Der \u00dcberfall auf das Fahrzeug soll sich an einem Supermarkt in der Kaiser-Wilhelm-Stra\u00dfe in Berlin-Lankwitz ereignet haben, wie ein Polizeisprecher sagte. Ob der Transporter dort Geld abholen oder anliefern sollte, sei unbekannt.\n<\/p>\n<p>Aktuelles<\/p>\n<p>                <a href=\"https:\/\/www.zeit.de\/gesellschaft\/2026-07\/anschlag-auf-csd-mutmasslicher-attentaeter-abdul-b-offenbar-erschossen\" data-ct-label=\"Anschlag auf den Berliner CSD: Polizei erschie\u00dft mutma\u00dflichen Attent\u00e4ter Abdul B.\" data-uuid=\"cf0c13dc-c1bb-4582-a9a5-ead1710b0413\" rel=\"nofollow noopener\" target=\"_blank\"><\/p>\n<p>                        Anschlag auf den Berliner CSD:<br \/>\n                        Polizei erschie\u00dft mutma\u00dflichen Attent\u00e4ter Abdul B.<\/p>\n<p>                <\/a><\/p>\n<p>                <a href=\"https:\/\/www.zeit.de\/politik\/2026-07\/csd-berlin-anschlag-menschenmenge-sicherheit-nachrichtenpodcast\" data-ct-label=\"Nachrichtenpodcast: Wie sicher ist die queere Community in Deutschland?\" data-uuid=\"9526ac49-ffdb-4460-90a7-b2ab946a5ff7\" rel=\"nofollow noopener\" target=\"_blank\"><\/p>\n<p>                        Nachrichtenpodcast:<br \/>\n                        Wie sicher ist die queere Community in Deutschland?<\/p>\n<p>                <\/a><\/p>\n<p>                <a href=\"https:\/\/www.zeit.de\/politik\/deutschland\/2026-07\/anschlag-berlin-csd-islamismus-alexander-dobrindt\" data-ct-label=\"Anschlag in Berlin: Dobrindt nennt Angriff auf CSD islamistischen Terroranschlag\" data-uuid=\"96ed480f-1829-4f69-bad8-9c7cd0a01f8d\" rel=\"nofollow noopener\" target=\"_blank\"><\/p>\n<p>                        Anschlag in Berlin:<br \/>\n                        Dobrindt nennt Angriff auf CSD islamistischen Terroranschlag<\/p>\n<p>                <\/a><\/p>\n<p>                An dieser Stelle ist ein externer Inhalt eingebunden<\/p>\n<p>Zum Anschauen ben\u00f6tigen wir Ihre Zustimmung<\/p>\n<p>\n                Weiter\n            <\/p>\n<p class=\"paragraph article__item\">Eine Mitarbeiterin des Transport-Unternehmens kam demnach mit einem Schock ins Krankenhaus. Derzeit warteten die Ermittler darauf, die Frau \u00fcber den Hergang befragen zu k\u00f6nnen, sagte der Sprecher. \u00dcber weitere Verletzte hatte die <a class=\"rtr-entity\" href=\"https:\/\/www.zeit.de\/thema\/polizei\" rel=\"nofollow noopener\" target=\"_blank\">Polizei<\/a> zun\u00e4chst keine Kenntnis.\u00a0\n<\/p>\n<p class=\"paragraph article__item\">Ob etwas erbeutet wurde und wie viele T\u00e4ter an dem mutma\u00dflichen \u00dcberfall beteiligt waren, blieb offen. Die Spurensicherung war den Angaben zufolge bis in den Abend hinein vor Ort im Einsatz.\n<\/p>\n<p class=\"paragraph article__item\">\u00a9 dpa-infocom, dpa:260820-930-559539\/2<\/p>\n","protected":false},"excerpt":{"rendered":"Schlie\u00dfen Ver\u00f6ffentlicht am Sie k\u00f6nnen sich Artikel der ZEIT in der Google-Suche nun bevorzugt anzeigen lassen. Hinweis DIE&hellip;\n","protected":false},"author":2,"featured_media":1250023,"comment_status":"","ping_status":"","sticky":false,"template":"","format":"standard","meta":{"footnotes":"","_share_on_mastodon":"0"},"categories":[1825],"tags":[1941,1939,296,1937,29,258764,6453,30,2438,1940,15,1938,121,4908,16414,5310],"class_list":["post-1250022","post","type-post","status-publish","format-standard","has-post-thumbnail","category-berlin","tag-aktuelle-nachrichten-aus-berlin","tag-aktuelle-news-aus-berlin","tag-berlin","tag-berlin-news","tag-deutschland","tag-einsatz-in-lankwitz","tag-geldtransporter","tag-germany","tag-lankwitz","tag-nachrichten-aus-berlin","tag-news","tag-news-aus-berlin","tag-polizei","tag-polizeieinsatz","tag-suedwesten","tag-ueberfall"],"share_on_mastodon":{"url":"","error":""},"_links":{"self":[{"href":"https:\/\/www.europesays.com\/de\/wp-json\/wp\/v2\/posts\/1250022","targetHints":{"allow":["GET"]}}],"collection":[{"href":"https:\/\/www.europesays.com\/de\/wp-json\/wp\/v2\/posts"}],"about":[{"href":"https:\/\/www.europesays.com\/de\/wp-json\/wp\/v2\/types\/post"}],"author":[{"embeddable":true,"href":"https:\/\/www.europesays.com\/de\/wp-json\/wp\/v2\/users\/2"}],"replies":[{"embeddable":true,"href":"https:\/\/www.europesays.com\/de\/wp-json\/wp\/v2\/comments?post=1250022"}],"version-history":[{"count":0,"href":"https:\/\/www.europesays.com\/de\/wp-json\/wp\/v2\/posts\/1250022\/revisions"}],"wp:featuredmedia":[{"embeddable":true,"href":"https:\/\/www.europesays.com\/de\/wp-json\/wp\/v2\/media\/1250023"}],"wp:attachment":[{"href":"https:\/\/www.europesays.com\/de\/wp-json\/wp\/v2\/media?parent=1250022"}],"wp:term":[{"taxonomy":"category","embeddable":true,"href":"https:\/\/www.europesays.com\/de\/wp-json\/wp\/v2\/categories?post=1250022"},{"taxonomy":"post_tag","embeddable":true,"href":"https:\/\/www.europesays.com\/de\/wp-json\/wp\/v2\/tags?post=1250022"}],"curies":[{"name":"wp","href":"https:\/\/api.w.org\/{rel}","templated":true}]}}