{"id":1250058,"date":"2026-08-20T22:57:37","date_gmt":"2026-08-20T22:57:37","guid":{"rendered":"https:\/\/www.europesays.com\/de\/1250058\/"},"modified":"2026-08-20T22:57:37","modified_gmt":"2026-08-20T22:57:37","slug":"nordrhein-westfalen-waldbrand-in-huertgenwald-bei-aachen-endgueltig-geloescht","status":"publish","type":"post","link":"https:\/\/www.europesays.com\/de\/1250058\/","title":{"rendered":"Nordrhein-Westfalen: Waldbrand in H\u00fcrtgenwald bei Aachen endg\u00fcltig gel\u00f6scht"},"content":{"rendered":"<p>            <img loading=\"lazy\" decoding=\"async\" class=\"ts-image\" src=\"https:\/\/www.europesays.com\/de\/wp-content\/uploads\/2026\/08\/wdr-der-brand-im-huertgenwald-hat-spuren-hinterlassen-100.jpg\" alt=\"mehrere verkohlte Baumst\u00e4mme liegen an einem Weg, dahinter erstreckt sich eine Lichtung mit teilweise verkohlten B\u00e4umen\" title=\"Der Brand im H\u00fcrtgenwald hat Spuren hinterlassen | WDR\/Bettina Staubitz\"\/><\/p>\n<p class=\"metatextline\">Stand: 20.08.2026 \u2022 19:34 Uhr<\/p>\n<p class=\"article-head__shorttext\">\n        <strong><strong>Der Kampf gegen die Flammen ist vor\u00fcber: Im H\u00fcrtgenwald sind auch die letzten Feuer und Glutnester gel\u00f6scht. Der gr\u00f6\u00dfte Waldbrand der NRW-Geschichte ist vorbei.<\/strong><\/strong>\n    <\/p>\n<p class=\"textabsatz m-ten m-offset-one l-eight l-offset-two columns twelve\">Der B\u00fcrgermeister von H\u00fcrtgenwald und die Feuerwehr haben den Einsatz beim Waldbrand im H\u00fcrtgenwald offiziell f\u00fcr beendet erkl\u00e4rt. Nach Angaben der Feuerwehr sind sowohl die offenen Feuer als auch s\u00e4mtliche Glutnester vollst\u00e4ndig gel\u00f6scht. Der Brand, der vor einer Woche ausgebrochen war, hatte sich zum gr\u00f6\u00dften Waldbrand in der Geschichte Nordrhein-Westfalens entwickelt.<\/p>\n<p class=\"textabsatz--contains-image  m-six l-five textabsatz columns twelve\">Betroffen waren rund 300 Hektar Waldfl\u00e4che im <a href=\"https:\/\/www1.wdr.de\/nrw\/aachen-eifel\/kreis-dueren\/uebersicht-kreis-dueren-100.html\" title=\"Aktuelle News und Geschichten aus dem Kreis D\u00fcren\" class=\"textlink--extern\" target=\"_blank\" rel=\"noopener nofollow\">Kreis D\u00fcren<\/a>. Zeitweise waren mehr als 1.800 Einsatzkr\u00e4fte von Feuerwehr, THW, Bundeswehr, Polizei und weiteren Organisationen im Einsatz. Sie k\u00e4mpfen gegen einen Wipfelbrand, bei dem sich das Feuer schnell durch die oberen Baumkronen statt nur am Waldboden ausbreitet.<\/p>\n<p class=\"absatzbild__info__text\">\n                        So dramatisch sah der Brand im Hohen Venn aus der Luft aus.\n                    <\/p>\n<p class=\"textabsatz m-ten m-offset-one l-eight l-offset-two columns twelve\">Auch wurden die L\u00f6scharbeiten durch die Munitionsbelastung des Gel\u00e4ndes aus dem Zweiten Weltkrieg erheblich erschwert, weshalb viele Bereiche nicht direkt betreten werden konnten. Stattdessen kamen L\u00f6schhubschrauber, Schneisen und spezielle Taktiken zur Eind\u00e4mmung der Flammen zum Einsatz.<\/p>\n<p>    Nach Waldbrand: Aufatmen bei evakuierten Einwohnern von Gey<\/p>\n<p class=\"textabsatz m-ten m-offset-one l-eight l-offset-two columns twelve\">Besonders angespannt war die Lage im Ortsteil Gey. Rund 2000 Einwohnerinnen und Einwohner mussten vorsorglich ihre H\u00e4user verlassen, weil sich das Feuer zeitweise bis auf 15 Meter an die Ortschaft angen\u00e4hert hatte. Nachdem die Einsatzkr\u00e4fte eine Ausbreitung auf den Ort verhindern konnten, durften die Menschen zur\u00fcckkehren.<\/p>\n<ul class=\"buttongroup buttongroup--copytext\">\n<li class=\"buttongroup__item\">\n<p>    <a class=\"btn btn--text btn--standard-secondary btn--fullwidth\" href=\"https:\/\/www1.wdr.de\/nrw\/aachen-eifel\/waldbrand-huertgenwald-loeschen-100.html\" rel=\"nofollow noopener\" target=\"_blank\"><br \/>\n        So geht es den Menschen nach dem Waldbrand<\/p>\n<p>  Pfeil rechts<\/p>\n<p>    <\/a>\n<\/li>\n<\/ul>\n<p class=\"textabsatz m-ten m-offset-one l-eight l-offset-two columns twelve\">Die zur\u00fcckliegende Woche war ein Ausnahmezustand f\u00fcr die Bev\u00f6lkerung. Viele Betroffene berichteten von gro\u00dfer Unsicherheit und Sorge um ihre H\u00e4user, zugleich aber auch von einer au\u00dfergew\u00f6hnlichen Solidarit\u00e4t und Hilfsbereitschaft durch Einsatzkr\u00e4fte, Landwirte und Freiwillige.<\/p>\n<p>    Alle helfen mit: Tagelanger Gro\u00dfeinsatz im H\u00fcrtgenwald endet<\/p>\n<p class=\"textabsatz m-ten m-offset-one l-eight l-offset-two columns twelve\">Gro\u00dfe Solidarit\u00e4t kam w\u00e4hrend der besonderen Situation zum Vorschein. Dutzende Menschen leisteten Hilfe auf ganz verschiedene Weisen: Caterer brieten W\u00fcrstchen, Landwirte schleppten Wasser in den Wald, Anwohner bemalten gro\u00dfe Schilder mit einfachen, aber warmen Worten. \u201eWas von diesen Tagen bleiben wird\u201c, so schreibt B\u00fcrgermeister Stephan Cranen sp\u00e4ter, \u201eist die Erfahrung, dass wir uns in H\u00fcrtgenwald aufeinander verlassen k\u00f6nnen.\u201c<\/p>\n<ul class=\"buttongroup buttongroup--copytext\">\n<li class=\"buttongroup__item\">\n<p>    <a class=\"btn btn--text btn--standard-secondary btn--fullwidth\" href=\"https:\/\/www1.wdr.de\/nrw\/aachen-eifel\/feuer-waldbrand-huertgenwald-hoffnung-100.html\" rel=\"nofollow noopener\" target=\"_blank\"><br \/>\n        Wie die restlichen Flammen gel\u00f6scht wurden<\/p>\n<p>  Pfeil rechts<\/p>\n<p>    <\/a>\n<\/li>\n<\/ul>\n<p class=\"textabsatz m-ten m-offset-one l-eight l-offset-two columns twelve\">In den vergangenen Tagen hatte sich die Lage in der Region schrittweise entspannt. Der Kreis D\u00fcren meldete Anfang der Woche, dass der Brand unter Kontrolle sei und die Zahl der Einsatzkr\u00e4fte deutlich reduziert werden konnte. Anschlie\u00dfend konzentrierten sich Feuerwehr und Fachkr\u00e4fte darauf, verbliebene Bodenfeuer und Glutnester aufzusp\u00fcren und abzul\u00f6schen. Daf\u00fcr kamen unter anderem Fu\u00dftrupps, Drohnen und W\u00e4rmebildtechnik zum Einsatz.<\/p>\n<p class=\"textabsatz m-ten m-offset-one l-eight l-offset-two columns twelve\">Mit der Best\u00e4tigung, dass nun weder offene Flammen noch Glutnester vorhanden sind, endet ein tagelanger Gro\u00dfeinsatz im H\u00fcrtgenwald.<\/p>\n<p class=\"textabsatz m-ten m-offset-one l-eight l-offset-two columns twelve\"><strong>Sendung:<\/strong> WDR 2, <strong>WDR aktuell, 20.08.2026,<\/strong> 19 Uhr<\/p>\n<p>                                        <a class=\"backlink__link\" href=\"https:\/\/www1.wdr.de\/nrw\/aachen-eifel\/waldbrand-in-huertgenwald-bei-aachen-endgueltig-geloescht-100.html\" rel=\"nofollow noopener\" target=\"_blank\"><\/p>\n<p>                                                <img decoding=\"async\" src=\"https:\/\/images.tagesschau.de\/image\/9ef70e2e-6dd6-4b18-afd2-7063c40e8939\/AAABlap_yqU\/AAABnR8VW9w\/original\/lra-wdr-logo-100.svg\" alt=\"Westdeutscher Rundfunk\"\/><\/p>\n<p>                                        <\/a><\/p>\n","protected":false},"excerpt":{"rendered":"Stand: 20.08.2026 \u2022 19:34 Uhr Der Kampf gegen die Flammen ist vor\u00fcber: Im H\u00fcrtgenwald sind auch die letzten&hellip;\n","protected":false},"author":2,"featured_media":1250059,"comment_status":"","ping_status":"","sticky":false,"template":"","format":"standard","meta":{"footnotes":"","_share_on_mastodon":"0"},"categories":[1853],"tags":[1424,3364,29,548,663,3934,30,13,14,15,1209,12,5666],"class_list":["post-1250058","post","type-post","status-publish","format-standard","has-post-thumbnail","category-aachen","tag-aachen","tag-de","tag-deutschland","tag-eu","tag-europa","tag-europe","tag-germany","tag-headlines","tag-nachrichten","tag-news","tag-nordrhein-westfalen","tag-schlagzeilen","tag-waldbrand"],"share_on_mastodon":{"url":"","error":""},"_links":{"self":[{"href":"https:\/\/www.europesays.com\/de\/wp-json\/wp\/v2\/posts\/1250058","targetHints":{"allow":["GET"]}}],"collection":[{"href":"https:\/\/www.europesays.com\/de\/wp-json\/wp\/v2\/posts"}],"about":[{"href":"https:\/\/www.europesays.com\/de\/wp-json\/wp\/v2\/types\/post"}],"author":[{"embeddable":true,"href":"https:\/\/www.europesays.com\/de\/wp-json\/wp\/v2\/users\/2"}],"replies":[{"embeddable":true,"href":"https:\/\/www.europesays.com\/de\/wp-json\/wp\/v2\/comments?post=1250058"}],"version-history":[{"count":0,"href":"https:\/\/www.europesays.com\/de\/wp-json\/wp\/v2\/posts\/1250058\/revisions"}],"wp:featuredmedia":[{"embeddable":true,"href":"https:\/\/www.europesays.com\/de\/wp-json\/wp\/v2\/media\/1250059"}],"wp:attachment":[{"href":"https:\/\/www.europesays.com\/de\/wp-json\/wp\/v2\/media?parent=1250058"}],"wp:term":[{"taxonomy":"category","embeddable":true,"href":"https:\/\/www.europesays.com\/de\/wp-json\/wp\/v2\/categories?post=1250058"},{"taxonomy":"post_tag","embeddable":true,"href":"https:\/\/www.europesays.com\/de\/wp-json\/wp\/v2\/tags?post=1250058"}],"curies":[{"name":"wp","href":"https:\/\/api.w.org\/{rel}","templated":true}]}}