{"id":1250139,"date":"2026-08-20T23:59:28","date_gmt":"2026-08-20T23:59:28","guid":{"rendered":"https:\/\/www.europesays.com\/de\/1250139\/"},"modified":"2026-08-20T23:59:28","modified_gmt":"2026-08-20T23:59:28","slug":"am-26-august-buergerbueros-und-buergertelefon-nicht-verfuegbar-%c2%b7-leipziger-zeitung","status":"publish","type":"post","link":"https:\/\/www.europesays.com\/de\/1250139\/","title":{"rendered":"Am 26. August: B\u00fcrgerb\u00fcros und B\u00fcrgertelefon nicht verf\u00fcgbar \u00b7 Leipziger Zeitung"},"content":{"rendered":"<p class=\"wp-block-paragraph\">Am kommenden Mittwoch, dem 26.8.2026, m\u00fcssen die B\u00fcrgerb\u00fcros der Stadt Leipzig infolge einer ganzt\u00e4gigen Personalversammlung geschlossen bleiben. Ebenso ist an diesem Tag das B\u00fcrgertelefon (Tel. 0341 115) leider unbesetzt. Ab Donnerstag werden alle Services wieder zu den regul\u00e4ren Zeiten angeboten.\u00a0<\/p>\n<p class=\"wp-block-paragraph\">Selbstverst\u00e4ndlich bleiben auch am genannten Tag s\u00e4mtliche Online-Dienstleistungen verf\u00fcgbar, welche das Amt B\u00fcrgerservice unter <a href=\"https:\/\/www.leipzig.de\/service-portal\/buergerbueros\" target=\"_blank\" rel=\"noreferrer noopener nofollow\">www.leipzig.de\/buergerbueros<\/a> bereits anbietet und die f\u00fcr viele Anliegen pers\u00f6nliche Vorsprachen im B\u00fcrgerb\u00fcro ersparen k\u00f6nnen.<\/p>\n","protected":false},"excerpt":{"rendered":"Am kommenden Mittwoch, dem 26.8.2026, m\u00fcssen die B\u00fcrgerb\u00fcros der Stadt Leipzig infolge einer ganzt\u00e4gigen Personalversammlung geschlossen bleiben. Ebenso&hellip;\n","protected":false},"author":2,"featured_media":225859,"comment_status":"","ping_status":"","sticky":false,"template":"","format":"standard","meta":{"footnotes":"","_share_on_mastodon":"0"},"categories":[1832],"tags":[12602,81336,3364,29,30,71,859],"class_list":["post-1250139","post","type-post","status-publish","format-standard","has-post-thumbnail","category-leipzig","tag-buergerbuero","tag-buergertelefon","tag-de","tag-deutschland","tag-germany","tag-leipzig","tag-sachsen"],"share_on_mastodon":{"url":"https:\/\/pubeurope.com\/@de\/117130557196747714","error":""},"_links":{"self":[{"href":"https:\/\/www.europesays.com\/de\/wp-json\/wp\/v2\/posts\/1250139","targetHints":{"allow":["GET"]}}],"collection":[{"href":"https:\/\/www.europesays.com\/de\/wp-json\/wp\/v2\/posts"}],"about":[{"href":"https:\/\/www.europesays.com\/de\/wp-json\/wp\/v2\/types\/post"}],"author":[{"embeddable":true,"href":"https:\/\/www.europesays.com\/de\/wp-json\/wp\/v2\/users\/2"}],"replies":[{"embeddable":true,"href":"https:\/\/www.europesays.com\/de\/wp-json\/wp\/v2\/comments?post=1250139"}],"version-history":[{"count":0,"href":"https:\/\/www.europesays.com\/de\/wp-json\/wp\/v2\/posts\/1250139\/revisions"}],"wp:featuredmedia":[{"embeddable":true,"href":"https:\/\/www.europesays.com\/de\/wp-json\/wp\/v2\/media\/225859"}],"wp:attachment":[{"href":"https:\/\/www.europesays.com\/de\/wp-json\/wp\/v2\/media?parent=1250139"}],"wp:term":[{"taxonomy":"category","embeddable":true,"href":"https:\/\/www.europesays.com\/de\/wp-json\/wp\/v2\/categories?post=1250139"},{"taxonomy":"post_tag","embeddable":true,"href":"https:\/\/www.europesays.com\/de\/wp-json\/wp\/v2\/tags?post=1250139"}],"curies":[{"name":"wp","href":"https:\/\/api.w.org\/{rel}","templated":true}]}}