{"id":1250384,"date":"2026-08-21T02:40:22","date_gmt":"2026-08-21T02:40:22","guid":{"rendered":"https:\/\/www.europesays.com\/de\/1250384\/"},"modified":"2026-08-21T02:40:22","modified_gmt":"2026-08-21T02:40:22","slug":"ukrainische-soldaten-fliehen-waehrend-ausbildung-in-deutschland","status":"publish","type":"post","link":"https:\/\/www.europesays.com\/de\/1250384\/","title":{"rendered":"Ukrainische Soldaten fliehen w\u00e4hrend Ausbildung in Deutschland"},"content":{"rendered":"<p>Ukrainische Rekruten desertieren in Deutschland <\/p>\n<p>&#8222;Ich will einfach nicht sterben und auch nicht t\u00f6ten&#8220;<\/p>\n<p>21.08.2026 &#8211; 03:48 UhrLesedauer: 3 Min.<\/p>\n<p><a href=\"#focus-0\" class=\"transition-colors block text-current relative\" data-sctrack=\"FocusGalleryImage.Reference\"><img fetchpriority=\"high\" data-testid=\"Opener.Image\"   loading=\"eager\" src=\"https:\/\/www.europesays.com\/de\/wp-content\/uploads\/2026\/08\/a-soldier-from-the-13th-khartiia-brigade-of-ukraine-s-national-guard-loads-a-shell-into-a-mortar-dur.jpeg\" alt=\"imago images 0864483467\" title=\"imago images 0864483467\" width=\"6000\" height=\"3375\" class=\"bg-[url:var(--lqipURL)] bg-cover bg-center flex h-full w-full max-w-full\" style=\"--lqipURL:url('https:\/\/images.t-online.de\/2026\/08\/WtbuVNZTl5Co\/0x313:6000x3375\/fit-in\/150x0\/filters:blur(25)\/a-soldier-from-the-13th-khartiia-brigade-of-ukraine-s-national-guard-loads-a-shell-into-a-mortar-during-a-drill-for-mortar-crews-at-a-training-ground-in-kharkiv-region-ukraine-august-18-2026-despite-the-rapid-development-of-drones-mortars-remain-an-important-tool-of-infantry-support-capable-of-suppressing-enemy-positions-halting-advances-and-disorienting-opposing-forces-photo-by-viacheslav-madiievskyi-ukrinform-mortar-crews-of-ukraine-s-khartiia-brigade-hone-combat-skills-in-kharkiv-region-public.jpg')\" decoding=\"async\"\/><img loading=\"lazy\" src=\"https:\/\/www.t-online.de\/s\/paper\/_next\/static\/media\/zoom-in.f7dae02f.svg\" alt=\"Vergr\u00f6\u00dfern des Bildes\" title=\"Vergr\u00f6\u00dfern des Bildes\" class=\"block h-[calc(var(--height)_\/_16_*_1rem)] w-[calc(var(--width)_\/_16_*_1rem)] max-w-none absolute right-8 bottom-8 rounded-4 bg-snow p-8\" style=\"--width:32;--height:32\" decoding=\"async\"\/><\/a><\/p>\n<p>Ein ukrainischer Soldaten bei der Ausbildung: Es fehlt an Nachschub f\u00fcr die Armee, viele desertieren. (Quelle: IMAGO\/Viacheslav Madiievskyi\/imago)<\/p>\n<p><img loading=\"lazy\" src=\"https:\/\/www.t-online.de\/s\/paper\/_next\/static\/media\/audio-volume.6689034c.svg\" alt=\"\" title=\"\" class=\"block h-[calc(var(--height)_\/_16_*_1rem)] w-[calc(var(--width)_\/_16_*_1rem)] max-w-none group-hover:brightness-0 group-hover:invert\" style=\"--width:16;--height:16\" decoding=\"async\"\/>Vorlesen<\/p>\n<p>Aktuelle Zeit:0:00Gesamtdauer:0:00<\/p>\n<p>1x<img loading=\"lazy\" src=\"https:\/\/www.t-online.de\/s\/paper\/_next\/static\/media\/font-sizes.32942e33.svg\" alt=\"\" title=\"\" class=\"block h-[calc(var(--height)_\/_16_*_1rem)] w-[calc(var(--width)_\/_16_*_1rem)] max-w-none group-hover:hidden group-aria-expanded:hidden\" style=\"--width:16;--height:16\" decoding=\"async\"\/><img loading=\"lazy\" src=\"https:\/\/www.t-online.de\/s\/paper\/_next\/static\/media\/font-sizes-dark-mode.e382645c.svg\" alt=\"\" title=\"\" class=\"block h-[calc(var(--height)_\/_16_*_1rem)] w-[calc(var(--width)_\/_16_*_1rem)] max-w-none hidden group-hover:block group-aria-expanded:block\" style=\"--width:16;--height:16\" decoding=\"async\"\/><img loading=\"lazy\" src=\"https:\/\/www.t-online.de\/s\/paper\/_next\/static\/media\/sharing-menu-icon.1eb71368.svg\" alt=\"\" title=\"\" class=\"block h-[calc(var(--height)_\/_16_*_1rem)] w-[calc(var(--width)_\/_16_*_1rem)] max-w-none group-hover:brightness-0 group-hover:invert\" style=\"--width:16;--height:16\" decoding=\"async\"\/>Artikel teilen<\/p>\n<p class=\"font-bold text-18 leading-17 user-text-lg:text-22 user-text-xl:text-24\">In Deutschland sollen Dutzende ukrainische Soldaten von Truppen\u00fcbungspl\u00e4tzen desertiert sein. Ihre Zukunft ist ungewiss.<\/p>\n<p class=\"text-18 leading-17 user-text-lg:text-22 user-text-xl:text-24\">Ukrainische Soldaten, die zur Ausbildung in Deutschland waren, sind offenbar w\u00e4hrend dieser Zeit desertiert. Bekannt geworden sind jetzt die F\u00e4lle von zehn Personen, die von zwei Milit\u00e4r\u00fcbungspl\u00e4tzen geflohen sind, es d\u00fcrfte aber wesentlich mehr F\u00e4lle geben. Das berichtet die &#8222;Zeit&#8220;, die mit Rekruten gesprochen hat.<\/p>\n<p class=\"text-18 leading-17 user-text-lg:text-22 user-text-xl:text-24\">In Deutschland sind laut dem Bericht bislang 29.000 Ukrainer ausgebildet worden. Es gibt in der <a href=\"https:\/\/www.t-online.de\/themen\/ukraine\/\" class=\"transition-colors cursor-pointer no-underline md:hover:text-magenta md:focus:text-magenta border-b border-solid border-current text-salemsfur md:hover:border-magenta\" data-tracking=\"{&quot;action&quot;:&quot;click&quot;,&quot;category&quot;:&quot;intextLink&quot;,&quot;label&quot;:&quot;\/themen\/ukraine\/&quot;}\" data-sctrack=\"BodyAnchor\" rel=\"nofollow noopener\" target=\"_blank\">Ukraine<\/a> eine <a href=\"https:\/\/www.t-online.de\/themen\/wehrpflicht\/\" class=\"transition-colors cursor-pointer no-underline md:hover:text-magenta md:focus:text-magenta border-b border-solid border-current text-salemsfur md:hover:border-magenta\" data-tracking=\"{&quot;action&quot;:&quot;click&quot;,&quot;category&quot;:&quot;intextLink&quot;,&quot;label&quot;:&quot;\/themen\/wehrpflicht\/&quot;}\" data-sctrack=\"BodyAnchor\" rel=\"nofollow noopener\" target=\"_blank\">Wehrpflicht<\/a>, allerdings auch Ausnahmen. Wer in wichtigen Branchen wie Banken, der \u00f6ffentlichen Verwaltung oder in der IT arbeitet, kann befreit werden. Auch V\u00e4ter von mehr als drei Kindern, Studenten und M\u00e4nner unter 25 Jahren m\u00fcssen nicht zur Armee.<\/p>\n<ul class=\"text-18 leading-17 block pl-24 *:pb-16 *:before:inline-block *:before:size-8 *:before:bg-magenta *:before:mt-0 *:before:mr-12 *:before:mb-2 *:before:-ml-[20px]\">\n<li><strong class=\"font-bold\">Krieg gegen die Ukraine:<\/strong> <a href=\"https:\/\/www.t-online.de\/nachrichten\/ukraine\/id_101391962\/ukraine-krieg-aktuell-klitschko-ordnet-flaggen-auf-halbmast-in-kiew-an.html\" class=\"transition-colors cursor-pointer no-underline md:hover:text-magenta md:focus:text-magenta border-b border-solid border-current text-salemsfur md:hover:border-magenta\" data-tracking=\"{&quot;action&quot;:&quot;click&quot;,&quot;category&quot;:&quot;intextLink&quot;,&quot;label&quot;:&quot;\/nachrichten\/ukraine\/id_101391962\/ukraine-krieg-aktuell-klitschko-ordnet-flaggen-auf-halbmast-in-kiew-an.html&quot;}\" data-sctrack=\"BodyAnchor\" rel=\"nofollow noopener\" target=\"_blank\">Alle aktuellen Meldungen<\/a><\/li>\n<li><strong class=\"font-bold\">Ex-Minister konfrontiert Selenskyj:<\/strong> <a href=\"https:\/\/www.t-online.de\/nachrichten\/ukraine\/id_101374380\/ukraine-selenskyj-steckt-in-der-krise-in-kiew-kommt-es-zum-showdown.html\" class=\"transition-colors cursor-pointer no-underline md:hover:text-magenta md:focus:text-magenta border-b border-solid border-current text-salemsfur md:hover:border-magenta\" data-tracking=\"{&quot;action&quot;:&quot;click&quot;,&quot;category&quot;:&quot;intextLink&quot;,&quot;label&quot;:&quot;\/nachrichten\/ukraine\/id_101374380\/ukraine-selenskyj-steckt-in-der-krise-in-kiew-kommt-es-zum-showdown.html&quot;}\" data-sctrack=\"BodyAnchor\" rel=\"nofollow noopener\" target=\"_blank\">In Kiew kommt es zum Showdown<\/a><\/li>\n<\/ul>\n<p class=\"text-18 leading-17 user-text-lg:text-22 user-text-xl:text-24\">Gleichzeitig fehlt es an Soldaten. Rund zwei Millionen M\u00e4nner sollen sich verstecken, so das ukrainische Verteidigungsministerium. Mindestens 60.000 Soldaten seien desertiert, weitere 250.000 Armeeangeh\u00f6rige sollen sich zumindest zeitweise von ihrem Posten entfernt haben.<\/p>\n<p class=\"text-18 leading-17 user-text-lg:text-22 user-text-xl:text-24\">Auf Anfrage der &#8222;Zeit&#8220; wollte das deutsche Verteidigungsministerium keine Zahl nennen, wie viele Soldaten aus der Ukraine w\u00e4hrend der Ausbildung in Deutschland geflohen sind. Nach Angaben der &#8222;Zeit&#8220; seien aber dem Innenministerium in Sachsen-Anhalt mindestens 80 F\u00e4lle bekannt. Deutschlandweit sollen es mehrere Hundert sein, so die Zeitung.<\/p>\n<p>Manche wollen nur ihre Familie wiedersehen<\/p>\n<p class=\"text-18 leading-17 user-text-lg:text-22 user-text-xl:text-24\">Wie auch <a href=\"https:\/\/www.t-online.de\/themen\/russland\/\" class=\"transition-colors cursor-pointer no-underline md:hover:text-magenta md:focus:text-magenta border-b border-solid border-current text-salemsfur md:hover:border-magenta\" data-tracking=\"{&quot;action&quot;:&quot;click&quot;,&quot;category&quot;:&quot;intextLink&quot;,&quot;label&quot;:&quot;\/themen\/russland\/&quot;}\" data-sctrack=\"BodyAnchor\" rel=\"nofollow noopener\" target=\"_blank\">Russland<\/a> ben\u00f6tigt die Ukraine Nachschub an Personal an der Front. Im ganzen Land wird um Rekruten geworben, viele heuern auch an, weil sie das Geld brauchen. Schickte die Ukraine zun\u00e4chst Soldaten zur Spezialeinheit nach Deutschland, sollen laut &#8222;Zeit&#8220; jetzt auch Neulinge kommen, die hier ihre Grundausbildung absolvieren. Der Zeitung liegen Berichte vor, dass viele der Rekruten mit Zwang zum Milit\u00e4rdienst gedr\u00e4ngt wurden. Der ukrainische Pr\u00e4sident <a href=\"https:\/\/www.t-online.de\/themen\/wolodymyr-selenskyj\/\" class=\"transition-colors cursor-pointer no-underline md:hover:text-magenta md:focus:text-magenta border-b border-solid border-current text-salemsfur md:hover:border-magenta\" data-tracking=\"{&quot;action&quot;:&quot;click&quot;,&quot;category&quot;:&quot;intextLink&quot;,&quot;label&quot;:&quot;\/themen\/wolodymyr-selenskyj\/&quot;}\" data-sctrack=\"BodyAnchor\" rel=\"nofollow noopener\" target=\"_blank\">Wolodymyr Selenskyj<\/a> hatte selbst gefordert, die &#8222;sch\u00e4ndlichen Stra\u00dfenmobilisierungen&#8220; zu beenden.<\/p>\n<p><a href=\"#focus-1\" class=\"transition-colors block text-current relative\" data-sctrack=\"FocusGalleryImage.Reference\"><img   loading=\"lazy\" src=\"https:\/\/www.europesays.com\/de\/wp-content\/uploads\/2026\/08\/unterstuetzung-aus-dem-westen-ukrainische-und-deutsche-soldaten-stehen-bei-der-ausbildung-am-flugabw.jpeg\" alt=\"urn:newsml:dpa.com:20090101:241022-935-299864\" title=\"urn:newsml:dpa.com:20090101:241022-935-299864\" width=\"2048\" height=\"1152\" class=\"h-full w-full max-w-full rounded-8\" decoding=\"async\"\/><img loading=\"lazy\" src=\"https:\/\/www.t-online.de\/s\/paper\/_next\/static\/media\/zoom-in.f7dae02f.svg\" alt=\"Vergr\u00f6\u00dfern des Bildes\" title=\"Vergr\u00f6\u00dfern des Bildes\" class=\"block h-[calc(var(--height)_\/_16_*_1rem)] w-[calc(var(--width)_\/_16_*_1rem)] max-w-none absolute right-8 bottom-8 rounded-4 bg-snow p-8\" style=\"--width:32;--height:32\" decoding=\"async\"\/>Unterst\u00fctzung aus dem Westen: Ukrainische und deutsche Soldaten stehen bei der Ausbildung am Flugabwehrraketensystem &#8222;Patriot&#8220; auf einem Truppen\u00fcbungsplatz. (Quelle: Jens B\u00fcttner\/dpa)<\/a><\/p>\n<p class=\"text-18 leading-17 user-text-lg:text-22 user-text-xl:text-24\">Die M\u00e4nner, mit denen die Reporter sprachen, haben unterschiedliche Gr\u00fcnde f\u00fcr die Flucht aus dem Armeedienst. Ein Mann klagte \u00fcber \u00dcbergriffe von Vorgesetzten. Die ukrainischen Rekruten werden auf den deutschen Truppen\u00fcbungspl\u00e4tzen von Landsm\u00e4nnern \u00fcberwacht, die sie auch zusammen mit deutschen Offizieren ausbilden. Andere wollen ihre Familie wiedersehen, die in der EU lebt. Ein Mann hatte eine Haftstrafe wegen Mordes absolviert und will ein neues Leben anfangen, sagte er der &#8222;Zeit&#8220;. Ein Mann wollte einfach nicht in den Krieg ziehen und nutzte den Aufenthalt in Deutschland zur Flucht. &#8222;Ich will einfach nicht sterben und auch nicht t\u00f6ten. Nicht an der Front und auch sonst nirgendwo. Reicht das aus?&#8220;<\/p>\n","protected":false},"excerpt":{"rendered":"Ukrainische Rekruten desertieren in Deutschland &#8222;Ich will einfach nicht sterben und auch nicht t\u00f6ten&#8220; 21.08.2026 &#8211; 03:48 UhrLesedauer:&hellip;\n","protected":false},"author":2,"featured_media":1250385,"comment_status":"","ping_status":"","sticky":false,"template":"","format":"standard","meta":{"footnotes":"","_share_on_mastodon":"0"},"categories":[4012],"tags":[1217,331,332,2294,29,13,7539,5793,14,15,860,12,121265,317,690,107],"class_list":["post-1250384","post","type-post","status-publish","format-standard","has-post-thumbnail","category-ukraine","tag-1217","tag-aktuelle-nachrichten","tag-aktuelle-news","tag-bank","tag-deutschland","tag-headlines","tag-innenministerium","tag-kiew","tag-nachrichten","tag-news","tag-sachsen-anhalt","tag-schlagzeilen","tag-truppenuebungsplatz","tag-ukraine","tag-wehrpflicht","tag-wolodymyr-selenskyj"],"share_on_mastodon":{"url":"https:\/\/pubeurope.com\/@de\/117131193439200630","error":""},"_links":{"self":[{"href":"https:\/\/www.europesays.com\/de\/wp-json\/wp\/v2\/posts\/1250384","targetHints":{"allow":["GET"]}}],"collection":[{"href":"https:\/\/www.europesays.com\/de\/wp-json\/wp\/v2\/posts"}],"about":[{"href":"https:\/\/www.europesays.com\/de\/wp-json\/wp\/v2\/types\/post"}],"author":[{"embeddable":true,"href":"https:\/\/www.europesays.com\/de\/wp-json\/wp\/v2\/users\/2"}],"replies":[{"embeddable":true,"href":"https:\/\/www.europesays.com\/de\/wp-json\/wp\/v2\/comments?post=1250384"}],"version-history":[{"count":0,"href":"https:\/\/www.europesays.com\/de\/wp-json\/wp\/v2\/posts\/1250384\/revisions"}],"wp:featuredmedia":[{"embeddable":true,"href":"https:\/\/www.europesays.com\/de\/wp-json\/wp\/v2\/media\/1250385"}],"wp:attachment":[{"href":"https:\/\/www.europesays.com\/de\/wp-json\/wp\/v2\/media?parent=1250384"}],"wp:term":[{"taxonomy":"category","embeddable":true,"href":"https:\/\/www.europesays.com\/de\/wp-json\/wp\/v2\/categories?post=1250384"},{"taxonomy":"post_tag","embeddable":true,"href":"https:\/\/www.europesays.com\/de\/wp-json\/wp\/v2\/tags?post=1250384"}],"curies":[{"name":"wp","href":"https:\/\/api.w.org\/{rel}","templated":true}]}}