{"id":1250398,"date":"2026-08-21T02:49:31","date_gmt":"2026-08-21T02:49:31","guid":{"rendered":"https:\/\/www.europesays.com\/de\/1250398\/"},"modified":"2026-08-21T02:49:31","modified_gmt":"2026-08-21T02:49:31","slug":"hitze-verschaerft-ozonbelastung-in-deutschland","status":"publish","type":"post","link":"https:\/\/www.europesays.com\/de\/1250398\/","title":{"rendered":"Hitze versch\u00e4rft Ozonbelastung in Deutschland"},"content":{"rendered":"\n<p>Hitze versch\u00e4rft Ozonbelastung in Deutschland<\/p>\n<dl class=\"article-info muted\">\n<dd class=\"readtime\">  Lesezeit: 4 Minuten <\/dd>\n<dd class=\"create\">   Erstellt: 21. August 2026  <\/dd>\n<\/dl>\n<p>  <img decoding=\"async\" class=\"caption\" title=\"Foto: \u00a9 kk \/ (Archiv) EU-Schwerbehinderung\" src=\"https:\/\/www.europesays.com\/de\/wp-content\/uploads\/2026\/08\/Web-Stadt01.jpg\" alt=\"Bildbeschreibung: Eine Stadt von oben.\"\/>  <\/p>\n<p>Eine Auswertung der Deutschen Umwelthilfe (DUH) auf Grundlage aktueller Messdaten des Umweltbundesamtes (UBA) zeigt eine alarmierende Belastung mit bodennahem Ozon in Deutschland: Bereits Mitte August liegen mindestens 263 von 280 Messstationen und damit 94 Prozent \u00fcber der Ozon-Empfehlung der Weltgesundheitsorganisation (WHO). Besonders belastet sind Schwarzwald-S\u00fcd mit 55 Tagen \u00fcber 120 \u00b5g\/m\u00b3 im h\u00f6chsten 8-Stunden-Mittel, Neuenburg mit 52 sowie Weil am Rhein, Friedrichshafen und Freiburg mit jeweils 51 Tagen.<\/p>\n<p>Die DUH fordert von der Bundesregierung wirksame Ma\u00dfnahmen zur Einhaltung der Emissionsminderungsvorgaben. Diese erfassen neben fl\u00fcchtigen organischen Verbindungen (NMVOC) und Stickoxiden (NOx) auch zentrale Vorl\u00e4ufer von bodennahem Ozon. Konkret braucht es aus Sicht der DUH die konsequente Aufarbeitung von Dieselgate sowie eine verbindliche Fl\u00e4chenbindung in der Tierhaltung, um die Tierzahlen und damit die Methanemissionen als weiteren wichtigen Ozon-Vorl\u00e4ufer zu reduzieren.<\/p>\n<p>J\u00fcrgen Resch, Bundesgesch\u00e4ftsf\u00fchrer der DUH: &#8222;Deutschlandweit stehen 22.000 Todesf\u00e4lle j\u00e4hrlich mit bodennahem Ozon in Verbindung. Im Kartoffel- und Weizenanbau verursacht das Gas Ernteverluste in Millionenh\u00f6he. Die Klimakrise versch\u00e4rft die Belastung weiter: Immer h\u00e4ufigere Hitzeextreme schaffen ideale Bedingungen f\u00fcr die Bildung von Ozon. Die Bundesregierung darf nicht l\u00e4nger wegsehen. Noch immer sind rund acht Millionen Dieselfahrzeuge mit illegalen Abschalteinrichtungen und extrem hohen Stickoxidemissionen auf deutschen Stra\u00dfen unterwegs. Diese dreckigen Fahrzeuge m\u00fcssen endlich nachger\u00fcstet oder stillgelegt werden. Wir werden die Bundesregierung im September h\u00f6chstrichterlich zwingen, ihr Luftreinhalteprogramm endlich mit geeigneten Ma\u00dfnahmen nachzubessern.&#8220;<\/p>\n<p>Im Juli 2024 hat das Oberverwaltungsgericht Berlin-Brandenburg nach einer Klage der DUH best\u00e4tigt: Das Nationale Luftreinhalteprogramm reicht nicht aus, um die europ\u00e4ischen Reduktionsvorgaben f\u00fcr Stickoxide, Feinstaub, Ammoniak und Schwefeldioxid aus der NEC-Richtline sicher einzuhalten. Weil die Bundesregierung sich weigert, das Urteil zu akzeptieren, verhandelt nun im September das Bundesverwaltungsgericht.<\/p>\n<p><b>Hintergrund:<\/b><\/p>\n<p>Bodennahes Ozon entsteht durch die Reaktion von Stickoxiden, fl\u00fcchtigen organischen Verbindungen und Methan unter starker Sonneneinstrahlung und hohen Temperaturen. Rund drei Viertel aller Methan-Emissionen in Deutschland entstehen in der Landwirtschaft, vor allem durch die Verdauung von Rindern sowie durch die Lagerung und Ausbringung von G\u00fclle in der Rinder- und Schweinehaltung. Bei den Stickoxiden z\u00e4hlt der Verkehr zu den Hauptverursachern, insbesondere Dieselfahrzeuge.<\/p>\n<p>Die WHO empfiehlt f\u00fcr Ozon einen Wert von 100 \u00b5g\/m\u00b3 im h\u00f6chsten t\u00e4glichen 8-Stunden-Mittel, der nur an drei bis vier Tagen pro Jahr \u00fcberschritten werden sollte. Die UBA-Auswertung weist \u00dcberschreitungstage erst ab 120 \u00b5g\/m\u00b3 aus. Die tats\u00e4chliche Zahl der Tage oberhalb der WHO-Empfehlung kann damit noch h\u00f6her liegen.<\/p>\n<tr style=\"border-color: #3F3F3F; border-radius: 5px;\">\n<td><strong>Newsletter<\/strong>Post von der Redaktion EU-Schwerbehinderung<a href=\"https:\/\/www.eu-schwerbehinderung.eu\/index.php\/schwerbehinderung\/11-vl-list\" target=\"_blank\" rel=\"noopener nofollow\"><\/a>Kostenlos per E-Mail in Ihrem Posteingang<a id=\"rcorners2\" href=\"https:\/\/www.eu-schwerbehinderung.eu\/index.php\/schwerbehinderung\/11-vl-list\" target=\"_blank\" rel=\"noopener nofollow\">Newsletter bestellen<\/a><\/td>\n<\/tr>\n<p>Quelle:<a style=\"color: #000000;\" href=\"https:\/\/www.presseportal.de\/pm\/22521\/6336853\" target=\"_blank\" rel=\"nofollow noopener noreferrer\"> ots<\/a> &#8211; news aktuell<\/p>\n<p>Autor: Redaktion \u00fcber ots &#8211; news aktuell<\/p>\n<p>       EU-Schwerbehinderung Tag: Hitze, versch\u00e4rft, Ozonbelastung, Deutschland, EUS, EUS-Nachrichten, Nachrichten, News, Behindertenpolitik, Inklusion, Teilhabe, Barrierefreiheit, Pflege, Schwerbehinderung, Behinderung, Gesundheit, Berichte, Informationen, Liveticker, Newsticker, Nachrichten-App, News-App, Medien, Politik, Wirtschaft, Finanzen, Kultur, Literatur   <\/p>\n<p class=\"cookieconsent-optout-marketing-header\">\n<p> EU-Schwerbehinderung Nachrichtenmagazin<\/p>\n<p style=\"line-height: 50%\">EU-Schwerbehinderung ist ein Nachrichtenmagazin und finanziert sich mit Werbung.<\/p>\n<p style=\"line-height: 50%\">Werbung unterst\u00fctzt uns unsere journalistischen Inhalte anzubieten, zu finanzieren und zu verbessern.<\/p>\n<p style=\"line-height: 50%\">Um diesen Artikel lesen zu k\u00f6nnen, m\u00fcssen Sie der Werbung zustimmen.<\/p>\n<p>Details zu Werbe- und Analyse-Trackern sowie zum jederzeit m\u00f6glichen Widerruf finden Sie in unserer <a href=\"http:\/\/datenschutz.eu-schwerbehinderung.eu\" target=\"_blank\" rel=\"noopener noreferrer nofollow\">Datenschutzerkl\u00e4rung<\/a> oder im <a href=\"https:\/\/www.eu-schwerbehinderung.eu\/index.php\/34-master\/5760-cookie-declaration\" target=\"_blank\" rel=\"noopener noreferrer nofollow\">Privacy Center<\/a> am Ende jeder Seite.<\/p>\n<p><a style=\"color: #000000;\" href=\"https:\/\/www.eu-schwerbehinderung.eu\/index.php\/richtlinien\/1318-impressum\" target=\"_blank\" rel=\"nofollow noopener noreferrer\">Impressum &#8211; <\/a> <a style=\"color: #000000;\" href=\"http:\/\/datenschutz.eu-schwerbehinderung.eu\" target=\"_blank\" rel=\"nofollow noopener noreferrer\">Datenschutz &#8211; <\/a> <a style=\"color: #000000;\" href=\"http:\/\/agb.eu-schwerbehinderung.eu\" target=\"_blank\" rel=\"nofollow noopener noreferrer\">Nutzungsbedingungen<\/a><\/p>\n<p>Werbeblocker aktiv !<\/p>\n<p>EU-Schwerbehinderung ist ein Nachrichtenmagazin und finanziert sich mit Werbung.<\/p>\n<p>Um diesen Inhalt lesen zu k\u00f6nnen, schalten sie<\/p>\n<p>bitte den Werbeblocker ab!<\/p>\n<p><strong>HINWEIS: Wird die Seite &#8218;inPrivat&#8216; oder im &#8218;Inkonito&#8216; Modus aufgerufen, kann die Seite bei einigen Browsern nicht angezeigt werden.<\/strong><\/p>\n<p>Wenn sie die Werbung zulassen, unterst\u00fctzen sie uns, auch in Zukunft unser Angebot kostenlos anbieten zu k\u00f6nnen.<\/p>\n<p><a style=\"color: #000000;\" href=\"https:\/\/www.eu-schwerbehinderung.eu\/index.php\/richtlinien\/1318-impressum\" target=\"_blank\" rel=\"nofollow noopener noreferrer\">Impressum<\/a> <a style=\"color: #000000;\" href=\"http:\/\/datenschutz.eu-schwerbehinderung.eu\" target=\"_blank\" rel=\"nofollow noopener noreferrer\">Datenschutz<\/a> <a style=\"color: #000000;\" href=\"http:\/\/agb.eu-schwerbehinderung.eu\" target=\"_blank\" rel=\"nofollow noopener noreferrer\">Nutzungsbedingungen<\/a> <a style=\"color: #000000;\" href=\"https:\/\/www.eu-schwerbehinderung.eu\/index.php\/34-master\/5760-cookie-declaration\" rel=\"nofollow noopener\" target=\"_blank\">Datenschutzeinstellung<\/a><\/p>\n","protected":false},"excerpt":{"rendered":"Hitze versch\u00e4rft Ozonbelastung in Deutschland Lesezeit: 4 Minuten Erstellt: 21. August 2026 Eine Auswertung der Deutschen Umwelthilfe (DUH)&hellip;\n","protected":false},"author":2,"featured_media":1250399,"comment_status":"","ping_status":"","sticky":false,"template":"","format":"standard","meta":{"footnotes":"","_share_on_mastodon":"0"},"categories":[2],"tags":[331,3924,332,3922,2144,22247,2062,573,3364,29,22245,22246,1721,30,141,13,11607,259,1648,80,93,188,62,14,3923,22249,15,3921,22250,1552,113228,9221,16,12,22248,7556,258835,55],"class_list":["post-1250398","post","type-post","status-publish","format-standard","has-post-thumbnail","category-deutschland","tag-aktuelle-nachrichten","tag-aktuelle-nachrichten-aus-deutschland","tag-aktuelle-news","tag-aktuelle-news-aus-deutschland","tag-barrierefreiheit","tag-behindertenpolitik","tag-behinderung","tag-berichte","tag-de","tag-deutschland","tag-eus","tag-eus-nachrichten","tag-finanzen","tag-germany","tag-gesundheit","tag-headlines","tag-hitze","tag-informationen","tag-inklusion","tag-kultur","tag-literatur","tag-liveticker","tag-medien","tag-nachrichten","tag-nachrichten-aus-deutschland","tag-nachrichten-app","tag-news","tag-news-aus-deutschland","tag-news-app","tag-newsticker","tag-ozonbelastung","tag-pflege","tag-politik","tag-schlagzeilen","tag-schwerbehinderung","tag-teilhabe","tag-verschaerft","tag-wirtschaft"],"share_on_mastodon":{"url":"","error":"Validation failed: Text character limit of 500 exceeded"},"_links":{"self":[{"href":"https:\/\/www.europesays.com\/de\/wp-json\/wp\/v2\/posts\/1250398","targetHints":{"allow":["GET"]}}],"collection":[{"href":"https:\/\/www.europesays.com\/de\/wp-json\/wp\/v2\/posts"}],"about":[{"href":"https:\/\/www.europesays.com\/de\/wp-json\/wp\/v2\/types\/post"}],"author":[{"embeddable":true,"href":"https:\/\/www.europesays.com\/de\/wp-json\/wp\/v2\/users\/2"}],"replies":[{"embeddable":true,"href":"https:\/\/www.europesays.com\/de\/wp-json\/wp\/v2\/comments?post=1250398"}],"version-history":[{"count":0,"href":"https:\/\/www.europesays.com\/de\/wp-json\/wp\/v2\/posts\/1250398\/revisions"}],"wp:featuredmedia":[{"embeddable":true,"href":"https:\/\/www.europesays.com\/de\/wp-json\/wp\/v2\/media\/1250399"}],"wp:attachment":[{"href":"https:\/\/www.europesays.com\/de\/wp-json\/wp\/v2\/media?parent=1250398"}],"wp:term":[{"taxonomy":"category","embeddable":true,"href":"https:\/\/www.europesays.com\/de\/wp-json\/wp\/v2\/categories?post=1250398"},{"taxonomy":"post_tag","embeddable":true,"href":"https:\/\/www.europesays.com\/de\/wp-json\/wp\/v2\/tags?post=1250398"}],"curies":[{"name":"wp","href":"https:\/\/api.w.org\/{rel}","templated":true}]}}