{"id":1250476,"date":"2026-08-21T03:47:18","date_gmt":"2026-08-21T03:47:18","guid":{"rendered":"https:\/\/www.europesays.com\/de\/1250476\/"},"modified":"2026-08-21T03:47:18","modified_gmt":"2026-08-21T03:47:18","slug":"einigung-erzielt-fc-bayern-wird-50-millionen-flop-los","status":"publish","type":"post","link":"https:\/\/www.europesays.com\/de\/1250476\/","title":{"rendered":"Einigung erzielt: FC Bayern wird 50-Millionen-Flop los"},"content":{"rendered":"<p>Palhinha vor Bayern-Abgang: M\u00fcnchner mit Benfica einig<\/p>\n<p>Der<a href=\"https:\/\/www.fussballdaten.de\/vereine\/fc-bayern-muenchen\/\" rel=\"nofollow noopener\" target=\"_blank\"> FC Bayern<\/a> wird <a href=\"https:\/\/www.fussballdaten.de\/person\/joao-palhinha\/\" target=\"_blank\" rel=\"nofollow noopener\">Jo\u00e3o Palhinha<\/a> noch in diesem Sommer los. Wie zuerst der portugiesische Nachrichtensender &#8222;SIC Not\u00edcias&#8220; und sp\u00e4ter &#8222;Sky&#8220; vermeldeten, haben sich die M\u00fcnchner mit <a href=\"https:\/\/www.fussballdaten.de\/vereine\/benfica-lissabon\/\" title=\"Profil von Benfica Lissabon\" rel=\"nofollow noopener\" target=\"_blank\">Benfica Lissabon<\/a> auf einen Wechsel des Mittelfeldspielers verst\u00e4ndigt. Laut &#8222;Sky&#8220; flie\u00dfen f\u00fcr den Transfer bis zu 20 Millionen Euro Abl\u00f6se. Das finale Gesamtpaket soll sich inklusive Bonuszahlungen realistisch zwischen 18 und 19 Millionen Euro einpendeln.<\/p>\n<p class=\"mb20 mt30\">Die Bayern w\u00fcrden damit ein stattes Transferminus verzeichnen. Palhinha war im Sommer 2024 f\u00fcr stolze 51 Millionen Euro vom <a href=\"https:\/\/www.fussballdaten.de\/vereine\/fc-fulham\/\" title=\"Profil von FC Fulham\" rel=\"nofollow noopener\" target=\"_blank\">FC Fulham<\/a> an die S\u00e4bener Stra\u00dfe gewechselt. Der 37-fache portugiesische Nationalspieler konnte sich beim Rekordmeister jedoch nie durchsetzen. F\u00fcr die Bayern kam er nur auf 25 Pflichtspieleins\u00e4tze. In der vergangenen Saison zeigte er w\u00e4hrend einer Leihe zu <a href=\"https:\/\/www.fussballdaten.de\/vereine\/tottenham-hotspur\/\" title=\"Profil von Tottenham Hotspur\" rel=\"nofollow noopener\" target=\"_blank\">Tottenham Hotspur<\/a> zwar gute Leistungen, doch eine Festverpflichtung war f\u00fcr den Premier-League-Klub keine Option.<\/p>\n<p>Palhinha geht als Erster von drei Verkaufskandidaten<\/p>\n<p class=\"mb20 mt30\">Dennoch wurde in den letzten Wochen viel \u00fcber eine R\u00fcckkehr nach England spekuliert. <a href=\"https:\/\/www.fussballdaten.de\/vereine\/newcastle-united\/\" title=\"Profil von Newcastle United\" rel=\"nofollow noopener\" target=\"_blank\">Newcastle United<\/a> und <a href=\"https:\/\/www.fussballdaten.de\/vereine\/aston-villa\/\" title=\"Profil von Aston Villa\" rel=\"nofollow noopener\" target=\"_blank\">Aston Villa<\/a> haben sich mit Palhinha besch\u00e4ftigt. Beide Vereine wollten den 31-J\u00e4hrigen aber lediglich ausleihen. Das kam f\u00fcr den FC Bayern jedoch nicht infrage, der den einst teuer geholten Sechser unbedingt fest abgeben will. Benfica Lissabon scheint diesem Wunsch nun entsprochen zu haben und holt Palhinha zur\u00fcck in seine Heimat.<\/p>\n<p class=\"mb20 mt30\">Eine offizielle Best\u00e4tigung des Transfers wird zeitnah erwartet. Obwohl sich Palhinha seit seiner R\u00fcckkehr nach M\u00fcnchen professionell verhalten hat, wurde ihm stets klar gemacht, dass er keine Rolle spielt. Dies hatte auch Sportvorstand Max Eberl bereits vor einiger Zeit best\u00e4tigt. Palhinha w\u00e4re der erste verkaufte Spieler eines Trios, von dem sich die M\u00fcnchner in diesem Sommer noch trennen m\u00f6chten. Auch <a href=\"https:\/\/www.fussballdaten.de\/person\/sacha-boey\/\" title=\"Profil von Sacha Boey\" rel=\"nofollow noopener\" target=\"_blank\">Sacha Boey<\/a> und <a href=\"https:\/\/www.fussballdaten.de\/person\/bryan-zaragoza\/\" title=\"Profil von Bryan Zaragoza\" rel=\"nofollow noopener\" target=\"_blank\">Bryan Zaragoza<\/a> sollen den Verein verlassen. Beide haben an der S\u00e4bener Stra\u00dfe keine Zukunft und wurden auf der Vereinswebseite sogar aus dem Kader gestrichen.<\/p>\n","protected":false},"excerpt":{"rendered":"Palhinha vor Bayern-Abgang: M\u00fcnchner mit Benfica einig Der FC Bayern wird Jo\u00e3o Palhinha noch in diesem Sommer los.&hellip;\n","protected":false},"author":2,"featured_media":1250477,"comment_status":"","ping_status":"","sticky":false,"template":"","format":"standard","meta":{"footnotes":"","_share_on_mastodon":"0"},"categories":[136],"tags":[5082,62750,29,458,30,258840,32368,265],"class_list":["post-1250476","post","type-post","status-publish","format-standard","has-post-thumbnail","category-sport","tag-benfica-lissabon","tag-bryan-zaragoza","tag-deutschland","tag-fc-bayern-muenchen","tag-germany","tag-joao-palhinha-joao-maria-lobo-alves-palhinha-goncalves","tag-sacha-boey","tag-sport"],"share_on_mastodon":{"url":"https:\/\/pubeurope.com\/@de\/117131453744213602","error":""},"_links":{"self":[{"href":"https:\/\/www.europesays.com\/de\/wp-json\/wp\/v2\/posts\/1250476","targetHints":{"allow":["GET"]}}],"collection":[{"href":"https:\/\/www.europesays.com\/de\/wp-json\/wp\/v2\/posts"}],"about":[{"href":"https:\/\/www.europesays.com\/de\/wp-json\/wp\/v2\/types\/post"}],"author":[{"embeddable":true,"href":"https:\/\/www.europesays.com\/de\/wp-json\/wp\/v2\/users\/2"}],"replies":[{"embeddable":true,"href":"https:\/\/www.europesays.com\/de\/wp-json\/wp\/v2\/comments?post=1250476"}],"version-history":[{"count":0,"href":"https:\/\/www.europesays.com\/de\/wp-json\/wp\/v2\/posts\/1250476\/revisions"}],"wp:featuredmedia":[{"embeddable":true,"href":"https:\/\/www.europesays.com\/de\/wp-json\/wp\/v2\/media\/1250477"}],"wp:attachment":[{"href":"https:\/\/www.europesays.com\/de\/wp-json\/wp\/v2\/media?parent=1250476"}],"wp:term":[{"taxonomy":"category","embeddable":true,"href":"https:\/\/www.europesays.com\/de\/wp-json\/wp\/v2\/categories?post=1250476"},{"taxonomy":"post_tag","embeddable":true,"href":"https:\/\/www.europesays.com\/de\/wp-json\/wp\/v2\/tags?post=1250476"}],"curies":[{"name":"wp","href":"https:\/\/api.w.org\/{rel}","templated":true}]}}