{"id":1250499,"date":"2026-08-21T04:00:21","date_gmt":"2026-08-21T04:00:21","guid":{"rendered":"https:\/\/www.europesays.com\/de\/1250499\/"},"modified":"2026-08-21T04:00:21","modified_gmt":"2026-08-21T04:00:21","slug":"abwasser-in-moenchengladbach-neues-nachklaerbecken-in-neuwerk","status":"publish","type":"post","link":"https:\/\/www.europesays.com\/de\/1250499\/","title":{"rendered":"Abwasser in M\u00f6nchengladbach: Neues Nachkl\u00e4rbecken in Neuwerk"},"content":{"rendered":"<p class=\"text_ohne_einzug richtext text-em-55 !leading-serif mx-6 desktop:mx-0\"> Seit einigen Jahren wird die Kl\u00e4ranlage Neuwerk des Niersverbandes ausgebaut. Diese reinigt das Abwasser von bis zu 635.000 Einwohnerinnen und Einwohnern sowie angeschlossenen Gewerbebetrieben, unter anderem in <a href=\"https:\/\/rp-online.de\/thema\/moenchengladbach\/\" rel=\"nofollow noopener\" target=\"_blank\">M\u00f6nchengladbach<\/a>. Etwa zwei Jahre lang hat der Verband das Nachkl\u00e4rbecken 8 gebaut. Ende Juli wurde es nun in Betrieb genommen, hei\u00dft es.<\/p>\n<p class=\"richtext text-em-55 !leading-serif mx-6 desktop:mx-0\">Das Nachkl\u00e4rbecken ist Teil eines stufenweisen Modernisierungskonzeptes der Kl\u00e4ranlage in Neuwerk. Laut Angaben des Verbands ist es mit einem Durchmesser von 59 Metern und einem Fassungsverm\u00f6gen von 10.000 Kubikmeter das gr\u00f6\u00dfte und leistungsst\u00e4rkste, das er bislang errichtet hat. Seit Ende Juli wird dar\u00fcber das biologisch gereinigte Abwasser vom sogenannten Belebtschlamm getrennt, also von Bakterien und Einzellern, und anschlie\u00dfend ins Gew\u00e4sser geleitet. \u201eDieser Verfahrensschritt ist entscheidend f\u00fcr den Schutz von Fl\u00fcssen und B\u00e4chen und f\u00fcr die zuverl\u00e4ssige Einhaltung hoher Anforderungen an die Wasserqualit\u00e4t\u201c, hei\u00dft es.<\/p>\n<p>Verfahren und Kosten des Nachkl\u00e4rbeckens in Neuwerk      <\/p>\n<p class=\"richtext text-em-55 !leading-serif mx-6 desktop:mx-0\">Um die Baugrube f\u00fcr das Nachkl\u00e4rbecken herzustellen, setzte der Verband nicht auf ein herk\u00f6mmliches Verfahren, sondern auf das sogenannte \u201eCutter-Soil-Mixing\u201c. Dabei wird der Boden mit einer Spezialfr\u00e4se aufgelockert und gleichzeitig mit einem zement\u00e4hnlichen Material vermischt. So entstehen dem Verband zufolge stabile Baugrubenw\u00e4nde. Das Verfahren soll sowohl Ressourcen als auch Bauzeit reduzieren.<\/p>\n<p class=\"richtext text-em-55 !leading-serif mx-6 desktop:mx-0\">Weil noch \u201ewesentliche Arbeiten\u201c an dem Becken stattfinden w\u00fcrden, k\u00f6nne noch nicht genau gesagt werden, wie viel es gekostet hat, sagt eine Sprecherin des Niersverbandes auf Anfrage der Redaktion. Es handle sich jedoch um einen \u201eniedrigen zweistelligen Millionenbereich\u201c. Insgesamt soll der Umbau der Kl\u00e4ranlage Neuwerk etwa 125 Millionen Euro kosten, <a href=\"https:\/\/rp-online.de\/nrw\/staedte\/moenchengladbach\/moenchengladbach-wie-die-klaeranlage-neuwerk-vom-niersverband-umgebaut-wird_aid-109099871\" rel=\"nofollow noopener\" target=\"_blank\">schrieb unsere Redaktion<\/a> vor zwei Jahren. Wie der Verband nun mitteilt, sollen in einem n\u00e4chsten Schritt die bestehenden Nachkl\u00e4rbecken 7 und 6 umfassend saniert, optimiert und technisch modernisiert werden. So soll die Leistungsf\u00e4higkeit der gesamten Nachkl\u00e4rung Schritt f\u00fcr Schritt verbessert werden.<\/p>\n","protected":false},"excerpt":{"rendered":"Seit einigen Jahren wird die Kl\u00e4ranlage Neuwerk des Niersverbandes ausgebaut. Diese reinigt das Abwasser von bis zu 635.000&hellip;\n","protected":false},"author":2,"featured_media":1250500,"comment_status":"","ping_status":"","sticky":false,"template":"","format":"standard","meta":{"footnotes":"","_share_on_mastodon":"0"},"categories":[1849],"tags":[3364,29,548,663,3934,30,13,4455,258844,14,15,10980,1209,12],"class_list":["post-1250499","post","type-post","status-publish","format-standard","has-post-thumbnail","category-moenchengladbach","tag-de","tag-deutschland","tag-eu","tag-europa","tag-europe","tag-germany","tag-headlines","tag-moenchengladbach","tag-nachklaerbecken","tag-nachrichten","tag-news","tag-ngo","tag-nordrhein-westfalen","tag-schlagzeilen"],"share_on_mastodon":{"url":"https:\/\/pubeurope.com\/@de\/117131504892231013","error":""},"_links":{"self":[{"href":"https:\/\/www.europesays.com\/de\/wp-json\/wp\/v2\/posts\/1250499","targetHints":{"allow":["GET"]}}],"collection":[{"href":"https:\/\/www.europesays.com\/de\/wp-json\/wp\/v2\/posts"}],"about":[{"href":"https:\/\/www.europesays.com\/de\/wp-json\/wp\/v2\/types\/post"}],"author":[{"embeddable":true,"href":"https:\/\/www.europesays.com\/de\/wp-json\/wp\/v2\/users\/2"}],"replies":[{"embeddable":true,"href":"https:\/\/www.europesays.com\/de\/wp-json\/wp\/v2\/comments?post=1250499"}],"version-history":[{"count":0,"href":"https:\/\/www.europesays.com\/de\/wp-json\/wp\/v2\/posts\/1250499\/revisions"}],"wp:featuredmedia":[{"embeddable":true,"href":"https:\/\/www.europesays.com\/de\/wp-json\/wp\/v2\/media\/1250500"}],"wp:attachment":[{"href":"https:\/\/www.europesays.com\/de\/wp-json\/wp\/v2\/media?parent=1250499"}],"wp:term":[{"taxonomy":"category","embeddable":true,"href":"https:\/\/www.europesays.com\/de\/wp-json\/wp\/v2\/categories?post=1250499"},{"taxonomy":"post_tag","embeddable":true,"href":"https:\/\/www.europesays.com\/de\/wp-json\/wp\/v2\/tags?post=1250499"}],"curies":[{"name":"wp","href":"https:\/\/api.w.org\/{rel}","templated":true}]}}