{"id":1250775,"date":"2026-08-21T06:58:21","date_gmt":"2026-08-21T06:58:21","guid":{"rendered":"https:\/\/www.europesays.com\/de\/1250775\/"},"modified":"2026-08-21T06:58:21","modified_gmt":"2026-08-21T06:58:21","slug":"habe-gehoert-ihr-habt-mich-vermisst-melania-trump-scherzt-ueber-abwesenheit","status":"publish","type":"post","link":"https:\/\/www.europesays.com\/de\/1250775\/","title":{"rendered":"&#8222;Habe geh\u00f6rt, Ihr habt mich vermisst&#8220;: Melania Trump scherzt \u00fcber Abwesenheit"},"content":{"rendered":"<p>\nFirst Lady\n<\/p>\n<p>Aktualisiert am 21.08.2026, 06:46 Uhr\n<\/p>\n<p><a href=\"https:\/\/i0.web.de\/image\/194\/42636194,pd=1.jpg\" data-brain-zone=\".42636176.content.lead.1\" data-component-path=\"content.lead.1\" data-component-name=\"article-image\" rel=\"nofollow noopener\" target=\"_blank\"> <\/p>\n<p><img loading=\"lazy\" decoding=\"async\" src=\"https:\/\/www.europesays.com\/de\/wp-content\/uploads\/2026\/08\/42636194,pd=1,f=responsive169-w950.jpg\" alt=\"\" width=\"950\" height=\"534\"\/><\/p>\n<p><\/a> <\/p>\n<p>\nMelania Trump spricht im Rosengarten des Wei\u00dfen Haus.<br \/>\n\u00a9\u00a0IMAGO\/ZUMA Press\/IMAGO\/Andrew Leyden\n<\/p>\n<p class=\"content__description\" data-speakable=\"\">Rund einen Monat lang zeigte sich die First Lady Melania Trump nicht \u00f6ffentlich. Bei einer Veranstaltung im Wei\u00dfen Haus l\u00e4sst sie die Hintergr\u00fcnde zu ihrer Abwesenheit unklar, zeigt sich aber demonstrativ an der Seite ihres Manns.<\/p>\n<p data-speakable=\"\">Nach Spekulationen \u00fcber ihre l\u00e4ngere Abwesenheit hat sich US-Pr\u00e4sidentengattin <a data-component-name=\"link.semantic\" data-brain-zone=\".42636176.content.textlink_1\" data-component-path=\"content.textlink_1\" href=\"https:\/\/web.de\/magazine\/politik\/thema\/melania-trump\" rel=\"nofollow noopener\" target=\"_blank\">Melania Trump<\/a> am Donnerstag wieder in der \u00d6ffentlichkeit gezeigt: &#8222;Ich habe geh\u00f6rt, Ihr habt mich vermisst&#8220;, scherzte die 56-J\u00e4hrige bei einer Veranstaltung im Rosengarten des Wei\u00dfen Hauses in Washington. &#8222;Hier bin ich.&#8220;<\/p>\n<p data-speakable=\"\">Die Pr\u00e4sidentengattin war zuvor seit dem WM-Finale am 19. Juli nicht mehr in der \u00d6ffentlichkeit gesehen worden. Bei ihrem ersten Auftritt seit einem Monat lief sie mit ihrem Mann <a data-component-name=\"link.semantic\" data-brain-zone=\".42636176.content.textlink_2\" data-component-path=\"content.textlink_2\" href=\"https:\/\/web.de\/magazine\/politik\/thema\/donald-trump\" rel=\"nofollow noopener\" target=\"_blank\">Donald Trump<\/a> demonstrativ h\u00e4ndehaltend zum Podium. <\/p>\n<p data-speakable=\"\">Der Pr\u00e4sident sa\u00df danach bei ihrer Rede im Publikum. Bei der Veranstaltung ging es unter anderem um Bildungsstipendien und um ein geplantes Autorennen durch Washington.<\/p>\n<p>Grund f\u00fcr Melania Trumps Abwesenheit weiter unklar<\/p>\n<p data-speakable=\"\">Der Auftritt von Melania Trump erfolgte inmitten von Spekulationen \u00fcber ihre lange Abwesenheit \u2013 und \u00fcber eine enge pers\u00f6nliche Assistentin des Pr\u00e4sidenten, Natalie Harp. <\/p>\n<p><strong>Empfehlungen der Redaktion<\/strong><\/p>\n<p data-speakable=\"\">Die 35-J\u00e4hrige Harp war zuletzt fast st\u00e4ndig an der Seite von Donald Trump zu sehen. Sie geh\u00f6rte auch zu den wenigen Menschen, die mit dem US-Pr\u00e4sidenten <a data-brain-zone=\".42636176.content.textlink_3\" data-component-path=\"content.textlink_3\" data-component-name=\"link.editorial\" href=\"https:\/\/web.de\/magazine\/politik\/videos\/us-politik\/trump-heimlich-catering-wagen-jet-geschleust-42599530\" rel=\"nofollow noopener\" target=\"_blank\">heimlich das Flugzeug wechselten<\/a>, kurz bevor die Pr\u00e4sidentenmaschine Air Force One im Juli vom Nato-Gipfel in Ankara zur\u00fcckfliegen sollte. <\/p>\n<p data-speakable=\"\">Bei der Veranstaltung im Rosengarten des Wei\u00dfen Hauses am Donnerstag war Harp offenbar nicht anwesend. (afp\/bearbeitet von thp)<\/p>\n","protected":false},"excerpt":{"rendered":"First Lady Aktualisiert am 21.08.2026, 06:46 Uhr Melania Trump spricht im Rosengarten des Wei\u00dfen Haus. \u00a9\u00a0IMAGO\/ZUMA Press\/IMAGO\/Andrew Leyden&hellip;\n","protected":false},"author":2,"featured_media":1250776,"comment_status":"","ping_status":"","sticky":false,"template":"","format":"standard","meta":{"footnotes":"","_share_on_mastodon":"0"},"categories":[3],"tags":[81041,106,13,43593,14,258899,15,7091,12,10,8,9,11,103,104],"class_list":["post-1250775","post","type-post","status-publish","format-standard","has-post-thumbnail","category-welt","tag-abwesenheit","tag-donald-trump","tag-headlines","tag-melania-trump","tag-nachrichten","tag-natalie-harp","tag-news","tag-rosengarten","tag-schlagzeilen","tag-top-news","tag-top-meldungen","tag-topmeldungen","tag-topnews","tag-welt","tag-world"],"share_on_mastodon":{"url":"","error":""},"_links":{"self":[{"href":"https:\/\/www.europesays.com\/de\/wp-json\/wp\/v2\/posts\/1250775","targetHints":{"allow":["GET"]}}],"collection":[{"href":"https:\/\/www.europesays.com\/de\/wp-json\/wp\/v2\/posts"}],"about":[{"href":"https:\/\/www.europesays.com\/de\/wp-json\/wp\/v2\/types\/post"}],"author":[{"embeddable":true,"href":"https:\/\/www.europesays.com\/de\/wp-json\/wp\/v2\/users\/2"}],"replies":[{"embeddable":true,"href":"https:\/\/www.europesays.com\/de\/wp-json\/wp\/v2\/comments?post=1250775"}],"version-history":[{"count":0,"href":"https:\/\/www.europesays.com\/de\/wp-json\/wp\/v2\/posts\/1250775\/revisions"}],"wp:featuredmedia":[{"embeddable":true,"href":"https:\/\/www.europesays.com\/de\/wp-json\/wp\/v2\/media\/1250776"}],"wp:attachment":[{"href":"https:\/\/www.europesays.com\/de\/wp-json\/wp\/v2\/media?parent=1250775"}],"wp:term":[{"taxonomy":"category","embeddable":true,"href":"https:\/\/www.europesays.com\/de\/wp-json\/wp\/v2\/categories?post=1250775"},{"taxonomy":"post_tag","embeddable":true,"href":"https:\/\/www.europesays.com\/de\/wp-json\/wp\/v2\/tags?post=1250775"}],"curies":[{"name":"wp","href":"https:\/\/api.w.org\/{rel}","templated":true}]}}