{"id":1250779,"date":"2026-08-21T07:02:15","date_gmt":"2026-08-21T07:02:15","guid":{"rendered":"https:\/\/www.europesays.com\/de\/1250779\/"},"modified":"2026-08-21T07:02:15","modified_gmt":"2026-08-21T07:02:15","slug":"anschlag-1970-legte-doch-ein-rechtsextremist-das-todesfeuer-in-muenchens-juedischem-altersheim-kein-linker","status":"publish","type":"post","link":"https:\/\/www.europesays.com\/de\/1250779\/","title":{"rendered":"Anschlag 1970: Legte doch ein Rechtsextremist das Todesfeuer in M\u00fcnchens j\u00fcdischem Altersheim \u2013 kein Linker?"},"content":{"rendered":"<p>Bei der Brandstiftung im Altenheim der Israelitischen Kultusgemeinde M\u00fcnchen am 13. Februar 1970 starben sieben Menschen, darunter zwei KZ\u2011\u00dcberlebende. Jetzt hat die Generalstaatsanwaltschaft das Ergebnis neuer Ermittlungen bekannt gegeben.<\/p>\n<p class=\"is-first-paragraph\" data-external=\"Article.FirstParagraph\">Die Tatwaffe war ein Kanister, aus wei\u00dfem Aluminium mit dem blauen Markennamen \u201e<a class=\"is-link c-block-items__link is-external c-link--rich-text-renderer\" href=\"https:\/\/www.aral.de\/\" target=\"_blank\" title=\"Link wird in einem neuen Tab ge\u00f6ffnet\" rel=\"nofollow noopener\" data-internal-tracking-enabled=\"true\" data-internal-tracking=\"{&quot;action&quot;:&quot;click&quot;,&quot;label&quot;:&quot;link&quot;,&quot;name&quot;:&quot;Inline Element&quot;,&quot;data&quot;:{&quot;source&quot;:&quot;&quot;,&quot;target&quot;:&quot;https:\/\/www.aral.de\/&quot;,&quot;trackingName&quot;:&quot;&quot;,&quot;trackingLabel&quot;:&quot;&quot;}}\">Aral<\/a>\u201c, eingewickelt in braunes Packpapier. Gef\u00fcllt war er mit bis zu 20 Litern Benzin und \u00d6l \u2013\u00a0offenbar handels\u00fcbliches Zweitaktergemisch. Am 13. Februar 1970 abends, bald nach 20\u00a0Uhr, benutzten ein oder mehrere Unbekannte diesen Kanister, um im gesamten Treppenhaus des Hauses <a class=\"is-link c-block-items__link is-external c-link--rich-text-renderer\" href=\"https:\/\/www.juedische-allgemeine.de\/unsere-woche\/ein-anruf-an-schabbat\/\" target=\"_blank\" title=\"Link wird in einem neuen Tab ge\u00f6ffnet\" rel=\"nofollow noopener\" data-internal-tracking-enabled=\"true\" data-internal-tracking=\"{&quot;action&quot;:&quot;click&quot;,&quot;label&quot;:&quot;link&quot;,&quot;name&quot;:&quot;Inline Element&quot;,&quot;data&quot;:{&quot;source&quot;:&quot;&quot;,&quot;target&quot;:&quot;https:\/\/www.juedische-allgemeine.de\/unsere-woche\/ein-anruf-an-schabbat\/&quot;,&quot;trackingName&quot;:&quot;&quot;,&quot;trackingLabel&quot;:&quot;&quot;}}\">Reichenbachstra\u00dfe 27 in M\u00fcnchen<\/a> Feuer zu legen.<\/p>\n<p>\u201eDer oder die T\u00e4ter sch\u00fctten das Benzin aus und entz\u00fcnden es\u201c, berichtete WELT seinerzeit: \u201eDas Feuer verbreitet sich rasch, denn es findet reichlich Nahrung in der h\u00f6lzernen Treppenverkleidung. Das Treppenhaus wirkt zudem wie ein Kamin, der die Flammen sogartig nach oben zieht.\u201c<\/p>\n<p>Die Folgen waren katastrophal: Sieben Menschen starben, durchweg Zeitgenossen des nationalsozialistischen Rassenwahns, darunter zwei M\u00e4nner, die Konzentrationslager \u00fcberlebt hatten. 15 weitere Bewohner des Hauses wurden teilweise lebensgef\u00e4hrlich verletzt. Es war der schlimmste antisemitische Anschlag in Deutschland seit 1945.<\/p>\n<p>Mehr als 56 Jahre nach der Tat ver\u00f6ffentlichte jetzt die Generalstaatsanwaltschaft M\u00fcnchen eine neue Einsch\u00e4tzung zu den mutma\u00dflichen Hintergr\u00fcnden der m\u00f6rderischen Brandstiftung. Im Zuge \u201ewiederaufgenommener\u201c <a class=\"is-link c-block-items__link c-link--rich-text-renderer\" href=\"https:\/\/www.welt.de\/politik\/deutschland\/article68c8a09bbc538c447095dd88\/festakt-in-synagoge-das-haette-einfach-nicht-passieren-duerfen-was-hinter-den-traenen-von-friedrich-merz-steckt.html\" data-internal-tracking-enabled=\"true\" data-internal-tracking=\"{&quot;action&quot;:&quot;click&quot;,&quot;label&quot;:&quot;link&quot;,&quot;name&quot;:&quot;Inline Element&quot;,&quot;data&quot;:{&quot;source&quot;:&quot;&quot;,&quot;target&quot;:&quot;https:\/\/www.welt.de\/politik\/deutschland\/article68c8a09bbc538c447095dd88\/festakt-in-synagoge-das-haette-einfach-nicht-passieren-duerfen-was-hinter-den-traenen-von-friedrich-merz-steckt.html&quot;,&quot;trackingName&quot;:&quot;&quot;,&quot;trackingLabel&quot;:&quot;&quot;}}\" rel=\"nofollow noopener\" target=\"_blank\">Ermittlungen<\/a> habe sich  der \u201eTatverdacht gegen einen bereits im Jahr 2020 verstorbenen deutschen Staatsangeh\u00f6rigen\u201c, so die Ankl\u00e4ger, \u201eerh\u00e4rtet\u201c.<\/p>\n<p>Im April 2025 hatte die M\u00fcnchner Anklagebeh\u00f6rde \u201eaufgrund eines neuen Hinweises aus der Bev\u00f6lkerung\u201c das Verfahren wieder aufgenommen, nachdem zuletzt der f\u00fcr Terrorismus und staatsgef\u00e4hrdende Straftaten zust\u00e4ndige Generalbundesanwalt es 2017 eingestellt hatte.<\/p>\n<p>Nach Mitteilung der <a class=\"is-link c-block-items__link is-external c-link--rich-text-renderer\" href=\"https:\/\/www.justiz.bayern.de\/gerichte-und-behoerden\/generalstaatsanwaltschaft\/muenchen\/index.php\" target=\"_blank\" title=\"Link wird in einem neuen Tab ge\u00f6ffnet\" rel=\"nofollow noopener\" data-internal-tracking-enabled=\"true\" data-internal-tracking=\"{&quot;action&quot;:&quot;click&quot;,&quot;label&quot;:&quot;link&quot;,&quot;name&quot;:&quot;Inline Element&quot;,&quot;data&quot;:{&quot;source&quot;:&quot;&quot;,&quot;target&quot;:&quot;https:\/\/www.justiz.bayern.de\/gerichte-und-behoerden\/generalstaatsanwaltschaft\/muenchen\/index.php&quot;,&quot;trackingName&quot;:&quot;&quot;,&quot;trackingLabel&quot;:&quot;&quot;}}\">bayerischen Strafverfolger<\/a> habe eine Zeugin \u201eglaubhafte Angaben\u201c zum Tatverd\u00e4chtigen gemacht. Diese Person habe demnach in den 1970er-Jahren mit einem ihrer nahen Verwandten in engem Kontakt gestanden. \u201eKurz nach dem Tod dieses Verwandten offenbarte die Mitteilerin ihre diesbez\u00fcglichen Erkenntnisse.\u201c<\/p>\n<p>Es handelte sich also um reines H\u00f6rensagen, das normalerweise f\u00fcr neue Untersuchungen nicht hinreichend ist, zumal der m\u00f6gliche Tatverd\u00e4chtige ja nicht mehr lebt und daher nicht bestraft werden kann; gew\u00f6hnlich f\u00fcr jede Staatsanwaltschaft der Grund, kein neues Verfahren zu er\u00f6ffnen.<\/p>\n<p>Trotzdem wurde seit 2025 im Fall Reichenbachstra\u00dfe neu ermittelt \u2013 vermutlich zumindest auch, weil linke Medien wie die \u201e<a class=\"is-link c-block-items__link is-external c-link--rich-text-renderer\" href=\"https:\/\/www.sueddeutsche.de\/muenchen\/muenchen-brandanschlag-juedisches-altenheim-aufklaerung-li.3378162\" target=\"_blank\" title=\"Link wird in einem neuen Tab ge\u00f6ffnet\" rel=\"nofollow noopener\" data-internal-tracking-enabled=\"true\" data-internal-tracking=\"{&quot;action&quot;:&quot;click&quot;,&quot;label&quot;:&quot;link&quot;,&quot;name&quot;:&quot;Inline Element&quot;,&quot;data&quot;:{&quot;source&quot;:&quot;&quot;,&quot;target&quot;:&quot;https:\/\/www.sueddeutsche.de\/muenchen\/muenchen-brandanschlag-juedisches-altenheim-aufklaerung-li.3378162&quot;,&quot;trackingName&quot;:&quot;&quot;,&quot;trackingLabel&quot;:&quot;&quot;}}\">S\u00fcddeutsche Zeitung<\/a>\u201c die seit einer <a class=\"is-link c-block-items__link is-external c-link--rich-text-renderer\" href=\"https:\/\/www.rowohlt.de\/buch\/wolfgang-kraushaar-wann-endlich-beginnt-bei-euch-der-kampf-gegen-die-heilige-kuh-israel-9783644029316?srsltid=AfmBOopHaeeDlfplxvpDRtzSNr1nDxh1weU737hxWLdHl9JajL4wvrBk\" target=\"_blank\" title=\"Link wird in einem neuen Tab ge\u00f6ffnet\" rel=\"nofollow noopener\" data-internal-tracking-enabled=\"true\" data-internal-tracking=\"{&quot;action&quot;:&quot;click&quot;,&quot;label&quot;:&quot;link&quot;,&quot;name&quot;:&quot;Inline Element&quot;,&quot;data&quot;:{&quot;source&quot;:&quot;&quot;,&quot;target&quot;:&quot;https:\/\/www.rowohlt.de\/buch\/wolfgang-kraushaar-wann-endlich-beginnt-bei-euch-der-kampf-gegen-die-heilige-kuh-israel-9783644029316?srsltid=AfmBOopHaeeDlfplxvpDRtzSNr1nDxh1weU737hxWLdHl9JajL4wvrBk&quot;,&quot;trackingName&quot;:&quot;&quot;,&quot;trackingLabel&quot;:&quot;&quot;}}\">2013 erschienenen volumin\u00f6sen Studie des Hamburger Linksterrorismus-Experten Wolfgang Kraushaar<\/a> vorherrschende Meinung infrage gestellt hatten, der zufolge Linksextremisten die wahrscheinlichsten T\u00e4ter sein k\u00f6nnten. Namentlich die \u201eTupamaros M\u00fcnchen\u201c, ein Ableger der \u201eTupamaros West-Berlin\u201c, die 1969 einen misslungenen Bombenanschlag auf das J\u00fcdische Gemeindehaus Berlin ver\u00fcbt hatten. <\/p>\n<p>Also werteten die Generalstaatsanwaltschaft und der polizeiliche Staatsschutz des Polizeipr\u00e4sidiums unter anderem die archivierten Akten der Staatsanwaltschaft M\u00fcnchen I und des Generalbundesanwalts aus; ferner vernahmen sie Zeugen aus dem Umfeld des verstorbenen Tatverd\u00e4chtigen.<\/p>\n<p>Als Ergebnis teilte die verfahrensf\u00fchrende Staatsanwaltschaft jetzt mit: Es spr\u00e4chen \u201ebelastbare Gr\u00fcnde f\u00fcr die T\u00e4terschaft\u201c des verstorbenen Verd\u00e4chtigen. Bei ihm soll es sich um einen zum Tatzeitpunkt 25 Jahre alten Deutschen gehandelt haben, der sich Anfang 1970 \u201eregelm\u00e4\u00dfig in der Gegend um das Wohnheim der Israelitischen Kultusgemeinde\u201c aufhielt. <\/p>\n<p>Am Abend des 13. Februar 1970 soll er in unmittelbarer Tatortn\u00e4he mit Blick auf das Haus in der Reichenbachstra\u00dfe 27 ge\u00e4u\u00dfert haben, dass \u201edie Juden alles h\u00e4tten\u201c und er \u201esie anz\u00fcnden\u201c wolle. Etwa 15 Minuten sp\u00e4ter seien Flammen aus dem Geb\u00e4ude geschlagen. Allerdings stammten diese Angaben ausschlie\u00dflich aus dritter Hand und wurden auch nur von Familienangeh\u00f6rigen \u201ebest\u00e4tigt\u201c. <\/p>\n<p>Die Generalstaatsanwaltschaft stellte zudem fest, dass der Tatverd\u00e4chtige seinerzeit dem \u201erechten Milieu\u201c zuzuordnen gewesen sei. Zeugen beschrieben ihn als \u201eAntisemiten mit einem ,Hitler-Tick\u2018\u201c, der zudem gewaltbereit war \u2013 in den 1960er Jahren hatte er zwei Telefonh\u00e4uschen in M\u00fcnchen mit Sprengstoff zerst\u00f6rt, wof\u00fcr er eine Jugendstrafe erhielt. Ein ehemaliger Mitsch\u00fcler erinnerte sich an ihn als an einen \u00fcberzeugten Antisemiten. \u201eEine Schulleiterin hob seine k\u00fchl berechnende, geltungss\u00fcchtige Art hervor und berichtete von einer k\u00f6rperlichen Auseinandersetzung, in deren Rahmen der Tatverd\u00e4chtige einen von seinem Vater geschenkten Dolch der Hitler-Jugend eingesetzt haben soll\u201c, hei\u00dft es in der Mitteilung der Generalstaatsanwaltschaft.<\/p>\n<p>Irgendwelche auch nur ansatzweise konkreten Beweise ergaben die Ermittlungen jedoch nicht. Auch \u201edas im Auftrag der Generalstaatsanwaltschaft durch die Operative Fallanalyse Bayern erstellte T\u00e4terprofil\u201c, das zu \u201edem verstorbenen Tatverd\u00e4chtigen\u201c passe, ist kein solcher Beweis. Nicht einmal das geringste Indiz weist zudem auf Hinterm\u00e4nner des Tatverd\u00e4chtigen hin. <\/p>\n<p>Weil gegen Verstorbene nicht strafrechtlich vorgegangen werden kann, hat die Generalstaatsanwaltschaft das Verfahren eingestellt. Ausdr\u00fccklich halten die M\u00fcnchner Juristen fest: \u201eEs gilt die (postmortale) Unschuldsvermutung.\u201c<\/p>\n<p>Das Vorgehen erinnert an einen anderen Terroranschlag eines rechtsextremen T\u00e4ters. Am 26. September 1980 explodierte dem 21-j\u00e4hrigen Gundolf K\u00f6hler vermutlich versehentlich eine selbst gebastelte Bombe, die er gerade am Ausgang des M\u00fcnchner Oktoberfestes legen wollte. Zw\u00f6lf Todesopfer (ohne den ebenfalls get\u00f6teten T\u00e4ter) und 231 Verletzte, davon 18 in Lebensgefahr, machten diese Gewalttat bis zum <a class=\"is-link c-block-items__link c-link--rich-text-renderer\" href=\"https:\/\/www.welt.de\/themen\/anis-amri\/\" data-internal-tracking-enabled=\"true\" data-internal-tracking=\"{&quot;action&quot;:&quot;click&quot;,&quot;label&quot;:&quot;link&quot;,&quot;name&quot;:&quot;Inline Element&quot;,&quot;data&quot;:{&quot;source&quot;:&quot;&quot;,&quot;target&quot;:&quot;https:\/\/www.welt.de\/themen\/anis-amri\/&quot;,&quot;trackingName&quot;:&quot;&quot;,&quot;trackingLabel&quot;:&quot;&quot;}}\" rel=\"nofollow noopener\" target=\"_blank\">Anschlag auf den Berliner Weihnachtsmarkt 2016<\/a> mit 13 Toten und mindestens 67, teilweise Schwerverletzten zum schlimmsten terroristischen Verbrechen in Deutschland.<\/p>\n<p>K\u00f6hler hatte nachweislich Verbindungen in rechtsextreme Kreise, unter anderem zur verbotenen <a class=\"is-link c-block-items__link c-link--rich-text-renderer\" href=\"https:\/\/www.welt.de\/geschichte\/article195455449\/Walter-Luebcke-Seit-1945-toeteten-Rechtsextremisten-fast-200-Menschen.html\" data-internal-tracking-enabled=\"true\" data-internal-tracking=\"{&quot;action&quot;:&quot;click&quot;,&quot;label&quot;:&quot;link&quot;,&quot;name&quot;:&quot;Inline Element&quot;,&quot;data&quot;:{&quot;source&quot;:&quot;&quot;,&quot;target&quot;:&quot;https:\/\/www.welt.de\/geschichte\/article195455449\/Walter-Luebcke-Seit-1945-toeteten-Rechtsextremisten-fast-200-Menschen.html&quot;,&quot;trackingName&quot;:&quot;&quot;,&quot;trackingLabel&quot;:&quot;&quot;}}\" rel=\"nofollow noopener\" target=\"_blank\">Wehrsportgruppe Hoffmann<\/a> um einen bekennenden Neonazi. Jedoch gab es keinerlei Indizien f\u00fcr Hinterm\u00e4nner bei diesem Anschlag. Linke Politiker und Medien behaupteten das trotzdem alle paar Jahre wieder. Mehrfach wurde neu ermittelt, etwa 2014 aufgrund einer \u00e4u\u00dferst vagen Erinnerung einer Zeugin \u2013 und jedes Mal wurde ergebnislos eingestellt. <\/p>\n<p>Im Fall Reichenbachstra\u00dfe gibt es durchaus Indizien, die auf andere T\u00e4ter hinwiesen, entweder aus dem arabisch-pal\u00e4stinensischen Milieu oder eben aus dem Linksextremismus. Ein rechtsextremer Einzelt\u00e4ter ist aber ebenfalls m\u00f6glich. Gekl\u00e4rt ist der Fall weiterhin nicht \u2013 und wird das wohl auch nicht mehr.<\/p>\n<p><a class=\"is-link c-block-items__link c-link--rich-text-renderer\" href=\"https:\/\/www.welt.de\/autor\/sven-felix-kellerhoff\/\" data-internal-tracking-enabled=\"true\" data-internal-tracking=\"{&quot;action&quot;:&quot;click&quot;,&quot;label&quot;:&quot;link&quot;,&quot;name&quot;:&quot;Inline Element&quot;,&quot;data&quot;:{&quot;source&quot;:&quot;&quot;,&quot;target&quot;:&quot;https:\/\/www.welt.de\/autor\/sven-felix-kellerhoff\/&quot;,&quot;trackingName&quot;:&quot;&quot;,&quot;trackingLabel&quot;:&quot;&quot;}}\" rel=\"nofollow noopener\" target=\"_blank\"><b>Sven Felix Kellerhoff<\/b><\/a><b> ist Leitender Redakteur bei WELTGeschichte. Er befasst sich seit mehr als 30 Jahren mit Terrorismus und politisch motivierter Gewalt, ob nun von rechts oder links. Zu seinen B\u00fcchern dar\u00fcber z\u00e4hlen \u201e<\/b><a class=\"is-link c-block-items__link is-external c-link--rich-text-renderer\" href=\"https:\/\/d-nb.info\/96770765X\" target=\"_blank\" title=\"Link wird in einem neuen Tab ge\u00f6ffnet\" rel=\"nofollow noopener\" data-internal-tracking-enabled=\"true\" data-internal-tracking=\"{&quot;action&quot;:&quot;click&quot;,&quot;label&quot;:&quot;link&quot;,&quot;name&quot;:&quot;Inline Element&quot;,&quot;data&quot;:{&quot;source&quot;:&quot;&quot;,&quot;target&quot;:&quot;https:\/\/d-nb.info\/96770765X&quot;,&quot;trackingName&quot;:&quot;&quot;,&quot;trackingLabel&quot;:&quot;&quot;}}\"><b>Attent\u00e4ter. Mit einer Kugel die Welt ver\u00e4ndern<\/b><\/a><b>\u201c und \u201e<\/b><a class=\"is-link c-block-items__link is-external c-link--rich-text-renderer\" href=\"https:\/\/www.klett-cotta.de\/produkt\/sven-felix-kellerhoff-eine-kurze-geschichte-der-raf-9783608982213-t-4981\" rel=\"nofollow noopener\" data-internal-tracking-enabled=\"true\" data-internal-tracking=\"{&quot;action&quot;:&quot;click&quot;,&quot;label&quot;:&quot;link&quot;,&quot;name&quot;:&quot;Inline Element&quot;,&quot;data&quot;:{&quot;source&quot;:&quot;&quot;,&quot;target&quot;:&quot;https:\/\/www.klett-cotta.de\/produkt\/sven-felix-kellerhoff-eine-kurze-geschichte-der-raf-9783608982213-t-4981&quot;,&quot;trackingName&quot;:&quot;&quot;,&quot;trackingLabel&quot;:&quot;&quot;}}\" target=\"_blank\"><b>Eine kurze Geschichte der RAF\u201c<\/b><\/a><b>.<\/b><\/p>\n","protected":false},"excerpt":{"rendered":"Bei der Brandstiftung im Altenheim der Israelitischen Kultusgemeinde M\u00fcnchen am 13. Februar 1970 starben sieben Menschen, darunter zwei&hellip;\n","protected":false},"author":2,"featured_media":1250780,"comment_status":"","ping_status":"","sticky":false,"template":"","format":"standard","meta":{"footnotes":"","_share_on_mastodon":"0"},"categories":[5],"tags":[712,57014,1000,13,12623,1268,14,15,770,12,45,10,8,9,11],"class_list":["post-1250779","post","type-post","status-publish","format-standard","has-post-thumbnail","category-nachrichten","tag-antisemitismus","tag-antisemitismus-ks","tag-gewalt","tag-headlines","tag-linksextremismus","tag-muenchen","tag-nachrichten","tag-news","tag-rechtsextremismus","tag-schlagzeilen","tag-texttospeech","tag-top-news","tag-top-meldungen","tag-topmeldungen","tag-topnews"],"share_on_mastodon":{"url":"","error":""},"_links":{"self":[{"href":"https:\/\/www.europesays.com\/de\/wp-json\/wp\/v2\/posts\/1250779","targetHints":{"allow":["GET"]}}],"collection":[{"href":"https:\/\/www.europesays.com\/de\/wp-json\/wp\/v2\/posts"}],"about":[{"href":"https:\/\/www.europesays.com\/de\/wp-json\/wp\/v2\/types\/post"}],"author":[{"embeddable":true,"href":"https:\/\/www.europesays.com\/de\/wp-json\/wp\/v2\/users\/2"}],"replies":[{"embeddable":true,"href":"https:\/\/www.europesays.com\/de\/wp-json\/wp\/v2\/comments?post=1250779"}],"version-history":[{"count":0,"href":"https:\/\/www.europesays.com\/de\/wp-json\/wp\/v2\/posts\/1250779\/revisions"}],"wp:featuredmedia":[{"embeddable":true,"href":"https:\/\/www.europesays.com\/de\/wp-json\/wp\/v2\/media\/1250780"}],"wp:attachment":[{"href":"https:\/\/www.europesays.com\/de\/wp-json\/wp\/v2\/media?parent=1250779"}],"wp:term":[{"taxonomy":"category","embeddable":true,"href":"https:\/\/www.europesays.com\/de\/wp-json\/wp\/v2\/categories?post=1250779"},{"taxonomy":"post_tag","embeddable":true,"href":"https:\/\/www.europesays.com\/de\/wp-json\/wp\/v2\/tags?post=1250779"}],"curies":[{"name":"wp","href":"https:\/\/api.w.org\/{rel}","templated":true}]}}