{"id":1250811,"date":"2026-08-21T07:28:21","date_gmt":"2026-08-21T07:28:21","guid":{"rendered":"https:\/\/www.europesays.com\/de\/1250811\/"},"modified":"2026-08-21T07:28:21","modified_gmt":"2026-08-21T07:28:21","slug":"schwebebahn-beworfen-scheibe-zerbricht-nrw","status":"publish","type":"post","link":"https:\/\/www.europesays.com\/de\/1250811\/","title":{"rendered":"Schwebebahn beworfen \u2013 Scheibe zerbricht | NRW"},"content":{"rendered":"<p>Die Wuppertaler Schwebebahn wird mutma\u00dflich mit Steinen beworfen. Bis jetzt konnten die beiden beobachteten Jugendlichen nicht gefasst werden. Es gibt keine Verletzten.<\/p>\n<p id=\"absatz1\" class=\"em_text\">Die Schwebebahn in Wuppertal ist mutma\u00dflich mit Steinen beworfen worden. Dabei zersprang eine Scheibe. Am Donnerstagabend musste die Schwebebahn zwischen den Haltestellen Adlerbr\u00fccke und Alter Markt stoppen, nachdem sie attackiert worden war, wie ein Polizeisprecher mitteilte. Zuvor hatte der WDR berichtet.<\/p>\n<p id=\"absatz2\" class=\"em_text\">Ob tats\u00e4chlich Steine geworfen wurden, konnte bislang nicht festgestellt werden. Die mutma\u00dflichen Tatgegenst\u00e4nde wurden nach Angaben der Polizei bisher nicht sichergestellt. Bei dem Vorfall wurden zwei m\u00e4nnliche Jugendliche beobachtet. Sie konnten bislang nicht gefasst werden. Die Schwebebahn fuhr nach der Attacke noch bis zur n\u00e4chsten Haltestelle, wo die Fahrg\u00e4ste aussteigen konnten. Verletzt wurde niemand. Die Polizei ermittelt und die H\u00f6he des Sachschadens ist noch unklar.<\/p>\n<p id=\"absatz4\" class=\"em_text\">Bereits im Oktober vergangenen Jahres waren Steine auf eine Schwebebahn geworfen worden. Ein damals 13-J\u00e4hriger hatte die Tat sp\u00e4ter zugegeben. <\/p>\n","protected":false},"excerpt":{"rendered":"Die Wuppertaler Schwebebahn wird mutma\u00dflich mit Steinen beworfen. Bis jetzt konnten die beiden beobachteten Jugendlichen nicht gefasst werden.&hellip;\n","protected":false},"author":2,"featured_media":1250812,"comment_status":"","ping_status":"","sticky":false,"template":"","format":"standard","meta":{"footnotes":"","_share_on_mastodon":"0"},"categories":[1840],"tags":[25707,3364,29,30,1209,121,17128,225,4418,92032],"class_list":["post-1250811","post","type-post","status-publish","format-standard","has-post-thumbnail","category-wuppertal","tag-adlerbruecke","tag-de","tag-deutschland","tag-germany","tag-nordrhein-westfalen","tag-polizei","tag-schwebebahn","tag-wdr","tag-wuppertal","tag-wuppertaler-schwebebahn"],"share_on_mastodon":{"url":"https:\/\/pubeurope.com\/@de\/117132322854071902","error":""},"_links":{"self":[{"href":"https:\/\/www.europesays.com\/de\/wp-json\/wp\/v2\/posts\/1250811","targetHints":{"allow":["GET"]}}],"collection":[{"href":"https:\/\/www.europesays.com\/de\/wp-json\/wp\/v2\/posts"}],"about":[{"href":"https:\/\/www.europesays.com\/de\/wp-json\/wp\/v2\/types\/post"}],"author":[{"embeddable":true,"href":"https:\/\/www.europesays.com\/de\/wp-json\/wp\/v2\/users\/2"}],"replies":[{"embeddable":true,"href":"https:\/\/www.europesays.com\/de\/wp-json\/wp\/v2\/comments?post=1250811"}],"version-history":[{"count":0,"href":"https:\/\/www.europesays.com\/de\/wp-json\/wp\/v2\/posts\/1250811\/revisions"}],"wp:featuredmedia":[{"embeddable":true,"href":"https:\/\/www.europesays.com\/de\/wp-json\/wp\/v2\/media\/1250812"}],"wp:attachment":[{"href":"https:\/\/www.europesays.com\/de\/wp-json\/wp\/v2\/media?parent=1250811"}],"wp:term":[{"taxonomy":"category","embeddable":true,"href":"https:\/\/www.europesays.com\/de\/wp-json\/wp\/v2\/categories?post=1250811"},{"taxonomy":"post_tag","embeddable":true,"href":"https:\/\/www.europesays.com\/de\/wp-json\/wp\/v2\/tags?post=1250811"}],"curies":[{"name":"wp","href":"https:\/\/api.w.org\/{rel}","templated":true}]}}