{"id":1250859,"date":"2026-08-21T08:04:14","date_gmt":"2026-08-21T08:04:14","guid":{"rendered":"https:\/\/www.europesays.com\/de\/1250859\/"},"modified":"2026-08-21T08:04:14","modified_gmt":"2026-08-21T08:04:14","slug":"pol-hb-nr-0550-ich-moechte-ins-gefaengnis-ich-moechte-nicht-ueber-los","status":"publish","type":"post","link":"https:\/\/www.europesays.com\/de\/1250859\/","title":{"rendered":"POL-HB: Nr.: 0550 &#8211;&#8222;Ich m\u00f6chte ins Gef\u00e4ngnis, ich m\u00f6chte nicht \u00fcber Los&#8220;&#8211;"},"content":{"rendered":"<p class=\"date\">21.08.2026 \u2013 09:27<\/p>\n<p class=\"customer\">\n                        <a class=\"story-customer\" title=\"weiter zum newsroom von Polizei Bremen\" href=\"https:\/\/www.presseportal.de\/blaulicht\/nr\/35235\" rel=\"nofollow noopener\" target=\"_blank\">Polizei Bremen<\/a>\n                    <\/p>\n<p><a data-category=\"citylink-story-view\" data-action=\"click\" data-label=\"Citylink in Meldungsansicht\" class=\"story-city event-trigger\" href=\"https:\/\/www.presseportal.de\/regional\/Bremen\" title=\"News aus Bremen \" rel=\"nofollow noopener\" target=\"_blank\">Bremen<\/a> (ots)<\/p>\n<p>   -Ort: \tBremen-Walle, OT Hohweg<br \/>\nZeit: \t20.08.26, 21 Uhr<\/p>\n<p>Ein 80 Jahre alter Mann setzte am Donnerstagabend in Walle zwei von ihm gepachtete Parzellen in Brand. Verletzt wurde niemand. Der mutma\u00dfliche Brandleger konnte noch vor Ort von Einsatzkr\u00e4ften gestellt werden. Seine Erkl\u00e4rung f\u00fcr die Tat sorgte allerdings f\u00fcr Erstaunen.<\/p>\n<p>Feuerwehr und Polizei wurden am Abend zu zwei brennenden Parzellen in Walle gerufen. W\u00e4hrend die Feuerwehr die L\u00f6scharbeiten \u00fcbernahm, trafen Polizisten vor Ort auf den 80 Jahre alten P\u00e4chter der beiden Grundst\u00fccke.<\/p>\n<p>Der Senior r\u00e4umte gegen\u00fcber den Einsatzkr\u00e4ften ein, die Br\u00e4nde selbst gelegt zu haben. Als Grund gab er an, dass er die Parzellen k\u00fcnftig nicht mehr nutzen d\u00fcrfe. Damit nicht genug: Nach eigenen Angaben verfolgte der 80-J\u00e4hrige mit der Brandstiftung noch ein weiteres, durchaus ungew\u00f6hnliches Ziel &#8211; er wolle ins Gef\u00e4ngnis.<\/p>\n<p>So einfach wie beim Monopoly sollte sich der direkte Weg dorthin allerdings nicht gestalten. Dem ausdr\u00fccklich ge\u00e4u\u00dferten Wunsch des Seniors nach einer Unterbringung in der Justizvollzugsanstalt konnten die Einsatzkr\u00e4fte mangels vorliegender Haftgr\u00fcnde nicht entsprechen. Ob der 80-J\u00e4hrige mit dem Ausgang des Abends zufrieden war, ist nicht \u00fcberliefert. Fest steht: Br\u00e4nde vors\u00e4tzlich zu legen, kann erhebliche Gefahren f\u00fcr Menschen und Sachwerte verursachen &#8211; auch wenn die Beweggr\u00fcnde in diesem Fall durchaus ungew\u00f6hnlich waren.<\/p>\n<p class=\"contact-headline\">R\u00fcckfragen bitte an:<\/p>\n<p class=\"contact-text\">Pressestelle Polizei Bremen<br \/>Pressestelle<br \/>Nils Matthiesen<br \/>Telefon: 0421 361-12114<br \/><a target=\"_blank\" class=\"uri-ext outbound\" rel=\"noopener nofollow\" href=\"http:\/\/www.polizei.bremen.de\">http:\/\/www.polizei.bremen.de<\/a><br \/><a target=\"_blank\" class=\"uri-ext outbound\" rel=\"noopener nofollow\" href=\"http:\/\/www.polizei-beratung.de\">http:\/\/www.polizei-beratung.de<\/a><\/p>\n<p class=\"originator\">Original-Content von: Polizei Bremen, \u00fcbermittelt durch news aktuell<\/p>\n","protected":false},"excerpt":{"rendered":"21.08.2026 \u2013 09:27 Polizei Bremen Bremen (ots) -Ort: Bremen-Walle, OT Hohweg Zeit: 20.08.26, 21 Uhr Ein 80 Jahre&hellip;\n","protected":false},"author":2,"featured_media":1184682,"comment_status":"","ping_status":"","sticky":false,"template":"","format":"standard","meta":{"footnotes":"","_share_on_mastodon":"0"},"categories":[1824],"tags":[2420,3364,29,30,7309,177,5404,121,178,180,179,181],"class_list":["post-1250859","post","type-post","status-publish","format-standard","has-post-thumbnail","category-bremen","tag-bremen","tag-de","tag-deutschland","tag-germany","tag-hb","tag-kriminalitt","tag-ni","tag-polizei","tag-presse","tag-pressemeldung","tag-pressemitteilung","tag-pressemitteilungen"],"share_on_mastodon":{"url":"https:\/\/pubeurope.com\/@de\/117132464447962516","error":""},"_links":{"self":[{"href":"https:\/\/www.europesays.com\/de\/wp-json\/wp\/v2\/posts\/1250859","targetHints":{"allow":["GET"]}}],"collection":[{"href":"https:\/\/www.europesays.com\/de\/wp-json\/wp\/v2\/posts"}],"about":[{"href":"https:\/\/www.europesays.com\/de\/wp-json\/wp\/v2\/types\/post"}],"author":[{"embeddable":true,"href":"https:\/\/www.europesays.com\/de\/wp-json\/wp\/v2\/users\/2"}],"replies":[{"embeddable":true,"href":"https:\/\/www.europesays.com\/de\/wp-json\/wp\/v2\/comments?post=1250859"}],"version-history":[{"count":0,"href":"https:\/\/www.europesays.com\/de\/wp-json\/wp\/v2\/posts\/1250859\/revisions"}],"wp:featuredmedia":[{"embeddable":true,"href":"https:\/\/www.europesays.com\/de\/wp-json\/wp\/v2\/media\/1184682"}],"wp:attachment":[{"href":"https:\/\/www.europesays.com\/de\/wp-json\/wp\/v2\/media?parent=1250859"}],"wp:term":[{"taxonomy":"category","embeddable":true,"href":"https:\/\/www.europesays.com\/de\/wp-json\/wp\/v2\/categories?post=1250859"},{"taxonomy":"post_tag","embeddable":true,"href":"https:\/\/www.europesays.com\/de\/wp-json\/wp\/v2\/tags?post=1250859"}],"curies":[{"name":"wp","href":"https:\/\/api.w.org\/{rel}","templated":true}]}}